{"id":186441,"date":"2026-03-06T11:59:34","date_gmt":"2026-03-06T11:59:34","guid":{"rendered":"https:\/\/www.mujerhoy.com\/vivir\/ocio\/setenil-bodegas-pueblo-blanco-cadiz-calles-cubiertas-rocas-arte-mudejar-20260306121907-nt.html"},"modified":"2026-03-06T11:59:34","modified_gmt":"2026-03-06T11:59:34","slug":"el-pueblo-blanco-mas-especial-de-cadiz-tiene-calles-cubiertas-por-rocas-y-un-edificio-mudejar-unico-en-la-provincia","status":"publish","type":"post","link":"http:\/\/cordobainforma.info\/index.php\/2026\/03\/06\/el-pueblo-blanco-mas-especial-de-cadiz-tiene-calles-cubiertas-por-rocas-y-un-edificio-mudejar-unico-en-la-provincia\/","title":{"rendered":"El Pueblo Blanco m\u00e1s especial de C\u00e1diz tiene calles cubiertas por rocas y un edificio mud\u00e9jar \u00fanico en la provincia"},"content":{"rendered":"<div class=\"media_block\"><\/div>\n<p><!-- AUTHOR --><\/p>\n<div class=\"voc-author-timesocial \">\n<!-- AUTHOR --><\/p>\n<div class=\"voc-author-timesocial__signature \">\n<!-- IMAGE AUTHOR -->\n<picture class=\"voc-image-signature\">\n<img class=\"voc-image-signature__img\" src=\"http:\/\/cordobainforma.info\/wp-content\/uploads\/2026\/03\/el-pueblo-blanco-mas-especial-de-cadiz-tiene-calles-cubiertas-por-rocas-y-un-edificio-mudejar-unico-en-la-provincia.jpg\" alt=\"Elena Romero Vargas\">\n<\/picture>\n<!-- INFO AUTHOR --> <\/div><\/div>\n<p><!-- COMPONENTS --><\/p>\n<p class=\"voc-paragraph\">La provincia de <strong>C\u00e1diz <\/strong>presume de acoger muchos de los rincones m\u00e1s bellos de Espa\u00f1a. Mientras que algunos est\u00e1n<a href=\"https:\/\/www.mujerhoy.com\/vivir\/ocio\/sanlucar-barrameda-cadiz-playa-carrera-caballos-castillo-bodegas-20250617165647-nt.html\" data-voc-vtm-id=\"in-text-traffic\" title=\" ba\u00f1ados por el Atl\u00e1ntico\" data-mrf-link=\"www.mujerhoy.com\"> ba\u00f1ados por el Atl\u00e1ntico<\/a>, otros ponen al servicio de turistas y locales paisajes de ensue\u00f1o marcados por la <strong>influencia serrana<\/strong>, donde un entorno natural presidido por la monta\u00f1a hace de tel\u00f3n de fondo perfecto a siglos de arquitectura tradicional y costumbres \u00fanicas que se convierten en la se\u00f1a de identidad de estos lugares y que justifican con creces la fama m\u00e1s que merecida del encanto gaditano.<\/p>\n<p class=\"voc-paragraph\">Dentro de esos rincones \u00fanicos de la provincia andaluza, merecen una menci\u00f3n especial los <strong>Pueblos Blancos<\/strong>, un conjunto de localidades situada al noreste de C\u00e1diz que se caracteriza por sus casas encaladas de blanco y sus callejuelas estrechas y empinadas que conservan a la perfecci\u00f3n la esencia del legado andalus\u00ed tan caracter\u00edstico de la regi\u00f3n. Lo que empez\u00f3 como un recurso para combatir las altas temperaturas de la zona ha terminado convirti\u00e9ndose en <a href=\"https:\/\/www.mujerhoy.com\/vivir\/ocio\/olvera-pueblo-blanco-cadiz-escapada-invierno-castillo-nazari-20251129112755-nt.html\" data-voc-vtm-id=\"in-text-traffic\" title=\"uno de los reclamos tur\u00edsticos m\u00e1s populares de Andaluc\u00eda\" data-mrf-link=\"www.mujerhoy.com\">uno de los reclamos tur\u00edsticos m\u00e1s populares de Andaluc\u00eda<\/a>, y no solo por la curiosa estampa que consiguen, tambi\u00e9n por el legado hist\u00f3rico y cultural que podemos encontrar en cada uno de los pueblos que componen esta ruta.<\/p>\n<div class=\"v-c-cmp v-c-cmp--t1 \">\n<div class=\"v-cmp-rld v-cmp-rld--2 \">\n<div class=\"v-cnt-m v-cnt-m--m\">\n<div class=\"v-cnt-m__c\">\n<div class=\"v-cnt-m__w v-cnt-m__w--1\">\n<p class=\"v-cnt-m__t\">\nTAMBI\u00c9N TE INTERESA\n<\/p>\n<\/div>\n<\/div>\n<\/div>\n<div class=\"v-g v-g--2-c v-g--bdr-min-xs\">\n<div class=\"v-g__c \">\n<article class=\"v-a v-a--cmp-rld v-a--cmp-rld-2 v-a--p-l\">\n<div class=\"v-a-img-c\">\n<figure class=\"v-a-fig\">\n<a href=\"https:\/\/www.mujerhoy.com\/vivir\/ocio\/balcones-cadiz-mejores-atardeceres-beach-club-calachica-spa-puente-diciembre-20251115110640-nt.html#vtm_modulosEngag=mod-rel:vivir:noticia:1:cmp:2-not\" class=\"v-a-link\" title=\"Estos son los mejores balcones para ver los cuatro atardeceres m\u00e1s bonitos de C\u00e1diz: desde el beach Calachica al relajante spa Punta Paloma\"><br \/>\n<img loading=\"lazy\" class=\"v-a-img\" src=\"http:\/\/cordobainforma.info\/wp-content\/uploads\/2026\/03\/el-pueblo-blanco-mas-especial-de-cadiz-tiene-calles-cubiertas-por-rocas-y-un-edificio-mudejar-unico-en-la-provincia-1.jpg\" alt=\"Estos son los mejores balcones para ver los cuatro atardeceres m\u00e1s bonitos de C\u00e1diz: desde el beach Calachica al relajante spa Punta Paloma\"><br \/>\n<\/a><br \/>\n<\/figure>\n<\/div>\n<\/article>\n<\/div>\n<div class=\"v-g__c \">\n<article class=\"v-a v-a--cmp-rld v-a--cmp-rld-2 v-a--p-l\">\n<div class=\"v-a-img-c\">\n<figure class=\"v-a-fig\">\n<a href=\"https:\/\/www.mujerhoy.com\/vivir\/ocio\/vejer-de-la-frontera-cadiz-pueblo-blanco-verano-festival-jazz-20250625124741-nt.html#vtm_modulosEngag=mod-rel:vivir:noticia:2:cmp:2-not\" class=\"v-a-link\" title=\"Este es el pueblo de C\u00e1diz perfecto para una escapada de verano: casa blancas, at\u00fan rojo y el festival de jazz m\u00e1s especial\"><br \/>\n<img loading=\"lazy\" class=\"v-a-img\" src=\"http:\/\/cordobainforma.info\/wp-content\/uploads\/2026\/03\/el-pueblo-blanco-mas-especial-de-cadiz-tiene-calles-cubiertas-por-rocas-y-un-edificio-mudejar-unico-en-la-provincia-2.jpg\" alt=\"Este es el pueblo de C\u00e1diz perfecto para una escapada de verano: casa blancas, at\u00fan rojo y el festival de jazz m\u00e1s especial\"><br \/>\n<\/a><br \/>\n<\/figure>\n<\/div>\n<\/article>\n<\/div>\n<\/div>\n<\/div>\n<\/div>\n<p class=\"voc-paragraph\">Entre todas las <a href=\"https:\/\/www.mujerhoy.com\/vivir\/ocio\/parador-mas-bonito-andalucia-arcos-frontera-pueblos-blancos-viaje-barato-20250410074915-nt.html\" data-voc-vtm-id=\"in-text-traffic\" title=\"localidades que conforman los Pueblos Blancos\" data-mrf-link=\"www.mujerhoy.com\">localidades que conforman los Pueblos Blancos<\/a>, hoy queremos hablarte de una con una particularidad que marca la diferencia y que explica por qu\u00e9 este pueblo se ha convertido en uno de los favoritos de los visitantes que se acercan a \u00e9l. Hablamos de <strong>Setenil de las Bodegas<\/strong>, el pueblo gaditano que crece en el tajo formado por el r\u00edo Guadalporc\u00fan con un dise\u00f1o urbano marcado por la orograf\u00eda y con casas que parecen estar talladas en las propias rocas, logrando un paisaje tan bonito como inusual.<\/p>\n<p class=\"voc-paragraph\">La curiosidad es, quiz\u00e1s, el principal atractivo por el que Setenil de las Bodegas es famoso en todo el mundo. Pero lo peculiar de este pueblo <strong>empieza ya desde su nombre<\/strong>, que ubica su origen en la Edad Media. Durante el dominio musulm\u00e1n, Setenil de las Bodegas fue un importante enclave estrat\u00e9gico muy preciado. Tanto, que fueron hasta un total de siete intentos los que se llevaron a cabo para tratar de conquistar su castillo. De esos siete intentos nulos &#8211; <strong>septem nihil<\/strong> en lat\u00edn &#8211; deriva, seg\u00fan cuentan, el nombre de Setenil por el que hoy lo conocemos.<\/p>\n<div class=\"v-c-cmp v-c-cmp--s\">\n<div class=\"v-cmp-m \">\n<article class=\"v-a v-a--cmp-m v-c-cmp--m-z\">\n<div class=\"v-a-img-c \">\n<div class=\"v-a-fig\">\n<button class=\"v-a-link\" popovertarget=\"photo-314\"><br \/>\n<img loading=\"lazy\" src=\"http:\/\/cordobainforma.info\/wp-content\/uploads\/2026\/03\/el-pueblo-blanco-mas-especial-de-cadiz-tiene-calles-cubiertas-por-rocas-y-un-edificio-mudejar-unico-en-la-provincia-3.jpg\" class=\"v-a-img\" width=\"650\" height=\"650\" alt=\"Setenil de las Bodegas, C\u00e1diz\" data-voc-vtm-id=\"in-text-traffic\"> <\/button><figcaption class=\"v-fc\">\n<span class=\"v-fc__t\"><br \/>\nSetenil de las Bodegas, C\u00e1diz<br \/>\n<\/span><br \/>\n<span class=\"v-fc__p\"><br \/>\nPexels<br \/>\n<\/span><br \/>\n<\/figcaption><\/div>\n<\/div>\n<div id=\"photo-314\" popover class=\"v-mdl v-mdl--fw\">\n<button class=\"v-x\" popovertarget=\"photo-314\" popovertargetaction=\"hide\"><br \/>\n<span class=\"v-i\"><br \/>\n<svg width=\"24\" height=\"23.996\" viewBox=\"0 0 24 23.996\">\n<path data-name=\"Uni\u00f3n 29\" d=\"M12,14.03,2.031,24,0,21.963,9.968,12,0,2.033,2.031,0,12,9.966,21.969,0,24,2.033,14.032,12,24,21.963,21.969,24Z\" \/>\n<\/svg><br \/>\n<\/span><br \/>\n<\/button><\/p>\n<div class=\"v-mdl__c\">\n<div class=\"v-mdl__w\">\n<img loading=\"lazy\" src=\"http:\/\/cordobainforma.info\/wp-content\/uploads\/2026\/03\/el-pueblo-blanco-mas-especial-de-cadiz-tiene-calles-cubiertas-por-rocas-y-un-edificio-mudejar-unico-en-la-provincia-3.jpg\" class=\"v-mdl__img-z\" width=\"650\" height=\"650\" alt>\n<\/div>\n<\/div>\n<\/div>\n<p><span class=\"v-bdp\"><\/span><br \/>\n<\/article>\n<\/div>\n<\/div>\n<p class=\"voc-paragraph\">La otra parte del nombre del pueblo se asocia a la importancia de la <strong>tradici\u00f3n vin\u00edcola<\/strong> en el pueblo. Durante d\u00e9cadas, el vino ha sido una de sus principales se\u00f1as de identidad, de ah\u00ed que se a\u00f1adiese \u00abde las bodegas\u00bb a su nombre. Aunque la comercializaci\u00f3n del vino fuese cayendo con los a\u00f1os, este producto forma parte del ADN de Setenil de las Bodegas tal y como se hace presente en su nombre y en su gastronom\u00eda, muy marcada por el cultivo local.<\/p>\n<p><h3 class=\"v-cmp-suh\">\nTodo lo que tienes por descubrir en Setenil de las Bodegas<br \/>\n<\/h3>\n<\/p>\n<p class=\"voc-paragraph\">Lo fundamental para conocer el por qu\u00e9 del encanto y la fama de Setenil de las Bodegas es <strong>pasear sus calles<\/strong>. Tan sencillo como aventurarte y observar c\u00f3mo la naturaleza ha sido la mejor arquitecta para dise\u00f1ar tremendo espect\u00e1culo visual que los a\u00f1os han sabido aprovechar tan bien hasta convertirlo en el rinc\u00f3n de ensue\u00f1o andaluz que es hoy.<\/p>\n<p class=\"voc-paragraph\">Dos de sus calles m\u00e1s populares son la <strong>Calle Cuevas del Sol y la Calle Cuevas de la Sombra<\/strong>, ambas situadas en la parte baja del pueblo. Estos dos emblemas de Setenil destacan por ser v\u00edas cubiertas por enormes rocas que hacen las veces de techado y que ayudan a crear una atm\u00f3sfera \u00fanica que se puede disfrutar en cualquier \u00e9poca del a\u00f1o.<\/p>\n<div class=\"v-c-cmp v-c-cmp--s\">\n<div class=\"v-cmp-m \">\n<article class=\"v-a v-a--cmp-m v-c-cmp--m-z\">\n<div class=\"v-a-img-c \">\n<div class=\"v-a-fig\">\n<button class=\"v-a-link\" popovertarget=\"photo-521\"><br \/>\n<img loading=\"lazy\" src=\"http:\/\/cordobainforma.info\/wp-content\/uploads\/2026\/03\/el-pueblo-blanco-mas-especial-de-cadiz-tiene-calles-cubiertas-por-rocas-y-un-edificio-mudejar-unico-en-la-provincia-4.jpg\" class=\"v-a-img\" width=\"650\" height=\"650\" alt=\"Calle de Setenil de las Bodegas, C\u00e1diz\" data-voc-vtm-id=\"in-text-traffic\"> <\/button><figcaption class=\"v-fc\">\n<span class=\"v-fc__t\"><br \/>\nCalle de Setenil de las Bodegas, C\u00e1diz<br \/>\n<\/span><br \/>\n<span class=\"v-fc__p\"><br \/>\nServidor web Turismo Setenil de las Bodegas<br \/>\n<\/span><br \/>\n<\/figcaption><\/div>\n<\/div>\n<div id=\"photo-521\" popover class=\"v-mdl v-mdl--fw\">\n<button class=\"v-x\" popovertarget=\"photo-521\" popovertargetaction=\"hide\"><br \/>\n<span class=\"v-i\"><br \/>\n<svg width=\"24\" height=\"23.996\" viewBox=\"0 0 24 23.996\">\n<path data-name=\"Uni\u00f3n 29\" d=\"M12,14.03,2.031,24,0,21.963,9.968,12,0,2.033,2.031,0,12,9.966,21.969,0,24,2.033,14.032,12,24,21.963,21.969,24Z\" \/>\n<\/svg><br \/>\n<\/span><br \/>\n<\/button><\/p>\n<div class=\"v-mdl__c\">\n<div class=\"v-mdl__w\">\n<img loading=\"lazy\" src=\"http:\/\/cordobainforma.info\/wp-content\/uploads\/2026\/03\/el-pueblo-blanco-mas-especial-de-cadiz-tiene-calles-cubiertas-por-rocas-y-un-edificio-mudejar-unico-en-la-provincia-4.jpg\" class=\"v-mdl__img-z\" width=\"650\" height=\"650\" alt>\n<\/div>\n<\/div>\n<\/div>\n<p><span class=\"v-bdp\"><\/span><br \/>\n<\/article>\n<\/div>\n<\/div>\n<p class=\"voc-paragraph\">Pero Setenil de las Bodegas tambi\u00e9n sorprende con edificios antiguos que cuentan su historia y que son el mejor testimonio de su legado. En la parte alta del pueblo se ubican <strong>el castillo y el torre\u00f3n nazar\u00ed<\/strong>, ambos perteneciente a la antigua fortaleza levantada entre los siglos XII y XIII y entorno a la cual se construy\u00f3 buena parte de la antigua villa medieval que es el germen del actual Setenil. Aunque es cierto que mucho de lo que queda de ello son ruinas, el torre\u00f3n que a\u00fan sigue en pie es tambi\u00e9n uno de los mejores miradores de la zona desde el cual es posible apreciar la belleza de este pueblo y sus alrededores desde las alturas.<\/p>\n<p class=\"voc-paragraph\">De la \u00e9poca medieval sobresalen tambi\u00e9n edificios religiosos como la <strong>iglesia de Nuestra Se\u00f1ora de la Encarnaci\u00f3n<\/strong>, construida entre los siglos XV y XVI. De vol\u00famenes m\u00e1s que llamativos, esta iglesia se levant\u00f3 sobre una antigua mezquita mayor y en ella conviven diversos estilos art\u00edsticos como el g\u00f3tico o el renacentista, s\u00edmbolo de lla importancia de la \u00e9poca en la zona y de la influencia del arte como veh\u00edculo de transmisi\u00f3n de la historia.<\/p>\n<p class=\"voc-paragraph\">Pero si hay un edificio hist\u00f3rico verdaderamente singular en Setenil de las Bodagas, esa es su <strong>Antigua Casa Consistorial<\/strong>, sede de la actual Oficina de Turismo de Setenil. Este edificio data del siglo XVI y destaca por un detalle \u00fanico en su interior: el artesonado mud\u00e9jar que lo decora y que es \u00fanico en la provincia de C\u00e1diz, donde ning\u00fan otro edificio cuenta con ornamentaciones de esta \u00e9poca y motivo por el cual Setenil de las Bodegas se sit\u00faa en el mapa, tambi\u00e9n, por particularidades art\u00edsticas como esta que le confieren un halo de magia y belleza a\u00fan m\u00e1s especial.<\/p>\n<div class=\"v-c-cmp v-c-cmp--t1 \">\n<div class=\"v-cmp-rld v-cmp-rld--2 \">\n<div class=\"v-cnt-m v-cnt-m--m\">\n<div class=\"v-cnt-m__c\">\n<div class=\"v-cnt-m__w v-cnt-m__w--1\">\n<p class=\"v-cnt-m__t\">\nNO TE PIERDAS\n<\/p>\n<\/div>\n<\/div>\n<\/div>\n<div class=\"v-g v-g--2-c v-g--bdr-min-xs\">\n<div class=\"v-g__c \">\n<article class=\"v-a v-a--cmp-rld v-a--cmp-rld-2 v-a--p-l\">\n<div class=\"v-a-img-c\">\n<figure class=\"v-a-fig\">\n<a href=\"https:\/\/www.mujerhoy.com\/vivir\/ocio\/algodonales-pueblo-blanco-cadiz-perfecto-vacaciones-20250823110352-nt.html#vtm_modulosEngag=mod-rel:vivir:noticia:1:cmp:2-not\" class=\"v-a-link\" title=\"El desconocido pueblo blanco de C\u00e1diz para redondear tus vacaciones: doce fuentes, encantadoras calles con naranjos y altos vuelos en parapente\"><br \/>\n<img loading=\"lazy\" class=\"v-a-img\" src=\"http:\/\/cordobainforma.info\/wp-content\/uploads\/2026\/03\/el-pueblo-blanco-mas-especial-de-cadiz-tiene-calles-cubiertas-por-rocas-y-un-edificio-mudejar-unico-en-la-provincia-5.jpg\" alt=\"El desconocido pueblo blanco de C\u00e1diz para redondear tus vacaciones: doce fuentes, encantadoras calles con naranjos y altos vuelos en parapente\"><br \/>\n<\/a><br \/>\n<\/figure>\n<\/div>\n<\/article>\n<\/div>\n<div class=\"v-g__c \">\n<article class=\"v-a v-a--cmp-rld v-a--cmp-rld-2 v-a--p-l\">\n<div class=\"v-a-img-c\">\n<figure class=\"v-a-fig\">\n<a href=\"https:\/\/www.mujerhoy.com\/vivir\/ocio\/sancti-petri-chiclana-cadiz-playa-templo-fenicio-castillo-puesta-sol-20250916125311-nt.html#vtm_modulosEngag=mod-rel:vivir:noticia:2:cmp:2-not\" class=\"v-a-link\" title=\"El destino para alargar tu verano es este pueblo de C\u00e1diz con un templo fenicio y las mejores puestas de sol\"><br \/>\n<img loading=\"lazy\" class=\"v-a-img\" src=\"http:\/\/cordobainforma.info\/wp-content\/uploads\/2026\/03\/el-pueblo-blanco-mas-especial-de-cadiz-tiene-calles-cubiertas-por-rocas-y-un-edificio-mudejar-unico-en-la-provincia-6.jpg\" alt=\"El destino para alargar tu verano es este pueblo de C\u00e1diz con un templo fenicio y las mejores puestas de sol\"><br \/>\n<\/a><br \/>\n<\/figure>\n<\/div>\n<\/article>\n<\/div>\n<\/div>\n<\/div>\n<\/div>\n","protected":false},"excerpt":{"rendered":"<p>La provincia de C\u00e1diz presume de acoger muchos de los rincones m\u00e1s bellos de Espa\u00f1a. Mientras que algunos est\u00e1n ba\u00f1ados por el Atl\u00e1ntico, otros ponen al servicio de turistas y locales paisajes de ensue\u00f1o marcados por la influencia serrana, donde un entorno natural presidido por la monta\u00f1a hace de tel\u00f3n de fondo perfecto a siglos [&hellip;]<\/p>\n","protected":false},"author":1,"featured_media":186442,"comment_status":"open","ping_status":"closed","sticky":false,"template":"","format":"standard","meta":[],"categories":[18],"tags":[],"_links":{"self":[{"href":"http:\/\/cordobainforma.info\/index.php\/wp-json\/wp\/v2\/posts\/186441"}],"collection":[{"href":"http:\/\/cordobainforma.info\/index.php\/wp-json\/wp\/v2\/posts"}],"about":[{"href":"http:\/\/cordobainforma.info\/index.php\/wp-json\/wp\/v2\/types\/post"}],"author":[{"embeddable":true,"href":"http:\/\/cordobainforma.info\/index.php\/wp-json\/wp\/v2\/users\/1"}],"replies":[{"embeddable":true,"href":"http:\/\/cordobainforma.info\/index.php\/wp-json\/wp\/v2\/comments?post=186441"}],"version-history":[{"count":0,"href":"http:\/\/cordobainforma.info\/index.php\/wp-json\/wp\/v2\/posts\/186441\/revisions"}],"wp:featuredmedia":[{"embeddable":true,"href":"http:\/\/cordobainforma.info\/index.php\/wp-json\/wp\/v2\/media\/186442"}],"wp:attachment":[{"href":"http:\/\/cordobainforma.info\/index.php\/wp-json\/wp\/v2\/media?parent=186441"}],"wp:term":[{"taxonomy":"category","embeddable":true,"href":"http:\/\/cordobainforma.info\/index.php\/wp-json\/wp\/v2\/categories?post=186441"},{"taxonomy":"post_tag","embeddable":true,"href":"http:\/\/cordobainforma.info\/index.php\/wp-json\/wp\/v2\/tags?post=186441"}],"curies":[{"name":"wp","href":"https:\/\/api.w.org\/{rel}","templated":true}]}}