{"id":186428,"date":"2026-03-07T00:56:50","date_gmt":"2026-03-07T00:56:50","guid":{"rendered":"http:\/\/cordobainforma.info\/index.php\/2026\/03\/07\/con-juan-bautista-mahiques-en-justicia-karina-fracturo-el-triangulo-de-hierro\/"},"modified":"2026-03-07T00:56:50","modified_gmt":"2026-03-07T00:56:50","slug":"con-juan-bautista-mahiques-en-justicia-karina-fracturo-el-triangulo-de-hierro","status":"publish","type":"post","link":"http:\/\/cordobainforma.info\/index.php\/2026\/03\/07\/con-juan-bautista-mahiques-en-justicia-karina-fracturo-el-triangulo-de-hierro\/","title":{"rendered":"Con Juan Bautista Mahiques en Justicia, Karina fractur\u00f3 el \u201ctri\u00e1ngulo de hierro\u201d"},"content":{"rendered":"<div class=\"media_block\"><\/div>\n<div><img src=\"http:\/\/cordobainforma.info\/wp-content\/uploads\/2026\/03\/con-juan-bautista-mahiques-en-justicia-karina-fracturo-el-triangulo-de-hierro.jpg\" class=\"ff-og-image-inserted\"><\/div>\n<p><strong>\u201cEl tri\u00e1ngulo de hierro\u201d ya no existe m\u00e1s.<\/strong> La secretaria general de la Presidencia, <strong>Karina Milei<\/strong>, avanz\u00f3 acorde con su plan. Ya lo ten\u00eda orquestado. Desde octubre pasado cuando le pidi\u00f3 al saliente ministro Mariano C\u00faneo Libarona que no renunciase, que esperase, comenz\u00f3 un lento pero persistente trabajo que deriv\u00f3 en lo que se desencaden\u00f3 a partir del mi\u00e9rcoles:<strong> reuni\u00f3n en Olivos del presidente Javier Milei con C\u00faneo, Karina y el jefe de Gabinete, Manuel Adorni<\/strong>. Agradecimiento al saliente y anuncio de que el nuevo ministro ya estaba designado, el jefe de los fiscales porte\u00f1os, <strong>Juan Bautista Mahiques<\/strong>.<\/p>\n<p><strong>\u201cKarina me llam\u00f3 para ser ministro\u201d<\/strong>, declar\u00f3 este viernes en LN+ el flamante funcionario, <a target=\"_blank\" href=\"https:\/\/www.perfil.com\/noticias\/politica\/javier-milei-toma-juramento-al-nuevo-ministro-de-justicia-juan-bautista-mahiques.phtml\" rel=\"noopener noreferrer\">que jur\u00f3 el jueves en Casa Rosada.<\/a><\/p>\n<p>En vano fueron los intentos del asesor <strong>Santiago Caputo<\/strong> de resistir la embestida. Hasta minutos antes del anuncio entend\u00eda que el recambio ministerial llegar\u00eda al regreso del Presidente desde Estados Unidos. O al menos eso dejaba trascender. Hasta momentos antes de que Mahiques sea designado, Caputo empujaba para que ese lugar quede para <strong>Guillermo Montenegro<\/strong>, con quien el asesor y su brazo en la Justicia, <strong>Sebasti\u00e1n Amerio<\/strong>, tienen un excelente v\u00ednculo.<\/p>\n<div class=\"subscription\" readability=\"6.683257918552\">\n<p> Esto no les gusta a los autoritarios <\/p>\n<div class=\"subscription__container\" readability=\"6.1467391304348\">\n<div class=\"subscription__text-wrapper\" readability=\"31.20652173913\">\n<p> El ejercicio del periodismo profesional y cr\u00edtico es un pilar fundamental de la democracia. Por eso molesta a quienes creen ser los due\u00f1os de la verdad. <\/p>\n<\/p><\/div><\/div><\/div>\n<h2>La trama que llev\u00f3 a Mahiques-Viola<\/h2>\n<p>La secuencia que deriv\u00f3 en el arribo del exjefe de los fiscales porte\u00f1os al ministerio de Justicia comenz\u00f3 el mi\u00e9rcoles por la ma\u00f1ana, cuando el mandatario le acept\u00f3 la renuncia a C\u00faneo. Contin\u00fao por la tarde cuando el letrado visit\u00f3 la Casa Rosada, se reuni\u00f3 con Karina y con Adorni. All\u00ed comenz\u00f3 a urdirse la salida de Amerio como<strong> \u201cprenda de unidad\u201d.<\/strong><\/p>\n<p>El mi\u00e9rcoles por la noche ya estaba tomada la decisi\u00f3n de ofrecerle la Procuraci\u00f3n del Tesoro a Amerio. Milei se reuni\u00f3 con su asesor en Olivos el jueves por la ma\u00f1ana cuando le transmiti\u00f3 la propuesta para su amigo y hasta entonces n\u00famero 2 del Ministerio. En el mediod\u00eda del jueves tuvo lugar la jura, en donde el Presidente dej\u00f3 ver su abrazo contenedor para con Caputo, el v\u00e9rtice del \u201ctri\u00e1ngulo de hierro\u201d m\u00e1s debilitado y que podr\u00eda continuar perdiendo funciones.<\/p>\n<p><strong>El evento fue breve.<\/strong> Sin mayores estridencias. Pese a ello, <strong>qued\u00f3 claro que quien lleva las riendas del Gobierno era Karina<\/strong>. Ingres\u00f3 con un leve trote instantes antes de que Milei y Mahiques ingresasen en el Sal\u00f3n Blanco, se ubic\u00f3 en primera fila y desde all\u00ed contempl\u00f3 lo que le llev\u00f3 meses de trabajo.<\/p>\n<p><strong>Hubo s\u00ed, un fr\u00edo beso con el asesor<\/strong>. Al clan Menem, representado por Mart\u00edn, \u201cLule\u201d y Sharif, se lo vio distendido y sonriente.<\/p>\n<p>Tambi\u00e9n estuvo el padre del ministro flamante, <strong>Carlos \u201cCoco\u201d Mahiques<\/strong>, un camarista de la Casaci\u00f3n Penal a quien se le atribuye haber estado en una quinta perteneciente a dirigentes de la Asociaci\u00f3n del F\u00fatbol Argentino (AFA). Karina y \u201cCoco\u201d se fotografiaron.<\/p>\n<p>La llegada al Ministerio trae aparejado todo un recambio de la c\u00fapula del \u00e1rea. Santiago Viola tomar\u00e1 el rol de n\u00famero 2 del ministerio, es decir a cargo de la diaria la cartera. Adem\u00e1s ser\u00e1 representante ante el Consejo de la Magistratura por parte del PEN. Un rol clave. Por ahora,el nuevo ministro dej\u00f3 en claro que el Presidente no tiene vocaci\u00f3n de avanzar en el nombramiento de los pliegos para la Corte Suprema, un dato para nada menor.<\/p>\n<p><strong>Daniel V\u00edtolo<\/strong>, ex titular de la Inspecci\u00f3n General de Justicia (IGJ), present\u00f3 este viernes por la ma\u00f1ana la renuncia y ser\u00e1 reemplazado por Alejandro Ram\u00edrez.<\/p>\n<p>Otros casilleros tambi\u00e9n deber\u00e1n ser completados: la Unidad de Investigaci\u00f3n Financiera (UIF), que lleva la relaci\u00f3n con el GAFI, y la Oficina Anticorrupci\u00f3n (OA), cargo que ser\u00e1 para la jueza de la Ciudad,<strong> Gabriela Zangaro.<\/strong><\/p>\n<p>Las miradas se posan ahora sobre Karina y sobre su eventual decisi\u00f3n (o no) de avanzar sobre otras prerrogativas de Caputo. El manejo de la Secretaria de Inteligencia del Estado (SIDE) y de ARCA. Por ahora no hay movimientos que lo indiquen. En el ente recaudatorio hay algunos jefes territoriales en las provincias, que se suponen fueron pedidos de los Menem. Por el manejo a trav\u00e9s de Andr\u00e9s V\u00e1zquez, por ahora contin\u00faa siendo de Caputo. <\/p>\n<p><strong>El camino de Karina para acaparar cada vez m\u00e1s funciones no es nuevo.<\/strong> Vienen gest\u00e1ndose desde el a\u00f1o pasado, cuando puso en la mira varias de las \u00e1reas ministeriales. La salida de Guillermo Francos es una de ellas; Karina se asegur\u00f3 con la llegada de Adorni a la jefatura de la administraci\u00f3n del Estado el control sobre buena parte del manejo de la gesti\u00f3n. Adem\u00e1s, prolong\u00f3 con el mismo equipo de comunicaci\u00f3n y Javier Lanari su maneja del \u00e1rea de la comunicaci\u00f3n oficial.<\/p>\n<p>Otro de los puntos clave del avance de Karina durante el 2025 fue la llegada de <strong>Carlos Alberto Presti al ministerio de Defensa<\/strong>. Fue casi una transacci\u00f3n con el ahora diputado Luis Petri. El mendocino no solo dej\u00f3 la cartera para encabezar una lista legislativa, sino que tambi\u00e9n se afili\u00f3 a La Libertad Avanza (LLA) y no reclam\u00f3 nada sobre el ministerio que dejaba atr\u00e1s. <strong>Luciana Carrasco, su jefa de Gabinete, no lo sucedi\u00f3, y se tuvo que ir.<\/strong><\/p>\n<p>La llegada de Presti cont\u00f3 con el aval de Karina. Pese a tener que pedir \u201clicencia\u201d en su grado de militar. Formalidades que en el universo libertario no interesan.<\/p>\n<p>Otro de los casilleros que gan\u00f3 Karina es el del Ministerio del Interior,<strong> el que conduce Diego Santilli<\/strong>. R\u00e1pido de reflejos y hombre experimentado en la pol\u00edtica, el \u201cColo\u201d comprendi\u00f3 r\u00e1pidamente que un buen v\u00ednculo con Karina no solo lo har\u00eda sobrevivir en el Gabinete, sino que hasta tal vez acceder a una candidatura bonaerense en 2027.<\/p>\n","protected":false},"excerpt":{"rendered":"<p>\u201cEl tri\u00e1ngulo de hierro\u201d ya no existe m\u00e1s. La secretaria general de la Presidencia, Karina Milei, avanz\u00f3 acorde con su plan. Ya lo ten\u00eda orquestado. Desde octubre pasado cuando le pidi\u00f3 al saliente ministro Mariano C\u00faneo Libarona que no renunciase, que esperase, comenz\u00f3 un lento pero persistente trabajo que deriv\u00f3 en lo que se desencaden\u00f3 [&hellip;]<\/p>\n","protected":false},"author":1,"featured_media":186429,"comment_status":"closed","ping_status":"closed","sticky":false,"template":"","format":"standard","meta":[],"categories":[2],"tags":[],"_links":{"self":[{"href":"http:\/\/cordobainforma.info\/index.php\/wp-json\/wp\/v2\/posts\/186428"}],"collection":[{"href":"http:\/\/cordobainforma.info\/index.php\/wp-json\/wp\/v2\/posts"}],"about":[{"href":"http:\/\/cordobainforma.info\/index.php\/wp-json\/wp\/v2\/types\/post"}],"author":[{"embeddable":true,"href":"http:\/\/cordobainforma.info\/index.php\/wp-json\/wp\/v2\/users\/1"}],"replies":[{"embeddable":true,"href":"http:\/\/cordobainforma.info\/index.php\/wp-json\/wp\/v2\/comments?post=186428"}],"version-history":[{"count":0,"href":"http:\/\/cordobainforma.info\/index.php\/wp-json\/wp\/v2\/posts\/186428\/revisions"}],"wp:featuredmedia":[{"embeddable":true,"href":"http:\/\/cordobainforma.info\/index.php\/wp-json\/wp\/v2\/media\/186429"}],"wp:attachment":[{"href":"http:\/\/cordobainforma.info\/index.php\/wp-json\/wp\/v2\/media?parent=186428"}],"wp:term":[{"taxonomy":"category","embeddable":true,"href":"http:\/\/cordobainforma.info\/index.php\/wp-json\/wp\/v2\/categories?post=186428"},{"taxonomy":"post_tag","embeddable":true,"href":"http:\/\/cordobainforma.info\/index.php\/wp-json\/wp\/v2\/tags?post=186428"}],"curies":[{"name":"wp","href":"https:\/\/api.w.org\/{rel}","templated":true}]}}