{"id":186404,"date":"2026-03-06T23:09:56","date_gmt":"2026-03-06T23:09:56","guid":{"rendered":"http:\/\/cordobainforma.info\/index.php\/2026\/03\/06\/con-obras-y-nueva-infraestructura-avanza-la-recuperacion-del-emblematico-parque-del\/"},"modified":"2026-03-06T23:09:56","modified_gmt":"2026-03-06T23:09:56","slug":"con-obras-y-nueva-infraestructura-avanza-la-recuperacion-del-emblematico-parque-del","status":"publish","type":"post","link":"http:\/\/cordobainforma.info\/index.php\/2026\/03\/06\/con-obras-y-nueva-infraestructura-avanza-la-recuperacion-del-emblematico-parque-del\/","title":{"rendered":"Con obras y <b>nueva<\/b> infraestructura, avanza la recuperaci\u00f3n del emblem\u00e1tico Parque del &#8230;"},"content":{"rendered":"<p>El gobernador Mart\u00edn Llaryora, acompa\u00f1ado por el intendente Dami\u00e1n Bernarte, recorrieron las obras que el Gobierno de <b>C\u00f3rdoba<\/b> &#8230; <b>econom\u00eda<\/b> circular,&nbsp;&#8230; <\/p>\n","protected":false},"excerpt":{"rendered":"<p>El gobernador Mart\u00edn Llaryora, acompa\u00f1ado por el intendente Dami\u00e1n Bernarte, recorrieron las obras que el Gobierno de C\u00f3rdoba &#8230; econom\u00eda circular,&nbsp;&#8230;<\/p>\n","protected":false},"author":1,"featured_media":0,"comment_status":"closed","ping_status":"closed","sticky":false,"template":"","format":"standard","meta":[],"categories":[23],"tags":[],"_links":{"self":[{"href":"http:\/\/cordobainforma.info\/index.php\/wp-json\/wp\/v2\/posts\/186404"}],"collection":[{"href":"http:\/\/cordobainforma.info\/index.php\/wp-json\/wp\/v2\/posts"}],"about":[{"href":"http:\/\/cordobainforma.info\/index.php\/wp-json\/wp\/v2\/types\/post"}],"author":[{"embeddable":true,"href":"http:\/\/cordobainforma.info\/index.php\/wp-json\/wp\/v2\/users\/1"}],"replies":[{"embeddable":true,"href":"http:\/\/cordobainforma.info\/index.php\/wp-json\/wp\/v2\/comments?post=186404"}],"version-history":[{"count":0,"href":"http:\/\/cordobainforma.info\/index.php\/wp-json\/wp\/v2\/posts\/186404\/revisions"}],"wp:attachment":[{"href":"http:\/\/cordobainforma.info\/index.php\/wp-json\/wp\/v2\/media?parent=186404"}],"wp:term":[{"taxonomy":"category","embeddable":true,"href":"http:\/\/cordobainforma.info\/index.php\/wp-json\/wp\/v2\/categories?post=186404"},{"taxonomy":"post_tag","embeddable":true,"href":"http:\/\/cordobainforma.info\/index.php\/wp-json\/wp\/v2\/tags?post=186404"}],"curies":[{"name":"wp","href":"https:\/\/api.w.org\/{rel}","templated":true}]}}