{"id":186402,"date":"2026-03-06T22:06:39","date_gmt":"2026-03-06T22:06:39","guid":{"rendered":"https:\/\/www.clarin.com\/deportes\/boca-claudio-ubeda-recupera-alan-velasco-ahora-dificil-meta-equipo_0_dS7vJRdsOv.html"},"modified":"2026-03-06T22:06:39","modified_gmt":"2026-03-06T22:06:39","slug":"boca-claudio-ubeda-recupera-a-alan-velasco-pero-ahora-es-dificil-que-se-meta-en-el-equipo","status":"publish","type":"post","link":"http:\/\/cordobainforma.info\/index.php\/2026\/03\/06\/boca-claudio-ubeda-recupera-a-alan-velasco-pero-ahora-es-dificil-que-se-meta-en-el-equipo\/","title":{"rendered":"Boca: Claudio \u00dabeda recupera a Alan Velasco, pero ahora es dif\u00edcil que se meta en el equipo"},"content":{"rendered":"<p><img src=\"http:\/\/cordobainforma.info\/wp-content\/uploads\/2026\/03\/boca-claudio-ubeda-recupera-a-alan-velasco-pero-ahora-es-dificil-que-se-meta-en-el-equipo.jpg\"><\/p>\n<div><img src=\"http:\/\/cordobainforma.info\/wp-content\/uploads\/2026\/03\/boca-claudio-ubeda-recupera-a-alan-velasco-pero-ahora-es-dificil-que-se-meta-en-el-equipo-2.jpg\" class=\"ff-og-image-inserted\"><\/div>\n<div id=\"element-body-0\" readability=\"63\">\n<p><strong>Alan Velasco<\/strong> lleg\u00f3 a <strong>Boca<\/strong> en el inicio de 2025 y su primera gran escena en la Bombonera fue decepcionante con aquel penal que sentenci\u00f3 la suerte del equipo en la serie ante Alianza Lima. Tuvo un levantada clave sobre el cierre del a\u00f1o pasado, pero su solitario gol a Independiente Rivadavia de Mendoza parece muy poco redituable, sobre todo porque el club invirti\u00f3 en \u00e9l 10 millones de d\u00f3lares. Pero ahora,<strong> puede tener finalmente su esperada revancha.<\/strong><\/p>\n<\/div>\n<div id=\"element-body-1\" readability=\"62\">\n<p>En la primera fecha fue titular ante <strong>Deportivo Riestra<\/strong>, pero recibi\u00f3 una dura falta desde atr\u00e1s que le provoc\u00f3 un esguince de rodilla. Desde ese momento, Velasco est\u00e1 recuper\u00e1ndose de esa lesi\u00f3n y este viernes volvi\u00f3 a trabajar a la par de sus compa\u00f1eros en el entrenamiento del equipo que conduce <strong>Claudio \u00dabeda.<\/strong><\/p>\n<\/div>\n<div id=\"element-body-2\" readability=\"61\">\n<p>El Sif\u00f3n lo incluir\u00e1 en la lista de concentrados para recibir el pr\u00f3ximo mi\u00e9rcoles a San Lorenzo por la fecha 10 del Torneo Apertura. \u00bfTendr\u00e1 minutos? \u00bfPodr\u00e1 meterse en el equipo? Velasco deber\u00e1 hacer m\u00e9ritos si quiere recuperar un lugar en el once. <strong>La irrupci\u00f3n de Tom\u00e1s Aranda en Primera <\/strong>(7 partidos y primera titularidad ante Lan\u00fas) fue un b\u00e1lsamo para el equipo, que tras el 3-0 en La Fortaleza parece haberse puesto en marcha.<\/p>\n<\/div>\n<div id=\"element-body-4\" readability=\"62\">\n<p>Entonces, <em>c\u00f3mo har\u00e1 Velasco para recuperar la confianza y demostrar con la camiseta de Boca todo lo que se espera de \u00e9<\/em>l. Ahora se invirtieron los roles: <strong>Velasco corre desde atr\u00e1s al pibe Aranda<\/strong> y encima se meter\u00e1 en la disputa el<strong> Changuito Zeballos<\/strong>, que en tres o cuatro semanas estar\u00e1 totalmente recuperado de su desgarro y el DT querr\u00e1 tirarlo r\u00e1pido a la cancha.<\/p>\n<\/div>\n<div id=\"element-body-5\" readability=\"67\">\n<p>Para jugar con San Lorenzo, \u00dabeda no tocar\u00e1 al equipo y seguramente -y en caso de que no haya imponderables- repetir\u00e1 a los once que aplastaron a Lan\u00fas. Es decir <strong>Marches\u00edn; Weigandt, Di Lollo, Costa, Blanco; Ascacibar, Paredes, Delgado, Aranda; Merentiel y Bareiro<\/strong>. Pero para eso todav\u00eda falta.<\/p>\n<\/div>\n<div id=\"element-body-6\" readability=\"63\">\n<p>En el mientras tanto, \u00dabeda, con el cr\u00e9dito renovado intentar\u00e1 probar variantes en una semana en la que -tal vez por primera vez en el a\u00f1o- trabajar\u00e1 con la tranquilidad que le dio la goleada sobre el campe\u00f3n de la Copa Sudamericana y la Recopa. Y lo \u00fanico que \u00able falta\u00bb es probar a <strong>Dylan Gorosito<\/strong> en el lateral derecho por un Weigandt, el \u00fanico que desentona. Por ahora se lo toma con soda.<\/p>\n<\/div>\n","protected":false},"excerpt":{"rendered":"<p>Alan Velasco lleg\u00f3 a Boca en el inicio de 2025 y su primera gran escena en la Bombonera fue decepcionante con aquel penal que sentenci\u00f3 la suerte del equipo en la serie ante Alianza Lima. Tuvo un levantada clave sobre el cierre del a\u00f1o pasado, pero su solitario gol a Independiente Rivadavia de Mendoza parece [&hellip;]<\/p>\n","protected":false},"author":1,"featured_media":186403,"comment_status":"closed","ping_status":"closed","sticky":false,"template":"","format":"standard","meta":[],"categories":[20],"tags":[],"_links":{"self":[{"href":"http:\/\/cordobainforma.info\/index.php\/wp-json\/wp\/v2\/posts\/186402"}],"collection":[{"href":"http:\/\/cordobainforma.info\/index.php\/wp-json\/wp\/v2\/posts"}],"about":[{"href":"http:\/\/cordobainforma.info\/index.php\/wp-json\/wp\/v2\/types\/post"}],"author":[{"embeddable":true,"href":"http:\/\/cordobainforma.info\/index.php\/wp-json\/wp\/v2\/users\/1"}],"replies":[{"embeddable":true,"href":"http:\/\/cordobainforma.info\/index.php\/wp-json\/wp\/v2\/comments?post=186402"}],"version-history":[{"count":0,"href":"http:\/\/cordobainforma.info\/index.php\/wp-json\/wp\/v2\/posts\/186402\/revisions"}],"wp:featuredmedia":[{"embeddable":true,"href":"http:\/\/cordobainforma.info\/index.php\/wp-json\/wp\/v2\/media\/186403"}],"wp:attachment":[{"href":"http:\/\/cordobainforma.info\/index.php\/wp-json\/wp\/v2\/media?parent=186402"}],"wp:term":[{"taxonomy":"category","embeddable":true,"href":"http:\/\/cordobainforma.info\/index.php\/wp-json\/wp\/v2\/categories?post=186402"},{"taxonomy":"post_tag","embeddable":true,"href":"http:\/\/cordobainforma.info\/index.php\/wp-json\/wp\/v2\/tags?post=186402"}],"curies":[{"name":"wp","href":"https:\/\/api.w.org\/{rel}","templated":true}]}}