{"id":186400,"date":"2026-03-06T22:40:31","date_gmt":"2026-03-06T22:40:31","guid":{"rendered":"https:\/\/www.clarin.com\/deportes\/salida-comite-ejecutivo-river-pone-riesgo-vicepresidencia-afa-podria-perderla-mundial_0_jQsIOxSBOF.html"},"modified":"2026-03-06T22:40:31","modified_gmt":"2026-03-06T22:40:31","slug":"por-su-salida-del-comite-ejecutivo-river-pone-en-riesgo-su-vicepresidencia-en-afa-y-podria-perderla-antes-del-mundial","status":"publish","type":"post","link":"http:\/\/cordobainforma.info\/index.php\/2026\/03\/06\/por-su-salida-del-comite-ejecutivo-river-pone-en-riesgo-su-vicepresidencia-en-afa-y-podria-perderla-antes-del-mundial\/","title":{"rendered":"Por su salida del Comit\u00e9 Ejecutivo, River pone en riesgo su vicepresidencia en AFA y podr\u00eda perderla antes del Mundial"},"content":{"rendered":"<p><img src=\"http:\/\/cordobainforma.info\/wp-content\/uploads\/2026\/03\/por-su-salida-del-comite-ejecutivo-river-pone-en-riesgo-su-vicepresidencia-en-afa-y-podria-perderla-antes-del-mundial.jpg\"><\/p>\n<div class=\"sc-45461e9c-0 eqiBeF container-text text-embed \" id=\"element-body-0\" readability=\"61\">\n<p>La decisi\u00f3n que <strong>River<\/strong> tom\u00f3 respecto a su participaci\u00f3n en el Comit\u00e9 Ejecutivo de la Asociaci\u00f3n del F\u00fatbol Argentino (<strong>AFA<\/strong>) y que comunic\u00f3 a la opini\u00f3n p\u00fablica como una medida transitoria, puede terminar con la salida por tiempo indefinido si el club que preside <strong>Stefano Di Carlo<\/strong> pierde la vicepresidencia en Viamonte.<\/p>\n<\/div>\n<div class=\"sc-45461e9c-0 eqiBeF container-text text-embed \" id=\"element-body-1\" readability=\"65\">\n<p>La conducci\u00f3n de la AFA por parte de <strong>Claudio Tapia<\/strong> tuvo desde sus or\u00edgenes tres instituciones, con distintos matices, opositoras a la gesti\u00f3n: River, Talleres y Estudiantes. Luego de que <strong>La<\/strong> <strong>T<\/strong> <em>fumara la pipa de la paz <\/em>y el <strong>Pincha <\/strong>tomara en 2025 el rol de enemigo principal, el <strong>Millonario <\/strong>comenz\u00f3 2026 poni\u00e9ndose al frente de una disidencia que todav\u00eda no encontr\u00f3 respuesta por parte del Tesorero <strong>Pablo Toviggino<\/strong>, quien recoje el guante en la virtualidad cuando las rencillas trascienden lo interno.<\/p>\n<\/div>\n<div class=\"sc-45461e9c-0 eqiBeF container-text text-embed \" id=\"element-body-2\" readability=\"63\">\n<p>Distintas fuentes de la AFA consultadas por <strong>Clar\u00edn<\/strong> desconoc\u00edan si River hab\u00eda enviado al Comit\u00e9 Ejecutivo alg\u00fan escrito formal, renuncia, o el mismo comunicado que colg\u00f3 en sus redes sociales, en el que mencion\u00f3 la falta de <em>\u00abprocedimientos claros y previsibles\u00bb<\/em> por parte del cuerpo que tiene a Tapia como presidente.<\/p>\n<\/div>\n<div class=\"sc-45461e9c-0 eqiBeF container-text text-embed \" id=\"element-body-3\" readability=\"63\">\n<p><em>\u00abPor este motivo -y hasta tanto no se corrijan los mecanismos antes mencionados- el Club ha decidido no participar de las reuniones del Comit\u00e9 Ejecutivo de la Asociaci\u00f3n del F\u00fatbol Argentino\u00bb<\/em>, dice el comunicado con que River sent\u00f3 su posici\u00f3n, sin embargo la potestad del club para determinar su regreso no est\u00e1 plenamente en sus manos, sino que el estatuto establece ciertos l\u00edmites<\/p>\n<\/div>\n<div class=\"sc-45461e9c-0 eqiBeF container-text text-embed \" id=\"element-body-4\" readability=\"63\">\n<p>Existen disposiciones sobre vacancia \u00abpor inasistencia\u00bb y el incumplimiento de las obligaciones de los miembros est\u00e1n reguladas en el <strong><em>Art\u00edculo 35, apartado 11, inciso a<\/em><\/strong>, que establece que un cargo en el Comit\u00e9 Ejecutivo se considerar\u00e1 vacante <strong>si el miembro no asiste a cinco reuniones consecutivas en los \u00faltimos 12 meses<\/strong> o falta a doce reuniones alternadas en un a\u00f1o.<\/p>\n<\/div>\n<div class=\"sc-106e49c0-0 dcVumd freeHtml-embed undefined\" id=\"element-body-5\" readability=\"31.133144475921\">\n<blockquote class=\"twitter-tweet\" readability=\"11.563739376771\">\n<p lang=\"es\" dir=\"ltr\">COMUNICADO OFICIAL<\/p>\n<p>Ante la informaci\u00f3n que ha trascendido en las \u00faltimas horas, el Club Atl\u00e9tico River Plate desea dejar en claro ante sus socios, socias, hinchas y ante toda la comunidad del deporte su v\u00ednculo con la Asociaci\u00f3n del F\u00fatbol Argentino.<\/p>\n<p>Desde el a\u00f1o 2013, River\u2026 <a href=\"https:\/\/t.co\/HyHKl3oZte\">pic.twitter.com\/HyHKl3oZte<\/a><\/p>\n<p>\u2014 River Plate (@RiverPlate) <a href=\"https:\/\/twitter.com\/RiverPlate\/status\/2029657731913625860?ref_src=twsrc%5Etfw\">March 5, 2026<\/a><\/p><\/blockquote><\/div>\n<div class=\"sc-45461e9c-0 eqiBeF container-text text-embed \" id=\"element-body-6\" readability=\"62\">\n<p>Las reuniones de Comit\u00e9 Ejecutivo no son una constante. Hist\u00f3ricamente se desarrollaban cada martes en el tercer piso del edificio de Viamonte, pero la din\u00e1mica de los \u00faltimos a\u00f1os redujo ese tipo de reuniones y las espaci\u00f3 -generalmente- con un c\u00f3nclave en las oficinas de Ezeiza, en d\u00f3nde se somete a votaci\u00f3n las decisiones que tom\u00f3 en el d\u00eda a d\u00eda la <strong>Mesa Directiva<\/strong>.<\/p>\n<\/div>\n<div class=\"sc-45461e9c-0 eqiBeF container-text text-embed \" id=\"element-body-7\" readability=\"64\">\n<p>\u00bfQu\u00e9 es la mesa directiva? Nada menos que la mesa chica, pero formalizada y con lapicera, presidida por Tapia, Toviggino, <strong>Cristian Malaspina <\/strong>-titular de Argentinos y Secretario General del Comite Ejecutivo- y<strong> Gustavo Lorenzo<\/strong>, Director General de AFA.<\/p>\n<\/div>\n<div class=\"sc-45461e9c-0 eqiBeF container-text text-embed \" id=\"element-body-8\" readability=\"63\">\n<p>La \u00faltima reuni\u00f3n de Comit\u00e9 fue el primer lunes de este mes -se validaron de manera un\u00e1nime las decisiones tomadas por la mesa directiva- y si bien no hay una nueva convocatoria, probablemente la pr\u00f3xima sea luego del paro convocado por la AFA para este fin de semana y, sin duda, una antes del comienzo del Mundial en junio. Hasta entonces hay calendario para celebrar -si as\u00ed lo consideran las autoridades- una por semana como en la vieja \u00e9poca.<\/p>\n<\/div>\n<div class=\"sc-45461e9c-0 eqiBeF container-text text-embed \" id=\"element-body-9\" readability=\"62\">\n<p>La retirada voluntaria de River al Comit\u00e9 ser\u00e1 definitiva si<strong> Ignacio Villarroel <\/strong>-vice de River y en la misma posici\u00f3n en la AFA- no se presenta a las pr\u00f3ximas cinco reuniones. Cuando eso suceda, el club podr\u00eda designar un reemplazante -algo que no deber\u00eda ocurrir de acuerdo a la voluntad expresada en su comunicado-, o de lo contrario las autoridades designar\u00e1n a otro club.<\/p>\n<\/div>\n<div class=\"sc-98b114a2-0 bkqiHH image-embed image-embed \" id=\"element-body-10\"><picture class=\"sc-98b114a2-1 jRUlDm\"><source media=\"(min-width: 975px)\" width=\"720\" height=\"480\" srcset=\"http:\/\/cordobainforma.info\/wp-content\/uploads\/2026\/03\/por-su-salida-del-comite-ejecutivo-river-pone-en-riesgo-su-vicepresidencia-en-afa-y-podria-perderla-antes-del-mundial-2.jpg\"><img alt=\"Lo que contempla el estatuto de AFA para las ausencias de los miembros del comit\u00e9 ejectuvo.\" loading=\"eager\" width=\"720\" height=\"480\" decoding=\"async\" data-nimg=\"1\" src=\"http:\/\/cordobainforma.info\/wp-content\/uploads\/2026\/03\/por-su-salida-del-comite-ejecutivo-river-pone-en-riesgo-su-vicepresidencia-en-afa-y-podria-perderla-antes-del-mundial-2.jpg\"><span class=\"epigraphe\" aria-hidden=\"true\">Lo que contempla el estatuto de AFA para las ausencias de los miembros del comit\u00e9 ejectuvo.<\/span><span class=\"picture-open\"><button class=\"open-image\" aria-label=\"Open Image\"><\/button><\/span><\/picture><\/div>\n<div class=\"sc-45461e9c-0 eqiBeF container-text text-embed \" id=\"element-body-11\" readability=\"61\">\n<p>Eso le podr\u00eda abrir la puerta a <strong>Racing<\/strong>, cuyo presidente<strong> Diego Milito<\/strong> es el primer vocal titular. Las seis vicepresidencias que tiene la estructura de la AFA se reparten con un criterio escrito: cuatro representan a clubes de Primera, una a la B Nacional y otra al F\u00fatbol Federal. <\/p>\n<\/div>\n<div class=\"sc-45461e9c-0 eqiBeF container-text text-embed \" id=\"element-body-12\" readability=\"61\">\n<p>Si River es reemplazado, cuando el club decida volver tal vez no tenga a d\u00f3nde hacerlo. Su reincorporaci\u00f3n depender\u00e1 de los acuerdos pol\u00edticos y nada le garantizar\u00e1 recuperar la vicepresidencia que hoy ostenta, aunque se prive de ejercerla.<\/p>\n<\/div>\n<p><h2>Otros escenarios posibles para River<\/h2>\n<\/p>\n<div class=\"sc-45461e9c-0 eqiBeF container-text text-embed \" id=\"element-body-15\" readability=\"62\">\n<p>Como cualquier espacio pol\u00edtico, el de la AFA tiene momentos en los que las internas puede extremarse. La \u00faltima, encarnada en Marcelo Tinelli y Luis Segura, se extendi\u00f3 m\u00e1s de un a\u00f1o y no se ahorr\u00f3 puntos y comas de reglamentos y estatutos.<\/p>\n<\/div>\n<div class=\"sc-45461e9c-0 eqiBeF container-text text-embed \" id=\"element-body-16\" readability=\"61\">\n<p>Desde una perspectiva institucional, el anuncio oficial de River de no participar podr\u00eda encuadrarse como un <strong>incumplimiento de los deberes del miembro del Comit\u00e9 Ejecutivo. <\/strong>La estructura org\u00e1nica de la AFA se basa en la participaci\u00f3n de sus miembros en los \u00f3rganos de gobierno y hay castigos para las desobediencias.<\/p>\n<\/div>\n<div class=\"sc-45461e9c-0 eqiBeF container-text text-embed \" id=\"element-body-17\" readability=\"63\">\n<p>Por un lado, el mismo Comit\u00e9 Ejecutivo tiene la facultad de suspender con efecto inmediato a un miembro que incumpla gravemente sus obligaciones, aunque la medida que debe ser confirmada por la siguiente Asamblea. Dicho sea de paso, <strong>River no retir\u00f3 a su asamble\u00edsta y el club nunca vot\u00f3 a Tapia en las elecciones.<\/strong><\/p>\n<\/div>\n<div class=\"sc-45461e9c-0 eqiBeF container-text text-embed \" id=\"element-body-18\" readability=\"65\">\n<p>Otras de las medidas disciplinarias contempladas podr\u00eda involucrar al Tribunal de Disciplina y este podr\u00eda considerar esta actitud como una falta a los principios de \u00ablealtad\u00bb y \u00abdeportividad\u00bb, lo que facultar\u00eda la imposici\u00f3n de sanciones que van desde amonestaciones hasta la suspensi\u00f3n o multa, tal como ocurri\u00f3 con el titular de Estudiantes, <strong>Juan Sebasti\u00e1n Ver\u00f3n<\/strong>, y m\u00e1s atr\u00e1s con el de Talleres, <strong>Andr\u00e9s Fassi<\/strong>.<\/p>\n<\/div>\n<div class=\"sc-45461e9c-0 eqiBeF container-text text-embed \" id=\"element-body-19\" readability=\"63\">\n<p>De momento, River no fue festejado ni imitado por sus pares, ni la AFA se expidi\u00f3 tras el comunicado. La resoluci\u00f3n del tema se dar\u00e1 por la confirmaci\u00f3n de las ausencias de River, que tal vez considere oportuno retomar las reuniones antes de la quinta falta y evitar quedar definitivamente afuera. <\/p>\n<\/div>\n","protected":false},"excerpt":{"rendered":"<p>La decisi\u00f3n que River tom\u00f3 respecto a su participaci\u00f3n en el Comit\u00e9 Ejecutivo de la Asociaci\u00f3n del F\u00fatbol Argentino (AFA) y que comunic\u00f3 a la opini\u00f3n p\u00fablica como una medida transitoria, puede terminar con la salida por tiempo indefinido si el club que preside Stefano Di Carlo pierde la vicepresidencia en Viamonte. La conducci\u00f3n de [&hellip;]<\/p>\n","protected":false},"author":1,"featured_media":186401,"comment_status":"closed","ping_status":"closed","sticky":false,"template":"","format":"standard","meta":[],"categories":[20],"tags":[],"_links":{"self":[{"href":"http:\/\/cordobainforma.info\/index.php\/wp-json\/wp\/v2\/posts\/186400"}],"collection":[{"href":"http:\/\/cordobainforma.info\/index.php\/wp-json\/wp\/v2\/posts"}],"about":[{"href":"http:\/\/cordobainforma.info\/index.php\/wp-json\/wp\/v2\/types\/post"}],"author":[{"embeddable":true,"href":"http:\/\/cordobainforma.info\/index.php\/wp-json\/wp\/v2\/users\/1"}],"replies":[{"embeddable":true,"href":"http:\/\/cordobainforma.info\/index.php\/wp-json\/wp\/v2\/comments?post=186400"}],"version-history":[{"count":0,"href":"http:\/\/cordobainforma.info\/index.php\/wp-json\/wp\/v2\/posts\/186400\/revisions"}],"wp:featuredmedia":[{"embeddable":true,"href":"http:\/\/cordobainforma.info\/index.php\/wp-json\/wp\/v2\/media\/186401"}],"wp:attachment":[{"href":"http:\/\/cordobainforma.info\/index.php\/wp-json\/wp\/v2\/media?parent=186400"}],"wp:term":[{"taxonomy":"category","embeddable":true,"href":"http:\/\/cordobainforma.info\/index.php\/wp-json\/wp\/v2\/categories?post=186400"},{"taxonomy":"post_tag","embeddable":true,"href":"http:\/\/cordobainforma.info\/index.php\/wp-json\/wp\/v2\/tags?post=186400"}],"curies":[{"name":"wp","href":"https:\/\/api.w.org\/{rel}","templated":true}]}}