{"id":186398,"date":"2026-03-06T11:45:57","date_gmt":"2026-03-06T11:45:57","guid":{"rendered":"https:\/\/somoscordobeses.com\/2026\/03\/06\/la-junta-de-andalucia-convocara-por-fases-las-oposiciones-de-2026-para-la-administracion-general-saldran-2-500-plazas\/"},"modified":"2026-03-06T11:45:57","modified_gmt":"2026-03-06T11:45:57","slug":"la-junta-de-andalucia-convocara-por-fases-las-oposiciones-de-2026-para-la-administracion-general-saldran-2-500-plazas","status":"publish","type":"post","link":"http:\/\/cordobainforma.info\/index.php\/2026\/03\/06\/la-junta-de-andalucia-convocara-por-fases-las-oposiciones-de-2026-para-la-administracion-general-saldran-2-500-plazas\/","title":{"rendered":"La Junta de Andaluc\u00eda convocar\u00e1 por fases las oposiciones de 2026 para la Administraci\u00f3n General: saldr\u00e1n 2.500 plazas"},"content":{"rendered":"<div><img src=\"http:\/\/cordobainforma.info\/wp-content\/uploads\/2026\/03\/la-junta-de-andalucia-convocara-por-fases-las-oposiciones-de-2026-para-la-administracion-general-saldran-2-500-plazas.jpg\" class=\"ff-og-image-inserted\"><\/div>\n<p>Tras la convocatoria de las 410 plazas de promoci\u00f3n interna, la Consejer\u00eda de Funci\u00f3n P\u00fablica trabaja ya en las distintas convocatorias de plazas de la Administraci\u00f3n General de la Junta de Andaluc\u00eda. En total, se van a convocar al menos<strong> 2.566 plazas de turno libre <\/strong>correspondientes a la oferta p\u00fablica de empleo de 2025, una cifra a la que se a\u00f1adir\u00e1n algunas no cubiertas del proceso de 2024. Estas se suman a las plazas de profesorado ya convocadas y a las del Servicio Andaluz de Salud, previstas a lo largo del a\u00f1o. En total, saldr\u00e1n m\u00e1s de 20.000. <\/p>\n<p>Desde la Consejer\u00eda de Funci\u00f3n P\u00fablica confirman que las convocatorias de oposiciones se realizar\u00e1n durante este a\u00f1o 2026, aunque divididas en varios procedimientos y con fechas distintas. <strong>De esta forma, se ir\u00e1n aprobando a lo largo del a\u00f1o. Las primeras est\u00e1n previstas \u00abpr\u00f3ximamente\u00bb. <\/strong><\/p>\n<p>La oferta de empleo p\u00fablico de 2025, en la que se basar\u00e1n las oposiciones de la Administraci\u00f3n General est\u00e1 conformada por <strong>976 plazas de personal funcionario, 1.526 laborales y 64 de personal laboral indefinido no fijo<\/strong>. El 10% est\u00e1n reservadas para personas con discapacidad.<\/p>\n<h2>Estas son las principales plazas por categor\u00edas<\/h2>\n<p>Entre las 1.526 plazas de personal laboral, la mayor oferta corresponde a <strong>Personal de Servicios Generales<\/strong>, con <strong>310 plazas<\/strong>, seguida de <strong>Personal de Limpieza y Alojamiento<\/strong>, con <strong>286<\/strong>, y de <strong>Personal T\u00e9cnico en Integraci\u00f3n Social<\/strong>, con <strong>188<\/strong>. Tambi\u00e9n destacan <strong>Monitor Escolar<\/strong>, con <strong>151 plazas<\/strong>; <strong>Auxiliar de Cocina<\/strong>, con <strong>104<\/strong>; y dos categor\u00edas que alcanzan las <strong>89 plazas<\/strong> cada una: <strong>T\u00e9cnico Superior en Educaci\u00f3n Infantil<\/strong> y <strong>Personal Asistente en Restauraci\u00f3n<\/strong>.<\/p>\n<p>En el \u00e1mbito del <strong>personal funcionario<\/strong>, la categor\u00eda con m\u00e1s plazas es la del <strong>Cuerpo Administrativo<\/strong>, con <strong>216 plazas<\/strong>, seguida del <strong>Cuerpo Superior Facultativo<\/strong>, con <strong>173<\/strong>; el <strong>Cuerpo Superior de Administraci\u00f3n<\/strong>, con <strong>162<\/strong>; y el <strong>Cuerpo T\u00e9cnico Facultativo<\/strong>, con <strong>158<\/strong>. Por detr\u00e1s aparecen la especialidad de <strong>Administraci\u00f3n General del Cuerpo Superior de Administraci\u00f3n<\/strong>, con <strong>103 plazas<\/strong>; el <strong>Cuerpo de Gesti\u00f3n Administrativa<\/strong>, con <strong>82<\/strong>; y la especialidad de <strong>Administraci\u00f3n General del Cuerpo de Gesti\u00f3n Administrativa<\/strong>, con <strong>77<\/strong>.<\/p>\n<p>Dentro del bloque de <strong>personal laboral indefinido no fijo<\/strong>, la categor\u00eda con mayor oferta es tambi\u00e9n <strong>Personal de Servicios Generales<\/strong>, con <strong>12 plazas<\/strong>, seguida de <strong>T\u00e9cnico Superior en Educaci\u00f3n Infantil<\/strong>, con <strong>6<\/strong>; y de <strong>Personal T\u00e9cnico en Integraci\u00f3n Sociocultural<\/strong>, con <strong>4<\/strong>.<\/p>\n<h2>Convocatoria de promoci\u00f3n interna <\/h2>\n<p><strong>La&nbsp;Junta de Andaluc\u00eda&nbsp;ya ha convocado las oposiciones de promoci\u00f3n interna para el cuerpo de funcionarios con un total de 410 plazas<\/strong>. Los aspirantes podr\u00e1n&nbsp;<strong>presentar sus solicitudes desde este jueves 5 de marzo hasta el d\u00eda 18 del mismo mes<\/strong>.<\/p>\n<p>El total de 410 plazas ofertadas&nbsp;<strong>forma parte de un proceso de promoci\u00f3n interna&nbsp;<\/strong>para los funcionarios que ya se encuentren ejerciendo en la Junta de Andaluc\u00eda. En total, se lanzan&nbsp;<strong>108 plazas de superiores de administraci\u00f3n (A1), otras 150 de personal de gesti\u00f3n administrativa (A2) y 152 administrativos (C1)<\/strong>. Del total de plazas convocadas,<strong>&nbsp;se reservan un total de 36 para personas con discapacidad<\/strong>&nbsp;de grado igual o superior al 33%. Son 10 plazas para superiores de administraci\u00f3n, 13 destinadas a gesti\u00f3n administrativa y otras 13 para el cuerpo de administrativos.<\/p>\n","protected":false},"excerpt":{"rendered":"<p>Tras la convocatoria de las 410 plazas de promoci\u00f3n interna, la Consejer\u00eda de Funci\u00f3n P\u00fablica trabaja ya en las distintas convocatorias de plazas de la Administraci\u00f3n General de la Junta de Andaluc\u00eda. En total, se van a convocar al menos 2.566 plazas de turno libre correspondientes a la oferta p\u00fablica de empleo de 2025, una [&hellip;]<\/p>\n","protected":false},"author":1,"featured_media":186399,"comment_status":"closed","ping_status":"closed","sticky":false,"template":"","format":"standard","meta":[],"categories":[2],"tags":[],"_links":{"self":[{"href":"http:\/\/cordobainforma.info\/index.php\/wp-json\/wp\/v2\/posts\/186398"}],"collection":[{"href":"http:\/\/cordobainforma.info\/index.php\/wp-json\/wp\/v2\/posts"}],"about":[{"href":"http:\/\/cordobainforma.info\/index.php\/wp-json\/wp\/v2\/types\/post"}],"author":[{"embeddable":true,"href":"http:\/\/cordobainforma.info\/index.php\/wp-json\/wp\/v2\/users\/1"}],"replies":[{"embeddable":true,"href":"http:\/\/cordobainforma.info\/index.php\/wp-json\/wp\/v2\/comments?post=186398"}],"version-history":[{"count":0,"href":"http:\/\/cordobainforma.info\/index.php\/wp-json\/wp\/v2\/posts\/186398\/revisions"}],"wp:featuredmedia":[{"embeddable":true,"href":"http:\/\/cordobainforma.info\/index.php\/wp-json\/wp\/v2\/media\/186399"}],"wp:attachment":[{"href":"http:\/\/cordobainforma.info\/index.php\/wp-json\/wp\/v2\/media?parent=186398"}],"wp:term":[{"taxonomy":"category","embeddable":true,"href":"http:\/\/cordobainforma.info\/index.php\/wp-json\/wp\/v2\/categories?post=186398"},{"taxonomy":"post_tag","embeddable":true,"href":"http:\/\/cordobainforma.info\/index.php\/wp-json\/wp\/v2\/tags?post=186398"}],"curies":[{"name":"wp","href":"https:\/\/api.w.org\/{rel}","templated":true}]}}