{"id":186388,"date":"2026-03-05T12:53:30","date_gmt":"2026-03-05T12:53:30","guid":{"rendered":"https:\/\/www.mujerhoy.com\/vivir\/decoracion\/marta-ortega-entrenamiento-yoga-fitness-gimnasio-casa-coleccion-aparatos-zara-home-20260305115828-nt.html"},"modified":"2026-03-05T12:53:30","modified_gmt":"2026-03-05T12:53:30","slug":"asi-entrena-y-hace-yoga-marta-ortega-zara-home-lanza-una-coleccion-de-accesorios-fitness-preciosa-que-ya-tiene-lista-de-espera","status":"publish","type":"post","link":"http:\/\/cordobainforma.info\/index.php\/2026\/03\/05\/asi-entrena-y-hace-yoga-marta-ortega-zara-home-lanza-una-coleccion-de-accesorios-fitness-preciosa-que-ya-tiene-lista-de-espera\/","title":{"rendered":"As\u00ed entrena y hace yoga Marta Ortega: Zara Home lanza una colecci\u00f3n de accesorios fitness preciosa que ya tiene lista de espera"},"content":{"rendered":"<div class=\"media_block\"><\/div>\n<p><!-- AUTHOR --><\/p>\n<div class=\"voc-author-timesocial \">\n<!-- AUTHOR --><\/p>\n<div class=\"voc-author-timesocial__signature \">\n<!-- IMAGE AUTHOR -->\n<picture class=\"voc-image-signature\">\n<img class=\"voc-image-signature__img\" src=\"http:\/\/cordobainforma.info\/wp-content\/uploads\/2026\/03\/asi-entrena-y-hace-yoga-marta-ortega-zara-home-lanza-una-coleccion-de-accesorios-fitness-preciosa-que-ya-tiene-lista-de-espera.jpg\" alt=\"Ana Calvo\">\n<\/picture>\n<!-- INFO AUTHOR --><\/p>\n<div class=\"voc-author-timesocial__info\" data-mrf-recirculation=\"Autor\">\n<div class=\"voc-author-info\">\n<author><br \/>\n<a class=\"voc-author\" href=\"https:\/\/www.mujerhoy.com\/autor\/ana-calvo-1186.html\">Ana Calvo<\/a><br \/>\n<\/author><br \/>\n<!-- TIME --><br \/>\n<time datetime=\"2026-03-05T12:53:30Z\" data-timestamp><br \/>\nPublicado \u00b7 <span data-voc-date-modified-short> 5 de marzo de 2026, 13:53 h <\/span><br \/>\n<\/time>\n<\/div>\n<\/div>\n<\/div><\/div>\n<p><!-- COMPONENTS --><\/p>\n<p class=\"voc-paragraph\"><strong>Zara Home no deja de sorprendernos con sus novedades<\/strong>. La divisi\u00f3n deco de Inditex no podr\u00eda estar ejecutando mejor su estrategia est\u00e9tica desde que Marta Ortega est\u00e1 al frente de la compa\u00f1\u00eda y eso se refleja en cada una de las nuevas colecciones que lanza al mercado. Si lo \u00faltimo de <a href=\"https:\/\/www.mujerhoy.com\/vivir\/decoracion\/vincent-van-duysen-disenador-favorito-marta-ortega-coleccion-muebles-mas-bonita-historia-zara-home-20260120143052-nt.html\" data-voc-vtm-id=\"in-text-traffic\" title=\"Vincent van Duysen\">Vincent van Duysen<\/a> hizo que nos reenamor\u00e1ramos del lujo silencioso y su l\u00ednea <a href=\"https:\/\/www.mujerhoy.com\/vivir\/decoracion\/novedades-zara-home-marta-ortega-muebles-favoritos-estilo-retro-20260216135305-nt.html\" data-voc-vtm-id=\"in-text-traffic\" title=\"Metal Trend querer recuperar la est\u00e9tica de la Bauhaus\">Metal Trend querer recuperar la est\u00e9tica de la Bauhaus<\/a>, ahora parece que van a conseguir que deseemos <strong>tener un gimnasio en casa<\/strong>.<\/p>\n<p class=\"voc-paragraph\">Y es que quiz\u00e1 ese sea el gran valor de la marca ahora mismo: <a href=\"https:\/\/www.mujerhoy.com\/vivir\/decoracion\/zara-home-arrasa-manteles-bordados-abuela-20251215162719-nt.html\" data-voc-vtm-id=\"in-text-traffic\" title=\"transformar lo cotidiano en extraordinario\">transformar lo cotidiano en extraordinario<\/a> y convertirlo en objeto de deseo. Yo, que no piso un gimnasio desde que termin\u00e9 Bachillerato (fatal, fatal, lo s\u00e9), ahora quiero montar uno en casa con la <strong>nueva colecci\u00f3n de accesorios fitness de Zara Home<\/strong>. Simplemente porque es bonita. \u00bfAcaso la decoraci\u00f3n no busca, sobre todo, la belleza? <\/p>\n<div class=\"v-c-cmp v-c-cmp--t1 \">\n<div class=\"v-cmp-rld v-cmp-rld--2 \">\n<div class=\"v-cnt-m v-cnt-m--m\">\n<div class=\"v-cnt-m__c\">\n<div class=\"v-cnt-m__w v-cnt-m__w--1\">\n<p class=\"v-cnt-m__t\">\nTAMBI\u00c9N TE INTERESA\n<\/p>\n<\/div>\n<\/div>\n<\/div>\n<div class=\"v-g v-g--2-c v-g--bdr-min-xs\">\n<div class=\"v-g__c \">\n<article class=\"v-a v-a--cmp-rld v-a--cmp-rld-2 v-a--p-l\">\n<div class=\"v-a-img-c\">\n<figure class=\"v-a-fig\">\n<a href=\"https:\/\/www.mujerhoy.com\/vivir\/decoracion\/zara-home-lanza-nueva-coleccion-textiles-cojines-ropa-cama-favorita-madres-hijas-abuelas-20260127140521-nt.html#vtm_modulosEngag=mod-rel:vivir:noticia:1:cmp:2-not\" class=\"v-a-link\" title=\"Zara Home lanza una nueva colaboraci\u00f3n especial con los textiles que amar\u00e1n madres, hijas y abuelas\"><br \/>\n<img loading=\"lazy\" class=\"v-a-img\" src=\"http:\/\/cordobainforma.info\/wp-content\/uploads\/2026\/03\/asi-entrena-y-hace-yoga-marta-ortega-zara-home-lanza-una-coleccion-de-accesorios-fitness-preciosa-que-ya-tiene-lista-de-espera-1.jpg\" alt=\"Zara Home lanza una nueva colaboraci\u00f3n especial con los textiles que amar\u00e1n madres, hijas y abuelas\"><br \/>\n<\/a><br \/>\n<\/figure>\n<\/div>\n<\/article>\n<\/div>\n<div class=\"v-g__c \">\n<article class=\"v-a v-a--cmp-rld v-a--cmp-rld-2 v-a--p-l\">\n<div class=\"v-a-img-c\">\n<figure class=\"v-a-fig\">\n<a href=\"https:\/\/www.mujerhoy.com\/vivir\/decoracion\/kate-middleton-marta-ortega-unidas-preciosa-casa-campo-gales-decoracion-zara-home-20251021152334-nt.html#vtm_modulosEngag=mod-rel:vivir:noticia:2:cmp:2-not\" class=\"v-a-link\" title=\"La impresionante casa de campo en Gales que une a Kate Middleton y Marta Ortega\"><br \/>\n<img loading=\"lazy\" class=\"v-a-img\" src=\"http:\/\/cordobainforma.info\/wp-content\/uploads\/2026\/03\/asi-entrena-y-hace-yoga-marta-ortega-zara-home-lanza-una-coleccion-de-accesorios-fitness-preciosa-que-ya-tiene-lista-de-espera-2.jpg\" alt=\"La impresionante casa de campo en Gales que une a Kate Middleton y Marta Ortega\"><br \/>\n<\/a><br \/>\n<\/figure>\n<\/div>\n<\/article>\n<\/div>\n<\/div>\n<\/div>\n<\/div>\n<p class=\"voc-paragraph\">Banco de abdominales, espalderas, soportes para pesas, macuernas&#8230; Lo cierto es que m\u00e1s que una l\u00ednea de accesorios de gimnasio, lo nuevo de Zara Home es una declaraci\u00f3n de <strong>estilo, bienestar y sofisticaci\u00f3n contempor\u00e1nea<\/strong>.\u2028Una propuesta pensada para quienes buscan equilibrio entre cuerpo y mente, pero que tambi\u00e9n quieren lograrlo con el entorno que los rodea.\u2028No nos enga\u00f1emos: si hay que sudar y cultivar las agujetas, por lo menos que sea bonito.<\/p>\n<p class=\"voc-paragraph\">Ir al gimnasio hace tiempo que se convirti\u00f3, tambi\u00e9n, en una rutina con unas pautas est\u00e9ticas muy ciudadas. Si hemos superado lo de entrenar con la camiseta de publicidad de tu padre y las mallas dadas de s\u00ed, el siguiente paso natural era hacerlo en un entorno igual de cuidado que nuestro look. Y Zara Home, que lee mejor que nadie estos mensajes, lo ha adaptado para que queramos tener <strong>ese gimnasio elegante y sofisticado<\/strong> en nuestra propia casa.<\/p>\n<div class=\"v-c-cmp v-c-cmp--s\">\n<div class=\"v-cmp-m \">\n<article class=\"v-a v-a--cmp-m v-c-cmp--m-z\">\n<div class=\"v-a-img-c \">\n<div class=\"v-a-fig\">\n<button class=\"v-a-link\" popovertarget=\"photo-983\"><br \/>\n<img loading=\"lazy\" src=\"http:\/\/cordobainforma.info\/wp-content\/uploads\/2026\/03\/asi-entrena-y-hace-yoga-marta-ortega-zara-home-lanza-una-coleccion-de-accesorios-fitness-preciosa-que-ya-tiene-lista-de-espera-3.jpg\" class=\"v-a-img\" width=\"650\" height=\"650\" alt data-voc-vtm-id=\"in-text-traffic\"> <\/button>\n<\/div>\n<\/div>\n<div id=\"photo-983\" popover class=\"v-mdl v-mdl--fw\">\n<button class=\"v-x\" popovertarget=\"photo-983\" popovertargetaction=\"hide\"><br \/>\n<span class=\"v-i\"><br \/>\n<svg width=\"24\" height=\"23.996\" viewBox=\"0 0 24 23.996\">\n<path data-name=\"Uni\u00f3n 29\" d=\"M12,14.03,2.031,24,0,21.963,9.968,12,0,2.033,2.031,0,12,9.966,21.969,0,24,2.033,14.032,12,24,21.963,21.969,24Z\" \/>\n<\/svg><br \/>\n<\/span><br \/>\n<\/button><\/p>\n<div class=\"v-mdl__c\">\n<div class=\"v-mdl__w\">\n<img loading=\"lazy\" src=\"http:\/\/cordobainforma.info\/wp-content\/uploads\/2026\/03\/asi-entrena-y-hace-yoga-marta-ortega-zara-home-lanza-una-coleccion-de-accesorios-fitness-preciosa-que-ya-tiene-lista-de-espera-3.jpg\" class=\"v-mdl__img-z\" width=\"650\" height=\"650\" alt>\n<\/div>\n<\/div>\n<\/div>\n<p><span class=\"v-bdp\"><\/span><br \/>\n<\/article>\n<\/div>\n<\/div>\n<p><h3 class=\"v-cmp-suh\">\nLa Gym Collection de Zara Home<br \/>\n<\/h3>\n<\/p>\n<p class=\"voc-paragraph\"> La nueva colecci\u00f3n de accesorios fitness de Zara Home redefine la forma en que entendemos el entrenamiento en casa.\u2028Con una est\u00e9tica depurada y l\u00edneas suaves y elegantes, cada pieza parece salida de un editorial de decoraci\u00f3n. Una vez m\u00e1s.\u2028No se trata solo de funcionalidad, sino de <strong>convertir cada rutina en casa en un ritual sofisticado<\/strong>.<\/p>\n<div class=\"v-c-cmp v-c-cmp--s\">\n<div class=\"v-cmp-m \">\n<article class=\"v-a v-a--cmp-m v-c-cmp--m-z\">\n<div class=\"v-a-img-c \">\n<div class=\"v-a-fig\">\n<button class=\"v-a-link\" popovertarget=\"photo-245\"><br \/>\n<img loading=\"lazy\" src=\"http:\/\/cordobainforma.info\/wp-content\/uploads\/2026\/03\/asi-entrena-y-hace-yoga-marta-ortega-zara-home-lanza-una-coleccion-de-accesorios-fitness-preciosa-que-ya-tiene-lista-de-espera-4.jpg\" class=\"v-a-img\" width=\"650\" height=\"650\" alt data-voc-vtm-id=\"in-text-traffic\"> <\/button><figcaption class=\"v-fc\">\n<span class=\"v-fc__p\"><br \/>\nZARA HOME<br \/>\n<\/span><br \/>\n<\/figcaption><\/div>\n<\/div>\n<div id=\"photo-245\" popover class=\"v-mdl v-mdl--fw\">\n<button class=\"v-x\" popovertarget=\"photo-245\" popovertargetaction=\"hide\"><br \/>\n<span class=\"v-i\"><br \/>\n<svg width=\"24\" height=\"23.996\" viewBox=\"0 0 24 23.996\">\n<path data-name=\"Uni\u00f3n 29\" d=\"M12,14.03,2.031,24,0,21.963,9.968,12,0,2.033,2.031,0,12,9.966,21.969,0,24,2.033,14.032,12,24,21.963,21.969,24Z\" \/>\n<\/svg><br \/>\n<\/span><br \/>\n<\/button><\/p>\n<div class=\"v-mdl__c\">\n<div class=\"v-mdl__w\">\n<img loading=\"lazy\" src=\"http:\/\/cordobainforma.info\/wp-content\/uploads\/2026\/03\/asi-entrena-y-hace-yoga-marta-ortega-zara-home-lanza-una-coleccion-de-accesorios-fitness-preciosa-que-ya-tiene-lista-de-espera-4.jpg\" class=\"v-mdl__img-z\" width=\"650\" height=\"650\" alt>\n<\/div>\n<\/div>\n<\/div>\n<p><span class=\"v-bdp\"><\/span><br \/>\n<\/article>\n<\/div>\n<\/div>\n<p class=\"voc-paragraph\">Inspirada en la tendencia del lujo silencioso, esta <strong>Gym Collection<\/strong> apuesta por la discreci\u00f3n refinada, los materiales nobles y las paletas neutras que evocan calma, equilibrio y exclusividad.\u2028Una propuesta elegante que dialoga a la perfecci\u00f3n con lo que la propia Marta Ortega muestra en cada una de sus apariciones p\u00fablicas. En cada una de sus decisiones estrat\u00e9gicas. <\/p>\n<div class=\"v-c-cmp v-c-cmp--s\">\n<div class=\"v-cmp-m \">\n<article class=\"v-a v-a--cmp-m v-c-cmp--m-z\">\n<div class=\"v-a-img-c \">\n<div class=\"v-a-fig\">\n<button class=\"v-a-link\" popovertarget=\"photo-63\"><br \/>\n<img loading=\"lazy\" src=\"http:\/\/cordobainforma.info\/wp-content\/uploads\/2026\/03\/asi-entrena-y-hace-yoga-marta-ortega-zara-home-lanza-una-coleccion-de-accesorios-fitness-preciosa-que-ya-tiene-lista-de-espera-5.jpg\" class=\"v-a-img\" width=\"650\" height=\"650\" alt data-voc-vtm-id=\"in-text-traffic\"> <\/button><figcaption class=\"v-fc\">\n<span class=\"v-fc__p\"><br \/>\nZARA HOME<br \/>\n<\/span><br \/>\n<\/figcaption><\/div>\n<\/div>\n<div id=\"photo-63\" popover class=\"v-mdl v-mdl--fw\">\n<button class=\"v-x\" popovertarget=\"photo-63\" popovertargetaction=\"hide\"><br \/>\n<span class=\"v-i\"><br \/>\n<svg width=\"24\" height=\"23.996\" viewBox=\"0 0 24 23.996\">\n<path data-name=\"Uni\u00f3n 29\" d=\"M12,14.03,2.031,24,0,21.963,9.968,12,0,2.033,2.031,0,12,9.966,21.969,0,24,2.033,14.032,12,24,21.963,21.969,24Z\" \/>\n<\/svg><br \/>\n<\/span><br \/>\n<\/button><\/p>\n<div class=\"v-mdl__c\">\n<div class=\"v-mdl__w\">\n<img loading=\"lazy\" src=\"http:\/\/cordobainforma.info\/wp-content\/uploads\/2026\/03\/asi-entrena-y-hace-yoga-marta-ortega-zara-home-lanza-una-coleccion-de-accesorios-fitness-preciosa-que-ya-tiene-lista-de-espera-5.jpg\" class=\"v-mdl__img-z\" width=\"650\" height=\"650\" alt>\n<\/div>\n<\/div>\n<\/div>\n<p><span class=\"v-bdp\"><\/span><br \/>\n<\/article>\n<\/div>\n<\/div>\n<p class=\"voc-paragraph\">Esta nueva propuesta de Zara Home hace que cada accesorio de la colecci\u00f3n pueda integrarse de forma natural y arm\u00f3nica en cualquier estancia, de manera que tus aparatos fitness dejan de ser un obst\u00e1culo visual (y muy poco aesthetic, como hasta ahora) para convertirse en <strong>un elemento m\u00e1s de la decoraci\u00f3n<\/strong> de tu casa.<\/p>\n<div class=\"v-c-cmp v-c-cmp--s\">\n<div class=\"v-cmp-m \">\n<article class=\"v-a v-a--cmp-m v-c-cmp--m-z\">\n<div class=\"v-a-img-c \">\n<div class=\"v-a-fig\">\n<button class=\"v-a-link\" popovertarget=\"photo-485\"><br \/>\n<img loading=\"lazy\" src=\"http:\/\/cordobainforma.info\/wp-content\/uploads\/2026\/03\/asi-entrena-y-hace-yoga-marta-ortega-zara-home-lanza-una-coleccion-de-accesorios-fitness-preciosa-que-ya-tiene-lista-de-espera-6.jpg\" class=\"v-a-img\" width=\"650\" height=\"650\" alt data-voc-vtm-id=\"in-text-traffic\"> <\/button><figcaption class=\"v-fc\">\n<span class=\"v-fc__p\"><br \/>\nZARA HOME<br \/>\n<\/span><br \/>\n<\/figcaption><\/div>\n<\/div>\n<div id=\"photo-485\" popover class=\"v-mdl v-mdl--fw\">\n<button class=\"v-x\" popovertarget=\"photo-485\" popovertargetaction=\"hide\"><br \/>\n<span class=\"v-i\"><br \/>\n<svg width=\"24\" height=\"23.996\" viewBox=\"0 0 24 23.996\">\n<path data-name=\"Uni\u00f3n 29\" d=\"M12,14.03,2.031,24,0,21.963,9.968,12,0,2.033,2.031,0,12,9.966,21.969,0,24,2.033,14.032,12,24,21.963,21.969,24Z\" \/>\n<\/svg><br \/>\n<\/span><br \/>\n<\/button><\/p>\n<div class=\"v-mdl__c\">\n<div class=\"v-mdl__w\">\n<img loading=\"lazy\" src=\"http:\/\/cordobainforma.info\/wp-content\/uploads\/2026\/03\/asi-entrena-y-hace-yoga-marta-ortega-zara-home-lanza-una-coleccion-de-accesorios-fitness-preciosa-que-ya-tiene-lista-de-espera-6.jpg\" class=\"v-mdl__img-z\" width=\"650\" height=\"650\" alt>\n<\/div>\n<\/div>\n<\/div>\n<p><span class=\"v-bdp\"><\/span><br \/>\n<\/article>\n<\/div>\n<\/div>\n<p class=\"voc-paragraph\">Alto rendimiento en tus entrenamientos y belleza. El fitness o el yoga concebidos con sensibilidad est\u00e9tica y vocaci\u00f3n atemporal. Si tuvi\u00e9ramos que imaginar <strong>el gimnasio de la casa de Marta Ortega<\/strong>, sin duda ser\u00eda as\u00ed: con accesorios minimalistas personalizables en los que conviven de forma natural la madera de roble y el acero, el cuero y piel. Todo, con una calidad premium y materiales duraderos, para que tu motivaci\u00f3n y constancia no encuentren ninguna excusa.<\/p>\n<p class=\"voc-paragraph\">Con la mayor\u00eda de las piezas de la colecci\u00f3n con <strong>la etiqueta de coming soon<\/strong>, en esta l\u00ednea encontramos esterillas de yoga de cuero o piel; mancuernas con sus soportes a juego; un banco reclinable de madera de roble con acolchado de piel en tono crema, los mismos materiales que dan forma a los muebles de almacenaje y soportes; rueda de entrenamiento, correas de suspensi\u00f3n, bandas el\u00e1sticas de resistencia y combas de inspiraci\u00f3n vintage o unas espalderas de roble con banco de piel regulable. Los precios, eso s\u00ed, no son bajos, pero a bonito no les gana nadie.<\/p>\n<div class=\"v-c-cmp v-c-cmp--t1 \">\n<div class=\"v-cmp-rld v-cmp-rld--2 \">\n<div class=\"v-cnt-m v-cnt-m--m\">\n<div class=\"v-cnt-m__c\">\n<div class=\"v-cnt-m__w v-cnt-m__w--1\">\n<p class=\"v-cnt-m__t\">\nTAMBI\u00c9N TE INTERESA\n<\/p>\n<\/div>\n<\/div>\n<\/div>\n<div class=\"v-g v-g--2-c v-g--bdr-min-xs\">\n<div class=\"v-g__c \">\n<article class=\"v-a v-a--cmp-rld v-a--cmp-rld-2 v-a--p-l\">\n<div class=\"v-a-img-c\">\n<figure class=\"v-a-fig\">\n<a href=\"https:\/\/www.mujerhoy.com\/vivir\/decoracion\/trucos-comprar-muebles-segunda-mano-mas-baratos-wallapop-vinted-consejos-expertas-20260205135111-nt.html#vtm_modulosEngag=mod-rel:vivir:noticia:1:cmp:2-not\" class=\"v-a-link\" title=\"Siete trucos para comprar muebles de segunda mano como una experta: \u00abPuedes ahorrarte hasta un 65%\u00bb\"><br \/>\n<img loading=\"lazy\" class=\"v-a-img\" src=\"http:\/\/cordobainforma.info\/wp-content\/uploads\/2026\/03\/asi-entrena-y-hace-yoga-marta-ortega-zara-home-lanza-una-coleccion-de-accesorios-fitness-preciosa-que-ya-tiene-lista-de-espera-7.jpg\" alt=\"Siete trucos para comprar muebles de segunda mano como una experta: \u00abPuedes ahorrarte hasta un 65%\u00bb\"><br \/>\n<\/a><br \/>\n<\/figure>\n<\/div>\n<\/article>\n<\/div>\n<div class=\"v-g__c \">\n<article class=\"v-a v-a--cmp-rld v-a--cmp-rld-2 v-a--p-l\">\n<div class=\"v-a-img-c\">\n<figure class=\"v-a-fig\">\n<a href=\"https:\/\/www.mujerhoy.com\/vivir\/decoracion\/muebles-ikea-mas-bonitos-catalogo-1996-tendencia-despues-30-anos-20260304154303-nt.html#vtm_modulosEngag=mod-rel:vivir:noticia:2:cmp:2-not\" class=\"v-a-link\" title=\"IKEA se pone nost\u00e1lgica y recupera su cat\u00e1logo de 1996: estos muebles siguen siendo tendencia 30 a\u00f1os despu\u00e9s\"><br \/>\n<img loading=\"lazy\" class=\"v-a-img\" src=\"http:\/\/cordobainforma.info\/wp-content\/uploads\/2026\/03\/asi-entrena-y-hace-yoga-marta-ortega-zara-home-lanza-una-coleccion-de-accesorios-fitness-preciosa-que-ya-tiene-lista-de-espera-8.jpg\" alt=\"IKEA se pone nost\u00e1lgica y recupera su cat\u00e1logo de 1996: estos muebles siguen siendo tendencia 30 a\u00f1os despu\u00e9s\"><br \/>\n<\/a><br \/>\n<\/figure>\n<\/div>\n<\/article>\n<\/div>\n<\/div>\n<\/div>\n<\/div>\n","protected":false},"excerpt":{"rendered":"<p>Ana Calvo Publicado \u00b7 5 de marzo de 2026, 13:53 h Zara Home no deja de sorprendernos con sus novedades. La divisi\u00f3n deco de Inditex no podr\u00eda estar ejecutando mejor su estrategia est\u00e9tica desde que Marta Ortega est\u00e1 al frente de la compa\u00f1\u00eda y eso se refleja en cada una de las nuevas colecciones que [&hellip;]<\/p>\n","protected":false},"author":1,"featured_media":186389,"comment_status":"open","ping_status":"closed","sticky":false,"template":"","format":"standard","meta":[],"categories":[18],"tags":[],"_links":{"self":[{"href":"http:\/\/cordobainforma.info\/index.php\/wp-json\/wp\/v2\/posts\/186388"}],"collection":[{"href":"http:\/\/cordobainforma.info\/index.php\/wp-json\/wp\/v2\/posts"}],"about":[{"href":"http:\/\/cordobainforma.info\/index.php\/wp-json\/wp\/v2\/types\/post"}],"author":[{"embeddable":true,"href":"http:\/\/cordobainforma.info\/index.php\/wp-json\/wp\/v2\/users\/1"}],"replies":[{"embeddable":true,"href":"http:\/\/cordobainforma.info\/index.php\/wp-json\/wp\/v2\/comments?post=186388"}],"version-history":[{"count":0,"href":"http:\/\/cordobainforma.info\/index.php\/wp-json\/wp\/v2\/posts\/186388\/revisions"}],"wp:featuredmedia":[{"embeddable":true,"href":"http:\/\/cordobainforma.info\/index.php\/wp-json\/wp\/v2\/media\/186389"}],"wp:attachment":[{"href":"http:\/\/cordobainforma.info\/index.php\/wp-json\/wp\/v2\/media?parent=186388"}],"wp:term":[{"taxonomy":"category","embeddable":true,"href":"http:\/\/cordobainforma.info\/index.php\/wp-json\/wp\/v2\/categories?post=186388"},{"taxonomy":"post_tag","embeddable":true,"href":"http:\/\/cordobainforma.info\/index.php\/wp-json\/wp\/v2\/tags?post=186388"}],"curies":[{"name":"wp","href":"https:\/\/api.w.org\/{rel}","templated":true}]}}