{"id":186352,"date":"2026-03-05T23:28:30","date_gmt":"2026-03-05T23:28:30","guid":{"rendered":"http:\/\/cordobainforma.info\/index.php\/2026\/03\/05\/ate-cordoba-avanza-en-la-defensa-del-salario-en-rio-primero\/"},"modified":"2026-03-05T23:28:30","modified_gmt":"2026-03-05T23:28:30","slug":"ate-cordoba-avanza-en-la-defensa-del-salario-en-rio-primero","status":"publish","type":"post","link":"http:\/\/cordobainforma.info\/index.php\/2026\/03\/05\/ate-cordoba-avanza-en-la-defensa-del-salario-en-rio-primero\/","title":{"rendered":"ATE <b>C\u00f3rdoba<\/b> avanza en la defensa del salario en R\u00edo Primero"},"content":{"rendered":"<p>La reuni\u00f3n cont\u00f3 con la participaci\u00f3n de la Secretaria de <b>Econom\u00eda<\/b> &#8230; <b>nueva<\/b> jornada de lucha. Leer M\u00e1s &gt;&gt;. 5 de marzo de 2026. Nacional. Tras 10&nbsp;&#8230; <\/p>\n","protected":false},"excerpt":{"rendered":"<p>La reuni\u00f3n cont\u00f3 con la participaci\u00f3n de la Secretaria de Econom\u00eda &#8230; nueva jornada de lucha. Leer M\u00e1s &gt;&gt;. 5 de marzo de 2026. Nacional. Tras 10&nbsp;&#8230;<\/p>\n","protected":false},"author":1,"featured_media":0,"comment_status":"closed","ping_status":"closed","sticky":false,"template":"","format":"standard","meta":[],"categories":[23],"tags":[],"_links":{"self":[{"href":"http:\/\/cordobainforma.info\/index.php\/wp-json\/wp\/v2\/posts\/186352"}],"collection":[{"href":"http:\/\/cordobainforma.info\/index.php\/wp-json\/wp\/v2\/posts"}],"about":[{"href":"http:\/\/cordobainforma.info\/index.php\/wp-json\/wp\/v2\/types\/post"}],"author":[{"embeddable":true,"href":"http:\/\/cordobainforma.info\/index.php\/wp-json\/wp\/v2\/users\/1"}],"replies":[{"embeddable":true,"href":"http:\/\/cordobainforma.info\/index.php\/wp-json\/wp\/v2\/comments?post=186352"}],"version-history":[{"count":0,"href":"http:\/\/cordobainforma.info\/index.php\/wp-json\/wp\/v2\/posts\/186352\/revisions"}],"wp:attachment":[{"href":"http:\/\/cordobainforma.info\/index.php\/wp-json\/wp\/v2\/media?parent=186352"}],"wp:term":[{"taxonomy":"category","embeddable":true,"href":"http:\/\/cordobainforma.info\/index.php\/wp-json\/wp\/v2\/categories?post=186352"},{"taxonomy":"post_tag","embeddable":true,"href":"http:\/\/cordobainforma.info\/index.php\/wp-json\/wp\/v2\/tags?post=186352"}],"curies":[{"name":"wp","href":"https:\/\/api.w.org\/{rel}","templated":true}]}}