{"id":186347,"date":"2026-03-05T23:13:10","date_gmt":"2026-03-05T23:13:10","guid":{"rendered":"https:\/\/www.clarin.com\/deportes\/boca-va-alan-lescano-argentinos-juniors-hara-sencillo_0_q5GCBaiq9H.html"},"modified":"2026-03-05T23:13:10","modified_gmt":"2026-03-05T23:13:10","slug":"boca-va-por-alan-lescano-pero-argentinos-juniors-no-se-lo-hara-sencillo","status":"publish","type":"post","link":"http:\/\/cordobainforma.info\/index.php\/2026\/03\/05\/boca-va-por-alan-lescano-pero-argentinos-juniors-no-se-lo-hara-sencillo\/","title":{"rendered":"Boca va por Alan Lescano, pero Argentinos Juniors no se lo har\u00e1 sencillo"},"content":{"rendered":"<p><img src=\"http:\/\/cordobainforma.info\/wp-content\/uploads\/2026\/03\/boca-va-por-alan-lescano-pero-argentinos-juniors-no-se-lo-hara-sencillo.jpg\"><\/p>\n<div><img src=\"http:\/\/cordobainforma.info\/wp-content\/uploads\/2026\/03\/boca-va-por-alan-lescano-pero-argentinos-juniors-no-se-lo-hara-sencillo-2.jpg\" class=\"ff-og-image-inserted\"><\/div>\n<div id=\"element-body-0\" readability=\"61\">\n<p><strong>Boca<\/strong> aceler\u00f3 y fij\u00f3 una estrategia clara para intentar quedarse con uno de los nombres que aparece como prioridad en el mercado: <strong>Alan Lescano<\/strong>. Tras la salida de Lucas Blondel \u2014quien este jueves se realiz\u00f3 la revisi\u00f3n m\u00e9dica para sumarse a Hurac\u00e1n\u2014, el club liber\u00f3 un cupo para incorporar y avanz\u00f3 con un plan concreto para intentar sumar al talentoso enganche de <strong>Argentinos Juniors.<\/strong><\/p>\n<\/div>\n<div id=\"element-body-1\" readability=\"61\">\n<p>El primer paso fuerte ya est\u00e1 dado. <strong>Boca abri\u00f3 negociaciones con el entorno del futbolista y logr\u00f3 avanzar en un acuerdo contractual <\/strong>con el propio Lescano. Es decir, dej\u00f3 encaminadas las condiciones del contrato en caso de que la operaci\u00f3n se concrete. El volante ofensivo ve con muy buenos ojos la posibilidad de dar el salto y el desaf\u00edo deportivo tambi\u00e9n pesa en su decisi\u00f3n.<\/p>\n<\/div>\n<div id=\"element-body-2\" readability=\"64\">\n<p>A partir de ese escenario comienza ahora la parte m\u00e1s compleja de la operaci\u00f3n. <strong>Lescano tiene contrato con Argentinos hasta 2029, por lo que Boca deber\u00e1 alcanzar un entendimiento con el club de La Paternal<\/strong>. En ese contexto, la idea es que el representante del jugador, <strong>Andr\u00e9s Guglielminpietro<\/strong> \u2014ex Boca y con pasado tambi\u00e9n en Gimnasia y Esgrima La Plata\u2014, acerque el n\u00famero que pretende el Bicho para comenzar formalmente la negociaci\u00f3n entre las instituciones.<\/p>\n<\/div>\n<div id=\"element-body-4\" readability=\"59\">\n<p>La voluntad del propio futbolista puede transformarse en un factor determinante.<strong> La posibilidad de disputar la Copa Libertadores con Boca<\/strong> lo seduce y no se descarta que haga fuerza para facilitar su salida si las conversaciones entre los clubes no avanzan con rapidez.<\/p>\n<\/div>\n<div id=\"element-body-6\" readability=\"64\">\n<p>Hay, adem\u00e1s, un punto que complejiza el posible traspaso: la composici\u00f3n del pase. <strong>Argentinos posee el 50% de la ficha del mediocampista ofensivo, mientras que el otro 50% pertenece a Gimnasia,<\/strong> club donde Lescano se form\u00f3 y debut\u00f3 en Primera. Esa divisi\u00f3n obliga a que cualquier acuerdo contemple a ambas instituciones.<\/p>\n<\/div>\n<div id=\"element-body-8\" readability=\"66\">\n<p>En ese contexto, desde Argentinos ya hab\u00edan marcado p\u00fablicamente su postura. El presidente del club, <strong>Cristian Malaspina<\/strong>, fue claro al referirse al futuro del jugador. <strong><em>\u201cCon la situaci\u00f3n contractual que tenemos con Gimnasia, a Argentinos no le conviene vender a Lescano. Es un jugador que nos costar\u00e1 much\u00edsimo reemplazar. Hasta que no cambie esa situaci\u00f3n contractual, la posici\u00f3n del club es esta\u201d<\/em><\/strong>, explic\u00f3.<\/p>\n<\/div>\n<div id=\"element-body-9\" readability=\"64\">\n<p>Sin embargo, tras la eliminaci\u00f3n del Bicho de la Copa Libertadores, el panorama comenz\u00f3 a moverse. En Boca entienden que ese nuevo escenario puede abrir una ventana para negociar por uno de los futbolistas que m\u00e1s interesan para reforzar el ataque. La estrategia ya est\u00e1 en marcha y ahora todo depender\u00e1 de si las charlas entre los clubes logran destrabar una operaci\u00f3n que, aunque compleja, empieza a tomar forma.<\/p>\n<\/div>\n","protected":false},"excerpt":{"rendered":"<p>Boca aceler\u00f3 y fij\u00f3 una estrategia clara para intentar quedarse con uno de los nombres que aparece como prioridad en el mercado: Alan Lescano. Tras la salida de Lucas Blondel \u2014quien este jueves se realiz\u00f3 la revisi\u00f3n m\u00e9dica para sumarse a Hurac\u00e1n\u2014, el club liber\u00f3 un cupo para incorporar y avanz\u00f3 con un plan concreto [&hellip;]<\/p>\n","protected":false},"author":1,"featured_media":186348,"comment_status":"closed","ping_status":"closed","sticky":false,"template":"","format":"standard","meta":[],"categories":[20],"tags":[],"_links":{"self":[{"href":"http:\/\/cordobainforma.info\/index.php\/wp-json\/wp\/v2\/posts\/186347"}],"collection":[{"href":"http:\/\/cordobainforma.info\/index.php\/wp-json\/wp\/v2\/posts"}],"about":[{"href":"http:\/\/cordobainforma.info\/index.php\/wp-json\/wp\/v2\/types\/post"}],"author":[{"embeddable":true,"href":"http:\/\/cordobainforma.info\/index.php\/wp-json\/wp\/v2\/users\/1"}],"replies":[{"embeddable":true,"href":"http:\/\/cordobainforma.info\/index.php\/wp-json\/wp\/v2\/comments?post=186347"}],"version-history":[{"count":0,"href":"http:\/\/cordobainforma.info\/index.php\/wp-json\/wp\/v2\/posts\/186347\/revisions"}],"wp:featuredmedia":[{"embeddable":true,"href":"http:\/\/cordobainforma.info\/index.php\/wp-json\/wp\/v2\/media\/186348"}],"wp:attachment":[{"href":"http:\/\/cordobainforma.info\/index.php\/wp-json\/wp\/v2\/media?parent=186347"}],"wp:term":[{"taxonomy":"category","embeddable":true,"href":"http:\/\/cordobainforma.info\/index.php\/wp-json\/wp\/v2\/categories?post=186347"},{"taxonomy":"post_tag","embeddable":true,"href":"http:\/\/cordobainforma.info\/index.php\/wp-json\/wp\/v2\/tags?post=186347"}],"curies":[{"name":"wp","href":"https:\/\/api.w.org\/{rel}","templated":true}]}}