{"id":186345,"date":"2026-03-05T23:31:58","date_gmt":"2026-03-05T23:31:58","guid":{"rendered":"https:\/\/www.clarin.com\/deportes\/formula-3-italo-argentino-colnaghi-prendio-fuego-motor-pudo-terminar-primera-practica-melbourne_0_ewlK2eMlRn.html"},"modified":"2026-03-05T23:31:58","modified_gmt":"2026-03-05T23:31:58","slug":"formula-3-al-italo-argentino-colnaghi-se-le-prendio-fuego-el-motor-y-no-pudo-terminar-la-primera-practica-en-melbourne","status":"publish","type":"post","link":"http:\/\/cordobainforma.info\/index.php\/2026\/03\/05\/formula-3-al-italo-argentino-colnaghi-se-le-prendio-fuego-el-motor-y-no-pudo-terminar-la-primera-practica-en-melbourne\/","title":{"rendered":"F\u00f3rmula 3: al \u00edtalo-argentino Colnaghi se le prendi\u00f3 fuego el motor y no pudo terminar la primera pr\u00e1ctica en Melbourne"},"content":{"rendered":"<p><img src=\"http:\/\/cordobainforma.info\/wp-content\/uploads\/2026\/03\/formula-3-al-italo-argentino-colnaghi-se-le-prendio-fuego-el-motor-y-no-pudo-terminar-la-primera-practica-en-melbourne.jpg\"><\/p>\n<div><img src=\"http:\/\/cordobainforma.info\/wp-content\/uploads\/2026\/03\/formula-3-al-italo-argentino-colnaghi-se-le-prendio-fuego-el-motor-y-no-pudo-terminar-la-primera-practica-en-melbourne-2.jpg\" class=\"ff-og-image-inserted\"><\/div>\n<div id=\"element-body-0\" readability=\"62\">\n<p><strong>Mattia Colnaghi,<\/strong> el italiano de 17 a\u00f1os que corre para Argentina en la <strong>F\u00f3rmula 3,<\/strong> finaliz\u00f3 15\u00b0 en la \u00fanica pr\u00e1ctica libre del <strong>Gran Premio de Australia,<\/strong> en Melbourne, que termin\u00f3 accidentada.<\/p>\n<\/div>\n<div id=\"element-body-1\" readability=\"25.975378787879\">\n<blockquote class=\"twitter-tweet\" readability=\"6.3939393939394\">\n<p lang=\"es\" dir=\"ltr\">\ud83d\ude31 LA EXPLOSI\u00d3N EN EL AUTO DE MATTIA: el italo-argentino Colnaghi sufri\u00f3 en la pr\u00e1ctica de la Formula 3 en el Melbourne Park.<\/p>\n<p>\u25b6\ufe0f Mir\u00e1 la \ud83c\udfc1 <a href=\"https:\/\/twitter.com\/hashtag\/F3?src=hash&amp;ref_src=twsrc%5Etfw\">#F3<\/a> en el Plan Premium de <a href=\"https:\/\/twitter.com\/hashtag\/DisneyPlus?src=hash&amp;ref_src=twsrc%5Etfw\">#DisneyPlus<\/a> <a href=\"https:\/\/t.co\/31t4tnjdBU\">pic.twitter.com\/31t4tnjdBU<\/a><\/p>\n<p>\u2014 ESPN Argentina (@ESPNArgentina) <a href=\"https:\/\/twitter.com\/ESPNArgentina\/status\/2029692601503228237?ref_src=twsrc%5Etfw\">March 5, 2026<\/a><\/p><\/blockquote><\/div>\n<div id=\"element-body-2\" readability=\"63\">\n<p>En la ma\u00f1ana australiana del viernes, cuando faltaban seis minutos para el final de la \u00fanica sesi\u00f3n de entrenamientos, <strong>dos enormes llamaradas <\/strong>salieron del Mecachrome de seis cilindros que portan todos los autos de la F3. Estaba en plena recta. <strong>Hubo bandera roja <\/strong>y preocupaci\u00f3n, aunque el incidente no pas\u00f3 a mayores.<\/p>\n<\/div>\n<div id=\"element-body-4\" readability=\"69\">\n<p>El 13 de noviembre, la F\u00f3rmula 1 anunci\u00f3 en su cuenta de Instagram que habr\u00eda tres argentinos en cada una de las categor\u00edas que conforman el Gran Circo: la F1, la F2 y la F3. Si bien Franco Colapinto, en la M\u00e1xima, y Nicol\u00e1s Varrone, en la telonera, estaban confirmados, a Mattia Colnaghi, el piloto nacido en Italia pero de madre argentina, le faltaba algo que reci\u00e9n d\u00edas antes de que terminara el 2025 consigui\u00f3: la licencia argentina.<\/p>\n<\/div>\n<div id=\"element-body-5\" readability=\"64\">\n<p>El martes 30 de diciembre, en un encuentro que comparti\u00f3 casualmente con Varrone, Colnaghi pas\u00f3 por las oficinas de la CDA del Autom\u00f3vil Club Argentino para obtener su licencia deportiva internacional. Ambos ya hab\u00edan recibido tambi\u00e9n las licencias m\u00e9dicas de la Asociaci\u00f3n Argentina de Volantes (AAV), requisito ineludible ante cada nueva temporada, en el Aut\u00f3dromo G\u00e1lvez de la Ciudad de Buenos Aires.<\/p>\n<\/div>\n<div id=\"element-body-6\" readability=\"62\">\n<p>El primer paso para que Colnaghi pudiera recibir la habilitaci\u00f3n del ACA era que diera de baja la licencia italiana, lo que confirm\u00f3 en el programa Coraz\u00f3n F1. \u00abVamos a sacar la licencia m\u00e9dica en el aut\u00f3dromo y la licencia deportiva en el ACA. As\u00ed que el a\u00f1o pr\u00f3ximo vamos a llevar la bandera argentina\u00bb, anunci\u00f3 el piloto nacido en Monza hace 17 a\u00f1os.<\/p>\n<\/div>\n<div id=\"element-body-7\" readability=\"62\">\n<p>Ya con el carnet en la mano, le cont\u00f3 a Carburando: \u00abCreo que el apoyo en las redes es muy bueno y no es lo mismo all\u00e1. Agradezco mucho a todos. Claramente que se siente el apoyo argentino, hay much\u00edsimo apoyo\u00bb. Tambi\u00e9n revel\u00f3 a fines del a\u00f1o pasado que a Franco Colapinto no lo conoc\u00eda y que a Nico Varrone lo vio por primera vez haciendo este tr\u00e1mite y \u00abes genial\u00bb.<\/p>\n<\/div>\n<div id=\"element-body-8\" readability=\"64.97583081571\">\n<p>Colnaghi disputa la F\u00f3rmula 3, categor\u00eda en la que Colapinto corri\u00f3 en 2022 y 2023, con el equipo MP Motorsport; adem\u00e1s, representa a la Academia Red Bull, que lo contrat\u00f3 este a\u00f1o. \u00abSer piloto de Red Bull es muy bueno, pueden ayudarme a mejorar\u00bb, expres\u00f3, aunque aclar\u00f3 que su contrato se ajusto al rendimiento. <a href=\"https:\/\/www.clarin.com\/deportes\/mattia-colnaghi-pasos-varrone-colapinto-piloto-nacido-italia-obtuvo-licencia-argentina-correr-formula-3_0_4dMAsAQ8VU.html\" target=\"_blank\" title=\"Leer m\u00e1s.\" alt=\"Leer m\u00e1s.\" rel=\"noopener noreferrer\">Leer m\u00e1s.<\/a><\/p>\n<\/div>\n<div id=\"element-body-9\" readability=\"57\">\n<p><em>***Noticia en desarrollo***<\/em><\/p>\n<\/div>\n","protected":false},"excerpt":{"rendered":"<p>Mattia Colnaghi, el italiano de 17 a\u00f1os que corre para Argentina en la F\u00f3rmula 3, finaliz\u00f3 15\u00b0 en la \u00fanica pr\u00e1ctica libre del Gran Premio de Australia, en Melbourne, que termin\u00f3 accidentada. \ud83d\ude31 LA EXPLOSI\u00d3N EN EL AUTO DE MATTIA: el italo-argentino Colnaghi sufri\u00f3 en la pr\u00e1ctica de la Formula 3 en el Melbourne Park. [&hellip;]<\/p>\n","protected":false},"author":1,"featured_media":186346,"comment_status":"closed","ping_status":"closed","sticky":false,"template":"","format":"standard","meta":[],"categories":[20],"tags":[],"_links":{"self":[{"href":"http:\/\/cordobainforma.info\/index.php\/wp-json\/wp\/v2\/posts\/186345"}],"collection":[{"href":"http:\/\/cordobainforma.info\/index.php\/wp-json\/wp\/v2\/posts"}],"about":[{"href":"http:\/\/cordobainforma.info\/index.php\/wp-json\/wp\/v2\/types\/post"}],"author":[{"embeddable":true,"href":"http:\/\/cordobainforma.info\/index.php\/wp-json\/wp\/v2\/users\/1"}],"replies":[{"embeddable":true,"href":"http:\/\/cordobainforma.info\/index.php\/wp-json\/wp\/v2\/comments?post=186345"}],"version-history":[{"count":0,"href":"http:\/\/cordobainforma.info\/index.php\/wp-json\/wp\/v2\/posts\/186345\/revisions"}],"wp:featuredmedia":[{"embeddable":true,"href":"http:\/\/cordobainforma.info\/index.php\/wp-json\/wp\/v2\/media\/186346"}],"wp:attachment":[{"href":"http:\/\/cordobainforma.info\/index.php\/wp-json\/wp\/v2\/media?parent=186345"}],"wp:term":[{"taxonomy":"category","embeddable":true,"href":"http:\/\/cordobainforma.info\/index.php\/wp-json\/wp\/v2\/categories?post=186345"},{"taxonomy":"post_tag","embeddable":true,"href":"http:\/\/cordobainforma.info\/index.php\/wp-json\/wp\/v2\/tags?post=186345"}],"curies":[{"name":"wp","href":"https:\/\/api.w.org\/{rel}","templated":true}]}}