{"id":182505,"date":"2026-01-22T16:48:14","date_gmt":"2026-01-22T16:48:14","guid":{"rendered":"https:\/\/www.mujerhoy.com\/moda\/no-te-pierdas\/calcetines-vista-tendencia-inesperada-ganar-protagonsimo-looks-temporada-20260122161049-nt.html"},"modified":"2026-01-22T16:48:14","modified_gmt":"2026-01-22T16:48:14","slug":"calcetines-a-la-vista-la-tendencia-inesperada-que-va-a-ganar-protagonsimo-en-tus-looks-de-esta-temporada","status":"publish","type":"post","link":"http:\/\/cordobainforma.info\/index.php\/2026\/01\/22\/calcetines-a-la-vista-la-tendencia-inesperada-que-va-a-ganar-protagonsimo-en-tus-looks-de-esta-temporada\/","title":{"rendered":"Calcetines a la vista, la tendencia inesperada que va a ganar protagonsimo en tus looks de esta temporada"},"content":{"rendered":"<div class=\"media_block\"><\/div>\n<p><!-- AUTHOR --><\/p>\n<div class=\"voc-author-timesocial \">\n<!-- AUTHOR --><\/p>\n<div class=\"voc-author-timesocial__signature \">\n<!-- IMAGE AUTHOR -->\n<picture class=\"voc-image-signature\">\n<img class=\"voc-image-signature__img\" src=\"http:\/\/cordobainforma.info\/wp-content\/uploads\/2026\/01\/calcetines-a-la-vista-la-tendencia-inesperada-que-va-a-ganar-protagonsimo-en-tus-looks-de-esta-temporada.jpg\" alt=\"Elena Romero Vargas\">\n<\/picture>\n<!-- INFO AUTHOR --> <\/div><\/div>\n<p><!-- COMPONENTS --><\/p>\n<p class=\"voc-paragraph\">Hasta hace relativamente poco, el uso de los <strong>calcetines <\/strong>se limitaba a una mera cuesti\u00f3n log\u00edstica, pero desde hace algunas temporadas su presencia en los looks ha transpasado la barrera de lo pr\u00e1ctico para convertirse en un <strong>complemento esencial<\/strong> a la hora de elevar un look. Basta con <a href=\"https:\/\/www.mujerhoy.com\/moda\/no-te-pierdas\/tendencia-street-style-copenhague-mocasines-con-calcetines-ideas-looks-20240809105323-nt.html\" data-voc-vtm-id=\"in-text-traffic\" title=\"echar un vistazo a las propuestas del street style\" data-mrf-link=\"www.mujerhoy.com\">echar un vistazo a las propuestas del street style<\/a> para descubrir c\u00f3mo cada vez son m\u00e1s las prescriptoras de moda que se animan a crear estilismos donde los calcetines tengan el rol protagonsita.<\/p>\n<p class=\"voc-paragraph\">El primer paso para descubrir todo el potencial que tienen los calcetines es <strong>escoger el calzado adecuado <\/strong>con el que llevarlo. Y cuanto m\u00e1s deje ver esta prenda, much\u00edsimo mejor. Lejos de limitarse a dejarse asomar por encima de zapatillas, esta tendencia lo que propone es que<a href=\"https:\/\/www.mujerhoy.com\/moda\/tendencias\/mocasines-tendencia-favoritos-chicas-elegantes-otono-calcetines-oficina-20240905084424-nt.html\" data-voc-vtm-id=\"in-text-traffic\" title=\" se lleven con zapatos abiertos \" data-mrf-link=\"www.mujerhoy.com\"> se lleven con zapatos abiertos <\/a>y que, adem\u00e1s, se apueste por calcetines de colores o dise\u00f1os llamativos que contrasten con el resto del look.<\/p>\n<div class=\"v-c-cmp v-c-cmp--t1 \">\n<div class=\"v-cmp-rld v-cmp-rld--2 \">\n<div class=\"v-cnt-m v-cnt-m--m\">\n<div class=\"v-cnt-m__c\">\n<div class=\"v-cnt-m__w v-cnt-m__w--1\">\n<p class=\"v-cnt-m__t\">\nTAMBI\u00c9N TE INTERESA\n<\/p>\n<\/div>\n<\/div>\n<\/div>\n<div class=\"v-g v-g--2-c v-g--bdr-min-xs\">\n<div class=\"v-g__c \">\n<article class=\"v-a v-a--cmp-rld v-a--cmp-rld-2 v-a--p-l\">\n<div class=\"v-a-img-c\">\n<figure class=\"v-a-fig\">\n<a href=\"https:\/\/www.mujerhoy.com\/moda\/no-te-pierdas\/estrenar-mocasines-regalo-reyes-magos-20260106133151-nt.html#vtm_modulosEngag=mod-rel:moda:noticia:1:cmp:2-not\" class=\"v-a-link\" title=\"Gu\u00eda expr\u00e9s para estrenar tus mocasines de Reyes sin fallar\"><br \/>\n<img loading=\"lazy\" class=\"v-a-img\" src=\"http:\/\/cordobainforma.info\/wp-content\/uploads\/2026\/01\/calcetines-a-la-vista-la-tendencia-inesperada-que-va-a-ganar-protagonsimo-en-tus-looks-de-esta-temporada-1.jpg\" alt=\"Gu\u00eda expr\u00e9s para estrenar tus mocasines de Reyes sin fallar\"><br \/>\n<\/a><br \/>\n<\/figure>\n<\/div>\n<\/article>\n<\/div>\n<div class=\"v-g__c \">\n<article class=\"v-a v-a--cmp-rld v-a--cmp-rld-2 v-a--p-l\">\n<div class=\"v-a-img-c\">\n<figure class=\"v-a-fig\">\n<a href=\"https:\/\/www.mujerhoy.com\/moda\/no-te-pierdas\/como-escoger-mejores-zapatos-barrel-jeans-sientan-genial-20260120173157-nt.html#vtm_modulosEngag=mod-rel:moda:noticia:2:cmp:2-not\" class=\"v-a-link\" title=\"Qu\u00e9 zapatos escoger para sacarle el m\u00e1ximo partido a tus barrel jeans\"><br \/>\n<img loading=\"lazy\" class=\"v-a-img\" src=\"http:\/\/cordobainforma.info\/wp-content\/uploads\/2026\/01\/calcetines-a-la-vista-la-tendencia-inesperada-que-va-a-ganar-protagonsimo-en-tus-looks-de-esta-temporada-2.jpg\" alt=\"Qu\u00e9 zapatos escoger para sacarle el m\u00e1ximo partido a tus barrel jeans\"><br \/>\n<\/a><br \/>\n<\/figure>\n<\/div>\n<\/article>\n<\/div>\n<\/div>\n<\/div>\n<\/div>\n<div class=\"v-c-cmp \">\n<div class=\"v-cmp-m v-cmp-m--t1\">\n<article class=\"v-a v-a--cmp-m v-c-cmp--m-p\">\n<div class=\"v-a-img-c v-a-img-c--fw-xs\">\n<div class=\"v-a-fig\">\n<div class=\"v-a-link\">\n<img loading=\"lazy\" src=\"http:\/\/cordobainforma.info\/wp-content\/uploads\/2026\/01\/calcetines-a-la-vista-la-tendencia-inesperada-que-va-a-ganar-protagonsimo-en-tus-looks-de-esta-temporada-3.jpg\" class=\"v-a-img\" width=\"650\" height=\"975\" alt=\"Mujer con mocasines con calcetines\" data-voc-vtm-id=\"in-text-traffic\">\n<\/div><figcaption class=\"v-fc\">\n<span class=\"v-fc__t\"><br \/>\nMujer con mocasines con calcetines<br \/>\n<\/span><br \/>\n<span class=\"v-fc__p\"><br \/>\nLAUNCHMETRICS SPOTLIGHT<br \/>\n<\/span><br \/>\n<\/figcaption><\/div>\n<\/div>\n<\/article>\n<\/div>\n<\/div>\n<p class=\"voc-paragraph\">Sin duda, el gran favorito para llevar con calcetines son los <strong>mocasines<\/strong>. Al principio, eran los calcetines blancos cl\u00e1sicos los que empezaron a poner de manifiesto lo bien que quedaba esta combinaci\u00f3n, pero poco a poco hemos ido descubriendo c\u00f3mo los mocasines con calcetines de colores, largos o estampados tambi\u00e9n son un diez para llevar con faldas que lo dejen ver o a modo de sorpresa con unos pantalones de traje.<\/p>\n<div class=\"v-c-cmp \">\n<div class=\"v-cmp-m v-cmp-m--t1\">\n<article class=\"v-a v-a--cmp-m v-c-cmp--m-p\">\n<div class=\"v-a-img-c v-a-img-c--fw-xs\">\n<div class=\"v-a-fig\">\n<div class=\"v-a-link\">\n<img loading=\"lazy\" src=\"http:\/\/cordobainforma.info\/wp-content\/uploads\/2026\/01\/calcetines-a-la-vista-la-tendencia-inesperada-que-va-a-ganar-protagonsimo-en-tus-looks-de-esta-temporada-4.jpg\" class=\"v-a-img\" width=\"650\" height=\"975\" alt=\"Mujer con bailarinas con calcetines\" data-voc-vtm-id=\"in-text-traffic\">\n<\/div><figcaption class=\"v-fc\">\n<span class=\"v-fc__t\"><br \/>\nMujer con bailarinas con calcetines<br \/>\n<\/span><br \/>\n<span class=\"v-fc__p\"><br \/>\nLAUNCHMETRICS SPOTLIGHT<br \/>\n<\/span><br \/>\n<\/figcaption><\/div>\n<\/div>\n<\/article>\n<\/div>\n<\/div>\n<p class=\"voc-paragraph\">Gracias al resultado tan acertado de llevar mocasines con calcetines, las expertas en moda se han atrevido con otras propuestas de calzado similares como las <strong>bailarinas<\/strong>. En este caso, se prefieren opciones largas y m\u00e1s femeninas, en colores pastel o tonos neutros para combinar con prendas mini.<\/p>\n<div class=\"v-c-cmp \">\n<div class=\"v-cmp-m v-cmp-m--t1\">\n<article class=\"v-a v-a--cmp-m v-c-cmp--m-p\">\n<div class=\"v-a-img-c v-a-img-c--fw-xs\">\n<div class=\"v-a-fig\">\n<div class=\"v-a-link\">\n<img loading=\"lazy\" src=\"http:\/\/cordobainforma.info\/wp-content\/uploads\/2026\/01\/calcetines-a-la-vista-la-tendencia-inesperada-que-va-a-ganar-protagonsimo-en-tus-looks-de-esta-temporada-5.jpg\" class=\"v-a-img\" width=\"650\" height=\"975\" alt=\"Mujer con zapato de tac\u00f3n con calcetines\" data-voc-vtm-id=\"in-text-traffic\">\n<\/div><figcaption class=\"v-fc\">\n<span class=\"v-fc__t\"><br \/>\nMujer con zapato de tac\u00f3n con calcetines<br \/>\n<\/span><br \/>\n<span class=\"v-fc__p\"><br \/>\nLAUNCHMETRICS SPOTLIGHT<br \/>\n<\/span><br \/>\n<\/figcaption><\/div>\n<\/div>\n<\/article>\n<\/div>\n<\/div>\n<p class=\"voc-paragraph\">El \u00faltimo grito entre las que m\u00e1s saben de moda es el de llevar <strong>zapatos de tac\u00f3n<\/strong> con calcetines. Ya sean unos <a href=\"https:\/\/www.mujerhoy.com\/moda\/tendencias\/zapatos-comodos-elegantes-kitten-heels-primavera-20250510123528-nt.html\" data-voc-vtm-id=\"in-text-traffic\" title=\"kitten heels\" data-mrf-link=\"www.mujerhoy.com\">kitten heels<\/a> o unos salones cl\u00e1sicos, esta propuesta ha demostrado ser de lo m\u00e1s eficiente a la hora de rejuvenecer y estilizar cualquier look, ya sea para una noche especial o para marcar la difernecia en la oficina.<\/p>\n<p><h3 class=\"v-cmp-suh\">\nCalcetines especiales que marcan la diferencia<br \/>\n<\/h3>\n<\/p>\n<div class=\"v-c-cmp \">\n<div class=\"v-cmp-m v-cmp-m--t1\">\n<article class=\"v-a v-a--cmp-m v-c-cmp--m-p\">\n<div class=\"v-a-img-c v-a-img-c--fw-xs\">\n<div class=\"v-a-fig\">\n<div class=\"v-a-link\">\n<img loading=\"lazy\" src=\"http:\/\/cordobainforma.info\/wp-content\/uploads\/2026\/01\/calcetines-a-la-vista-la-tendencia-inesperada-que-va-a-ganar-protagonsimo-en-tus-looks-de-esta-temporada-6.jpg\" class=\"v-a-img\" width=\"650\" height=\"975\" alt=\"Calcet\u00edn largo con cashmere y glitter (9\u20ac)\" data-voc-vtm-id=\"in-text-traffic\">\n<\/div><figcaption class=\"v-fc\">\n<span class=\"v-fc__t\"><br \/>\nCalcet\u00edn largo con cashmere y glitter (9\u20ac)<br \/>\n<\/span><br \/>\n<span class=\"v-fc__p\"><br \/>\nCalzedonia<br \/>\n<\/span><br \/>\n<\/figcaption><\/div>\n<\/div>\n<\/article>\n<\/div>\n<\/div>\n<p class=\"voc-paragraph\">La opci\u00f3n m\u00e1s vers\u00e1til son estos calcetines negros con glitter de <strong>Calzedonia<\/strong>. Van con cualquiera de las opciones anteriores, pero tambi\u00e9n con botas a media ca\u00f1a que dejen sobresalir el calcet\u00edn, un truco de estilo que sienta genial cuando quieres estilizar faldas mini.<\/p>\n<div class=\"v-c-cmp \">\n<div class=\"v-cmp-m v-cmp-m--t1\">\n<article class=\"v-a v-a--cmp-m v-c-cmp--m-p\">\n<div class=\"v-a-img-c v-a-img-c--fw-xs\">\n<div class=\"v-a-fig\">\n<div class=\"v-a-link\">\n<img loading=\"lazy\" src=\"http:\/\/cordobainforma.info\/wp-content\/uploads\/2026\/01\/calcetines-a-la-vista-la-tendencia-inesperada-que-va-a-ganar-protagonsimo-en-tus-looks-de-esta-temporada-7.jpg\" class=\"v-a-img\" width=\"650\" height=\"975\" alt=\"Calcetines Focus (14\u20ac)\" data-voc-vtm-id=\"in-text-traffic\">\n<\/div><figcaption class=\"v-fc\">\n<span class=\"v-fc__t\"><br \/>\nCalcetines Focus (14\u20ac)<br \/>\n<\/span><br \/>\n<span class=\"v-fc__p\"><br \/>\nSocktines<br \/>\n<\/span><br \/>\n<\/figcaption><\/div>\n<\/div>\n<\/article>\n<\/div>\n<\/div>\n<p class=\"voc-paragraph\">La mejor forma de convertir un look con vaqueros en un estilazo de plena tendencia es sum\u00e1ndole unos calcetines de rayas bicolor como estos de <strong>Socktines<\/strong>. Completa el look con un jersey de pico en color gris, abrigo largo y bolso en color burdeos a juego con el detalle del calcet\u00edn y tendr\u00e1s un estilismos diez y muy a la moda.<\/p>\n<div class=\"v-c-cmp \">\n<div class=\"v-cmp-m v-cmp-m--t1\">\n<article class=\"v-a v-a--cmp-m v-c-cmp--m-p\">\n<div class=\"v-a-img-c v-a-img-c--fw-xs\">\n<div class=\"v-a-fig\">\n<div class=\"v-a-link\">\n<img loading=\"lazy\" src=\"http:\/\/cordobainforma.info\/wp-content\/uploads\/2026\/01\/calcetines-a-la-vista-la-tendencia-inesperada-que-va-a-ganar-protagonsimo-en-tus-looks-de-esta-temporada-8.jpg\" class=\"v-a-img\" width=\"650\" height=\"975\" alt=\"Leila. Calcetines calados lurex\" data-voc-vtm-id=\"in-text-traffic\">\n<\/div><figcaption class=\"v-fc\">\n<span class=\"v-fc__t\"><br \/>\nLeila. Calcetines calados lurex<br \/>\n<\/span><br \/>\n<span class=\"v-fc__p\"><br \/>\nHoss Intropia<br \/>\n<\/span><br \/>\n<\/figcaption><\/div>\n<\/div>\n<\/article>\n<\/div>\n<\/div>\n<p class=\"voc-paragraph\">Para las m\u00e1s rom\u00e1nticas y femeninas estos calcetines en burdeos, calados y con detalle de de lurex de <strong>Hoss Intropia<\/strong> se van a convertir en sus grandes favoritos. Las bailarinas, las merceditas y, por supuesto, los mocasines, ponen el broche de oro a esta combinaci\u00f3n que sienta genial con cualquiera de tus pantalones.<\/p>\n<div class=\"v-c-cmp \">\n<div class=\"v-cmp-m v-cmp-m--t1\">\n<article class=\"v-a v-a--cmp-m v-c-cmp--m-p\">\n<div class=\"v-a-img-c v-a-img-c--fw-xs\">\n<div class=\"v-a-fig\">\n<div class=\"v-a-link\">\n<img loading=\"lazy\" src=\"http:\/\/cordobainforma.info\/wp-content\/uploads\/2026\/01\/calcetines-a-la-vista-la-tendencia-inesperada-que-va-a-ganar-protagonsimo-en-tus-looks-de-esta-temporada-9.jpg\" class=\"v-a-img\" width=\"650\" height=\"975\" alt=\"Athletic Zebra Print (11,95\u20ac)\" data-voc-vtm-id=\"in-text-traffic\">\n<\/div><figcaption class=\"v-fc\">\n<span class=\"v-fc__t\"><br \/>\nAthletic Zebra Print (11,95\u20ac)<br \/>\n<\/span><br \/>\n<span class=\"v-fc__p\"><br \/>\nJimmy Lion<br \/>\n<\/span><br \/>\n<\/figcaption><\/div>\n<\/div>\n<\/article>\n<\/div>\n<\/div>\n<p class=\"voc-paragraph\">Por su parte, para las que ya no pueden vivir sin el animal print tenemos estos calcetines con estampado de cebras de <strong>Jimmy Lion<\/strong> para llevar con tus zapatos negros abiertos favoritos. Nuestro consejo es que apuestes por algunos con escote en V para lograr ese contraste entre lo cl\u00e1sico y lo actual que tan bien sienta.<\/p>\n<div class=\"v-c-cmp v-c-cmp--t1 \">\n<div class=\"v-cmp-rld v-cmp-rld--2 \">\n<div class=\"v-cnt-m v-cnt-m--m\">\n<div class=\"v-cnt-m__c\">\n<div class=\"v-cnt-m__w v-cnt-m__w--1\">\n<p class=\"v-cnt-m__t\">\nNO TE PIERDAS\n<\/p>\n<\/div>\n<\/div>\n<\/div>\n<div class=\"v-g v-g--2-c v-g--bdr-min-xs\">\n<div class=\"v-g__c \">\n<article class=\"v-a v-a--cmp-rld v-a--cmp-rld-2 v-a--p-l\">\n<div class=\"v-a-img-c\">\n<figure class=\"v-a-fig\">\n<a href=\"https:\/\/www.mujerhoy.com\/moda\/no-te-pierdas\/zapatos-zara-puedes-comprar-rebajados-lucir-rebajas-2026-20260113152609-nt.html#vtm_modulosEngag=mod-rel:moda:noticia:1:cmp:2-not\" class=\"v-a-link\" title=\"Los zapatos de Zara que puedes comprar ahora rebajado y lucir todo el 2026\"><br \/>\n<img loading=\"lazy\" class=\"v-a-img\" src=\"http:\/\/cordobainforma.info\/wp-content\/uploads\/2026\/01\/calcetines-a-la-vista-la-tendencia-inesperada-que-va-a-ganar-protagonsimo-en-tus-looks-de-esta-temporada-10.jpg\" alt=\"Los zapatos de Zara que puedes comprar ahora rebajado y lucir todo el 2026\"><br \/>\n<\/a><br \/>\n<\/figure>\n<\/div>\n<\/article>\n<\/div>\n<div class=\"v-g__c \">\n<article class=\"v-a v-a--cmp-rld v-a--cmp-rld-2 v-a--p-l\">\n<div class=\"v-a-img-c\">\n<figure class=\"v-a-fig\">\n<a href=\"https:\/\/www.mujerhoy.com\/moda\/no-te-pierdas\/zapatos-planos-novias-2026-comodos-elegantes-originales-20260117172550-nt.html#vtm_modulosEngag=mod-rel:moda:noticia:2:cmp:2-not\" class=\"v-a-link\" title=\"Las novias de 2026 prefieren los zapatos planos: los modelos m\u00e1s c\u00f3modos y elegantes para completar un look nupcial\"><br \/>\n<img loading=\"lazy\" class=\"v-a-img\" src=\"http:\/\/cordobainforma.info\/wp-content\/uploads\/2026\/01\/calcetines-a-la-vista-la-tendencia-inesperada-que-va-a-ganar-protagonsimo-en-tus-looks-de-esta-temporada-11.jpg\" alt=\"Las novias de 2026 prefieren los zapatos planos: los modelos m\u00e1s c\u00f3modos y elegantes para completar un look nupcial\"><br \/>\n<\/a><br \/>\n<\/figure>\n<\/div>\n<\/article>\n<\/div>\n<\/div>\n<\/div>\n<\/div>\n","protected":false},"excerpt":{"rendered":"<p>Hasta hace relativamente poco, el uso de los calcetines se limitaba a una mera cuesti\u00f3n log\u00edstica, pero desde hace algunas temporadas su presencia en los looks ha transpasado la barrera de lo pr\u00e1ctico para convertirse en un complemento esencial a la hora de elevar un look. Basta con echar un vistazo a las propuestas del [&hellip;]<\/p>\n","protected":false},"author":1,"featured_media":182506,"comment_status":"closed","ping_status":"closed","sticky":false,"template":"","format":"standard","meta":[],"categories":[24],"tags":[],"_links":{"self":[{"href":"http:\/\/cordobainforma.info\/index.php\/wp-json\/wp\/v2\/posts\/182505"}],"collection":[{"href":"http:\/\/cordobainforma.info\/index.php\/wp-json\/wp\/v2\/posts"}],"about":[{"href":"http:\/\/cordobainforma.info\/index.php\/wp-json\/wp\/v2\/types\/post"}],"author":[{"embeddable":true,"href":"http:\/\/cordobainforma.info\/index.php\/wp-json\/wp\/v2\/users\/1"}],"replies":[{"embeddable":true,"href":"http:\/\/cordobainforma.info\/index.php\/wp-json\/wp\/v2\/comments?post=182505"}],"version-history":[{"count":0,"href":"http:\/\/cordobainforma.info\/index.php\/wp-json\/wp\/v2\/posts\/182505\/revisions"}],"wp:featuredmedia":[{"embeddable":true,"href":"http:\/\/cordobainforma.info\/index.php\/wp-json\/wp\/v2\/media\/182506"}],"wp:attachment":[{"href":"http:\/\/cordobainforma.info\/index.php\/wp-json\/wp\/v2\/media?parent=182505"}],"wp:term":[{"taxonomy":"category","embeddable":true,"href":"http:\/\/cordobainforma.info\/index.php\/wp-json\/wp\/v2\/categories?post=182505"},{"taxonomy":"post_tag","embeddable":true,"href":"http:\/\/cordobainforma.info\/index.php\/wp-json\/wp\/v2\/tags?post=182505"}],"curies":[{"name":"wp","href":"https:\/\/api.w.org\/{rel}","templated":true}]}}