{"id":182493,"date":"2026-01-22T21:14:00","date_gmt":"2026-01-22T21:14:00","guid":{"rendered":"http:\/\/cordobainforma.info\/index.php\/2026\/01\/22\/julio-barbaro-sobre-el-discurso-de-milei-en-davos-es-triste-muy-triste\/"},"modified":"2026-01-22T21:14:00","modified_gmt":"2026-01-22T21:14:00","slug":"julio-barbaro-sobre-el-discurso-de-milei-en-davos-es-triste-muy-triste","status":"publish","type":"post","link":"http:\/\/cordobainforma.info\/index.php\/2026\/01\/22\/julio-barbaro-sobre-el-discurso-de-milei-en-davos-es-triste-muy-triste\/","title":{"rendered":"Julio B\u00e1rbaro sobre el discurso de Milei en Davos: \u00abEs triste, muy triste\u00bb"},"content":{"rendered":"<div class=\"media_block\"><\/div>\n<div><img src=\"http:\/\/cordobainforma.info\/wp-content\/uploads\/2026\/01\/julio-barbaro-sobre-el-discurso-de-milei-en-davos-es-triste-muy-triste.jpg\" class=\"ff-og-image-inserted\"><\/div>\n<p>El analista pol\u00edtico <strong>Julio B\u00e1rbaro<\/strong> calific\u00f3 como <strong>\u201cmuy triste\u201d<\/strong> el discurso del presidente<strong> Javier Milei en el Foro de Davos<\/strong>.<\/p>\n<p class=\"destacadoNota\"><a target=\"_blank\" href=\"https:\/\/www.perfil.com\/noticias\/nea\/jorge-asis-sobre-milei-en-davos-degradar-con-altivez-editorial-la-caricatura-del-socialismo-es-un-infantilismo-que-impresiona.phtml\" rel=\"noopener noreferrer\">Jorge As\u00eds sobre Milei en Davos: \u00abDegradar con altivez editorial la caricatura del socialismo es un infantilismo que impresiona\u00bb<\/a><\/p>\n<h2>\u201cMuy triste\u201d<\/h2>\n<p>\u201cLa Argentina tuvo grandes pensadores de izquierda y de derecha. Yo me crie, me eduqu\u00e9 entre los<strong> Silvio Frondiz<\/strong>i, los <strong>Abelardo Ramos<\/strong>, pero tambi\u00e9n los <strong>Meinvielle<\/strong>. Hab\u00eda de todos lados. El padre<strong> Castellani<\/strong>, <strong>Borges<\/strong> era un pensador\u201d, cont\u00f3<\/p>\n<p>\u201cNosotros tuvimos pensadores de verdad, intelectuales fuertes, intelectuales y artistas que pesaron en la humanidad como <strong>Marta Argerich<\/strong>, como <strong>Barenboim<\/strong>, nosotros tuvimos a<strong> Saavedra Lamas<\/strong>\u201d, precis\u00f3 en declaraciones a <em>Radio Buenos Aires<\/em>.<\/p>\n<p class=\"destacadoNota\"><a target=\"_blank\" href=\"https:\/\/www.perfil.com\/noticias\/nea\/cachanosky-cito-a-ortega-para-criticar-el-discurso-de-milei-en-davos-la-claridad-es-la-cortesia-del-filosofo.phtml\" rel=\"noopener noreferrer\">Cachanosky cit\u00f3 a Ortega para criticar el discurso de Milei en Davos: \u00abLa claridad es la cortes\u00eda del fil\u00f3sofo\u00bb<\/a><\/p>\n<h2>\u201cEs grotesco\u201d<\/h2>\n<p>\u201cTodo eso hizo historia. Despu\u00e9s viene la mala. <strong>Y en la mala nos toca esto de iniciar con un jovenzuelo que ley\u00f3 dos libros y no los entendi\u00f3. Y dice \u00b4vamos a matar a Maquiavelo\u00b4<\/strong>. Ah, s\u00ed. Mi t\u00eda la gorda est\u00e1 en lo mismo. Es grotesco\u201d, asegur\u00f3 B\u00e1rbaro.<\/p>\n<p>Al ser consultado sobre el punto de vista de <strong>Guillermo Moreno<\/strong> de que \u201cDonald Trump es peronista\u201d, el analista respondi\u00f3: \u201cGuillermo es una buena persona que le gusta mucho provocar\u201d.<\/p>\n<p>Y luego complet\u00f3: \u201c<strong>Trump tiene cosas de pragmatismo, que tambi\u00e9n tuvo el peronismo, y tuvo el radicalism<\/strong>o, y tuvieron todas las fuerzas pol\u00edticas coherentes del mundo\u201d.<\/p>\n<p>\u201c<strong>Trump tiene una l\u00f3gica que Milei no lleva<\/strong>. \u00bfQu\u00e9 le vamos hacer? Trump es desde el imperio. Pero usted <strong>se pregunta si el grandote se protege por qu\u00e9 el chiquito anda desnudo por la calle<\/strong>\u201d, concluy\u00f3 B\u00e1rbaro.<\/p>\n<div class=\"article__tags\">\n<p>En esta Nota<\/p>\n<\/p><\/div>\n","protected":false},"excerpt":{"rendered":"<p>El analista pol\u00edtico Julio B\u00e1rbaro calific\u00f3 como \u201cmuy triste\u201d el discurso del presidente Javier Milei en el Foro de Davos. Jorge As\u00eds sobre Milei en Davos: \u00abDegradar con altivez editorial la caricatura del socialismo es un infantilismo que impresiona\u00bb \u201cMuy triste\u201d \u201cLa Argentina tuvo grandes pensadores de izquierda y de derecha. Yo me crie, me [&hellip;]<\/p>\n","protected":false},"author":1,"featured_media":182494,"comment_status":"closed","ping_status":"closed","sticky":false,"template":"","format":"standard","meta":[],"categories":[2],"tags":[],"_links":{"self":[{"href":"http:\/\/cordobainforma.info\/index.php\/wp-json\/wp\/v2\/posts\/182493"}],"collection":[{"href":"http:\/\/cordobainforma.info\/index.php\/wp-json\/wp\/v2\/posts"}],"about":[{"href":"http:\/\/cordobainforma.info\/index.php\/wp-json\/wp\/v2\/types\/post"}],"author":[{"embeddable":true,"href":"http:\/\/cordobainforma.info\/index.php\/wp-json\/wp\/v2\/users\/1"}],"replies":[{"embeddable":true,"href":"http:\/\/cordobainforma.info\/index.php\/wp-json\/wp\/v2\/comments?post=182493"}],"version-history":[{"count":0,"href":"http:\/\/cordobainforma.info\/index.php\/wp-json\/wp\/v2\/posts\/182493\/revisions"}],"wp:featuredmedia":[{"embeddable":true,"href":"http:\/\/cordobainforma.info\/index.php\/wp-json\/wp\/v2\/media\/182494"}],"wp:attachment":[{"href":"http:\/\/cordobainforma.info\/index.php\/wp-json\/wp\/v2\/media?parent=182493"}],"wp:term":[{"taxonomy":"category","embeddable":true,"href":"http:\/\/cordobainforma.info\/index.php\/wp-json\/wp\/v2\/categories?post=182493"},{"taxonomy":"post_tag","embeddable":true,"href":"http:\/\/cordobainforma.info\/index.php\/wp-json\/wp\/v2\/tags?post=182493"}],"curies":[{"name":"wp","href":"https:\/\/api.w.org\/{rel}","templated":true}]}}