{"id":182491,"date":"2026-01-22T18:55:14","date_gmt":"2026-01-22T18:55:14","guid":{"rendered":"https:\/\/cordoba.gob.ar\/?p=85187"},"modified":"2026-01-22T18:55:14","modified_gmt":"2026-01-22T18:55:14","slug":"operativo-municipal-para-el-partido-de-talleres-y-newells-en-el-estadio-kempes","status":"publish","type":"post","link":"http:\/\/cordobainforma.info\/index.php\/2026\/01\/22\/operativo-municipal-para-el-partido-de-talleres-y-newells-en-el-estadio-kempes\/","title":{"rendered":"Operativo municipal para el partido de Talleres y Newell\u2019s en el estadio Kempes"},"content":{"rendered":"<div><img src=\"http:\/\/cordobainforma.info\/wp-content\/uploads\/2026\/01\/operativo-municipal-para-el-partido-de-talleres-y-newells-en-el-estadio-kempes.jpg\" class=\"ff-og-image-inserted\"><\/div>\n<p data-prosemirror-content-type=\"node\" data-prosemirror-node-name=\"paragraph\" data-prosemirror-node-block=\"true\" data-pm-slice=\"1 1 []\">Talleres recibe a Newell\u2019s en el estadio Mario Alberto Kempes este viernes 23 de enero, en la primera fecha del Torneo Apertura. Antes, durante y despu\u00e9s del encuentro, la Municipalidad de C\u00f3rdoba, junto a distintos organismos provinciales, realizar\u00e1 un operativo integral de control y seguridad en el estadio y alrededores.<\/p>\n<p data-prosemirror-content-type=\"node\" data-prosemirror-node-name=\"paragraph\" data-prosemirror-node-block=\"true\">La Polic\u00eda Municipal ha dispuesto un operativo de ordenamiento del tr\u00e1nsito en las inmediaciones. Se ordenar\u00e1 el tr\u00e1nsito asistente al espect\u00e1culo deportivo, orientando al p\u00fablico a estacionar sus veh\u00edculos en las zonas designadas y con espacios disponibles, conforme el operativo de seguridad.<\/p>\n<p data-prosemirror-content-type=\"node\" data-prosemirror-node-name=\"paragraph\" data-prosemirror-node-block=\"true\">En cada una de las zonas citadas se activar\u00e1 a la salida el direccionamiento del tr\u00e1nsito, orientando en contramano parte de las colectoras de C\u00e1rcano, Av. Del Piamonte y un tramo de Av. Gauss, para permitir una pronta evacuaci\u00f3n y reducir a su m\u00ednima expresi\u00f3n los inconvenientes que la gran cantidad de veh\u00edculos con p\u00fablico asistente al evento pudiera ocasionar a los vecinos no vinculados al partido.<\/p>\n<p data-prosemirror-content-type=\"node\" data-prosemirror-node-name=\"paragraph\" data-prosemirror-node-block=\"true\">Es importante destacar que la Av. De Circunvalaci\u00f3n no ser\u00e1 objeto de corte ni reorientaci\u00f3n, excepto a la salida, cuando se impedir\u00e1 acceder hacia el Estadio.<\/p>\n<p data-prosemirror-content-type=\"node\" data-prosemirror-node-name=\"paragraph\" data-prosemirror-node-block=\"true\">Las tareas demandar\u00e1n el trabajo de 60 inspectores, tres gr\u00faas municipales y dos privadas y otros 16 veh\u00edculos. Se sugiere a los vecinos no asistentes al espectaculo deportivo evitar la zona del Estadio Kempes entre las 19:00 y la 01:30 horas.<\/p>\n<p data-prosemirror-content-type=\"node\" data-prosemirror-node-name=\"paragraph\" data-prosemirror-node-block=\"true\">El operativo contempla adem\u00e1s la actuaci\u00f3n del \u00e1rea de Fiscalizaci\u00f3n y Control Municipal, que tendr\u00e1 43 agentes trabajando en la supervisi\u00f3n del espect\u00e1culo en general, del funcionamiento de los puestos gastron\u00f3micos habilitados y de la venta ambulante hasta el postpartido.<\/p>\n<p data-prosemirror-content-type=\"node\" data-prosemirror-node-name=\"paragraph\" data-prosemirror-node-block=\"true\">Tambi\u00e9n en la prevenci\u00f3n y disuasi\u00f3n de venta ambulante no autorizada en inmediaciones del estadio, supervici\u00f3n de puestos de hidrataci\u00f3n y fiscalizaci\u00f3n permanente del cumplimiento de las normas de seguridad e higiene, entre otros.<\/p>\n<p data-prosemirror-content-type=\"node\" data-prosemirror-node-name=\"paragraph\" data-prosemirror-node-block=\"true\">Se autorizaron un total de 11 m\u00f3dulos de ubicaci\u00f3n temporal, 8 de chorip\u00e1n y 3 de panchos.<\/p>\n<p data-prosemirror-content-type=\"node\" data-prosemirror-node-name=\"paragraph\" data-prosemirror-node-block=\"true\">M\u00f3viles de la Guardia Urbana y la Polic\u00eda de la Provincia dispuesta en 12 motos y 12 veh\u00edculos, adem\u00e1s de 432 efectivos, cuidar\u00e1n de la integridad de los asistentes y vecinos del lugar. La fuerza municipal patrullar\u00e1 las inmediaciones del estadio, controlando a su vez la posible intervenci\u00f3n de cuidacoches ilegales.<\/p>\n<p data-prosemirror-content-type=\"node\" data-prosemirror-node-name=\"paragraph\" data-prosemirror-node-block=\"true\">A la par, personal de Defensa Civil y de la Unidad Ejecutora de Riesgo El\u00e9ctrico prestar\u00e1 apoyo en el interior del estadio.<\/p>\n<p data-prosemirror-content-type=\"node\" data-prosemirror-node-name=\"paragraph\" data-prosemirror-node-block=\"true\">En cuanto al servicio sanitario habr\u00e1 cuatro ambulancias, una por tribuna y dos mas en el campo de juego. Tambi\u00e9n dentro del estadio funcionara un carrito sanitario a lo que se le suma dos carpas sanitarias en los puntos norte y sur del estadio.<\/p>\n<p data-prosemirror-content-type=\"node\" data-prosemirror-node-name=\"paragraph\" data-prosemirror-node-block=\"true\">Por su parte, el Ente C\u00f3rdoba Obras y Servicios (COyS) se encargar\u00e1 de la limpieza de las inmediaciones del estadio.<\/p>\n<p data-prosemirror-content-type=\"node\" data-prosemirror-node-name=\"paragraph\" data-prosemirror-node-block=\"true\"><strong data-prosemirror-content-type=\"mark\" data-prosemirror-mark-name=\"strong\">Transporte hacia Kempes<\/strong><\/p>\n<p data-prosemirror-content-type=\"node\" data-prosemirror-node-name=\"paragraph\" data-prosemirror-node-block=\"true\">La carga de pasajeros que se dirijan hacia el estadio se realizar\u00e1 el viernes a partir de las 20:00 desde la plaza de la Intendencia- H\u00e9roes de Malvinas (Caseros y Ca\u00f1ada) hasta el Parque del Kempes.<\/p>\n<p data-prosemirror-content-type=\"node\" data-prosemirror-node-name=\"paragraph\" data-prosemirror-node-block=\"true\">A tal fin, habr\u00e1 a disposici\u00f3n de los concurrentes diez colectivos, cinco pertenecientes al Grupo Fam y otros cinco a Tamsau.<\/p>\n<p data-prosemirror-content-type=\"node\" data-prosemirror-node-name=\"paragraph\" data-prosemirror-node-block=\"true\">El pago del servicio podr\u00e1 hacerse por todos los medios habilitados.<\/p>\n","protected":false},"excerpt":{"rendered":"<p>Talleres recibe a Newell\u2019s en el estadio Mario Alberto Kempes este viernes 23 de enero, en la primera fecha del Torneo Apertura. Antes, durante y despu\u00e9s del encuentro, la Municipalidad de C\u00f3rdoba, junto a distintos organismos provinciales, realizar\u00e1 un operativo integral de control y seguridad en el estadio y alrededores. La Polic\u00eda Municipal ha dispuesto [&hellip;]<\/p>\n","protected":false},"author":1,"featured_media":182492,"comment_status":"closed","ping_status":"closed","sticky":false,"template":"","format":"standard","meta":[],"categories":[2],"tags":[],"_links":{"self":[{"href":"http:\/\/cordobainforma.info\/index.php\/wp-json\/wp\/v2\/posts\/182491"}],"collection":[{"href":"http:\/\/cordobainforma.info\/index.php\/wp-json\/wp\/v2\/posts"}],"about":[{"href":"http:\/\/cordobainforma.info\/index.php\/wp-json\/wp\/v2\/types\/post"}],"author":[{"embeddable":true,"href":"http:\/\/cordobainforma.info\/index.php\/wp-json\/wp\/v2\/users\/1"}],"replies":[{"embeddable":true,"href":"http:\/\/cordobainforma.info\/index.php\/wp-json\/wp\/v2\/comments?post=182491"}],"version-history":[{"count":0,"href":"http:\/\/cordobainforma.info\/index.php\/wp-json\/wp\/v2\/posts\/182491\/revisions"}],"wp:featuredmedia":[{"embeddable":true,"href":"http:\/\/cordobainforma.info\/index.php\/wp-json\/wp\/v2\/media\/182492"}],"wp:attachment":[{"href":"http:\/\/cordobainforma.info\/index.php\/wp-json\/wp\/v2\/media?parent=182491"}],"wp:term":[{"taxonomy":"category","embeddable":true,"href":"http:\/\/cordobainforma.info\/index.php\/wp-json\/wp\/v2\/categories?post=182491"},{"taxonomy":"post_tag","embeddable":true,"href":"http:\/\/cordobainforma.info\/index.php\/wp-json\/wp\/v2\/tags?post=182491"}],"curies":[{"name":"wp","href":"https:\/\/api.w.org\/{rel}","templated":true}]}}