{"id":182488,"date":"2026-01-22T18:38:36","date_gmt":"2026-01-22T18:38:36","guid":{"rendered":"http:\/\/cordobainforma.info\/index.php\/2026\/01\/22\/cordoba-amplia-por-un-ano-la-reduccion-de-salarios-del-gobernador-y-su-gabinete\/"},"modified":"2026-01-22T18:38:36","modified_gmt":"2026-01-22T18:38:36","slug":"cordoba-amplia-por-un-ano-la-reduccion-de-salarios-del-gobernador-y-su-gabinete","status":"publish","type":"post","link":"http:\/\/cordobainforma.info\/index.php\/2026\/01\/22\/cordoba-amplia-por-un-ano-la-reduccion-de-salarios-del-gobernador-y-su-gabinete\/","title":{"rendered":"<b>C\u00f3rdoba<\/b> ampl\u00eda por un a\u00f1o la reducci\u00f3n de salarios del gobernador y su gabinete"},"content":{"rendered":"<p>El ministro de <b>Econom\u00eda<\/b> de <b>C\u00f3rdoba<\/b>, Guillermo Acosta, junto al gobernador Mart\u00edn Llaryora. El Ministerio de <b>Econom\u00eda<\/b> y Gesti\u00f3n P\u00fablica, facultado para&nbsp;&#8230; <\/p>\n","protected":false},"excerpt":{"rendered":"<p>El ministro de Econom\u00eda de C\u00f3rdoba, Guillermo Acosta, junto al gobernador Mart\u00edn Llaryora. El Ministerio de Econom\u00eda y Gesti\u00f3n P\u00fablica, facultado para&nbsp;&#8230;<\/p>\n","protected":false},"author":1,"featured_media":0,"comment_status":"closed","ping_status":"closed","sticky":false,"template":"","format":"standard","meta":[],"categories":[23],"tags":[],"_links":{"self":[{"href":"http:\/\/cordobainforma.info\/index.php\/wp-json\/wp\/v2\/posts\/182488"}],"collection":[{"href":"http:\/\/cordobainforma.info\/index.php\/wp-json\/wp\/v2\/posts"}],"about":[{"href":"http:\/\/cordobainforma.info\/index.php\/wp-json\/wp\/v2\/types\/post"}],"author":[{"embeddable":true,"href":"http:\/\/cordobainforma.info\/index.php\/wp-json\/wp\/v2\/users\/1"}],"replies":[{"embeddable":true,"href":"http:\/\/cordobainforma.info\/index.php\/wp-json\/wp\/v2\/comments?post=182488"}],"version-history":[{"count":0,"href":"http:\/\/cordobainforma.info\/index.php\/wp-json\/wp\/v2\/posts\/182488\/revisions"}],"wp:attachment":[{"href":"http:\/\/cordobainforma.info\/index.php\/wp-json\/wp\/v2\/media?parent=182488"}],"wp:term":[{"taxonomy":"category","embeddable":true,"href":"http:\/\/cordobainforma.info\/index.php\/wp-json\/wp\/v2\/categories?post=182488"},{"taxonomy":"post_tag","embeddable":true,"href":"http:\/\/cordobainforma.info\/index.php\/wp-json\/wp\/v2\/tags?post=182488"}],"curies":[{"name":"wp","href":"https:\/\/api.w.org\/{rel}","templated":true}]}}