{"id":182452,"date":"2026-01-22T16:10:23","date_gmt":"2026-01-22T16:10:23","guid":{"rendered":"https:\/\/www.clarin.com\/deportes\/periodista-francesa-hostigada-pregunta-escandalosa-final-copa-africana-ahora-retira-siento-liberada_0_dRLUB9Fas5.html"},"modified":"2026-01-22T16:10:23","modified_gmt":"2026-01-22T16:10:23","slug":"una-periodista-francesa-fue-hostigada-por-una-pregunta-en-la-escandalosa-final-de-la-copa-africana-y-ahora-se-retira-me-siento-liberada","status":"publish","type":"post","link":"http:\/\/cordobainforma.info\/index.php\/2026\/01\/22\/una-periodista-francesa-fue-hostigada-por-una-pregunta-en-la-escandalosa-final-de-la-copa-africana-y-ahora-se-retira-me-siento-liberada\/","title":{"rendered":"Una periodista francesa fue hostigada por una pregunta en la escandalosa final de la Copa Africana y ahora se retira: \u00abMe siento liberada\u00bb"},"content":{"rendered":"<p><img src=\"http:\/\/cordobainforma.info\/wp-content\/uploads\/2026\/01\/una-periodista-francesa-fue-hostigada-por-una-pregunta-en-la-escandalosa-final-de-la-copa-africana-y-ahora-se-retira-me-siento-liberada.jpg\"><\/p>\n<div><img src=\"http:\/\/cordobainforma.info\/wp-content\/uploads\/2026\/01\/una-periodista-francesa-fue-hostigada-por-una-pregunta-en-la-escandalosa-final-de-la-copa-africana-y-ahora-se-retira-me-siento-liberada-2.jpg\" class=\"ff-og-image-inserted\"><\/div>\n<div id=\"element-body-0\" readability=\"58.243093922652\">\n<p>La final de la <strong>Copa Africana de Naciones<\/strong> que se jug\u00f3 el pasado domingo sigue dando que hablar. Fue ca\u00f3tica la noche en <strong>Rabat<\/strong>, donde <strong>Senegal <\/strong>agu\u00f3 la fiesta de <strong>Marruecos<\/strong>, que quer\u00eda <a href=\"https:\/\/www.clarin.com\/deportes\/senegal-armo-rabatazo-dejo-marruecos-corazon-desgarrado-drama-polemica-escandalo-final-copa-africana-naciones_0_hjAD6S5J12.html\" target=\"_blank\" title=\"cortar una racha de 50 a\u00f1os sin t\u00edtulos\" alt=\"cortar una racha de 50 a\u00f1os sin t\u00edtulos\" rel=\"noopener noreferrer\">cortar una racha de 50 a\u00f1os sin t\u00edtulos<\/a> y termin\u00f3 sufriendo una pesadilla por culpa de una de sus figuras, <strong>Brahim D\u00edaz<\/strong>. El futbolista de Real Madrid tuvo en sus pies la chance de la victoria pero fall\u00f3 un penal por querer picarla en el \u00faltimo minuto y despu\u00e9s la visita se impuso en el alargue. <strong>Lo llora Marruecos pero tambi\u00e9n una periodista francesa.<\/strong><\/p>\n<\/div>\n<div id=\"element-body-1\" readability=\"65\">\n<p>Su nombre es <strong>Vanessa Le Moigne<\/strong>, tiene 40 a\u00f1os y es periodista de <em>BeIN Sport<\/em>, una de las se\u00f1ales deportivas m\u00e1s vistas en buena parte del mundo, en especial en Europa y \u00c1frica. Una especie de <strong>Morena Beltr\u00e1n <\/strong>o <strong>Sofi Mart\u00ednez<\/strong> pero en Francia, el pa\u00eds subcampe\u00f3n del mundo donde el f\u00fatbol se vive con mucha pasi\u00f3n, como en Sudam\u00e9rica.<\/p>\n<\/div>\n<div id=\"element-body-2\" readability=\"63\">\n<p>A cargo de las coberturas de la Ligue 2, la segunda divisi\u00f3n francesa, a Vanessa (cuyo apellido recuerda al de una medi\u00e1tica legisladora argentina) le toc\u00f3 viajar a <strong>Marruecos <\/strong>para estar presente en la <strong>Copa Africana de Naciones<\/strong>. El certamen tiene mucha relevancia en esa parte del Viejo Continente por las comunidades de inmigrantes que est\u00e1n instalados all\u00ed, pero tambi\u00e9n porque la mayor\u00eda de los futbolistas convocados son nacidos en tierra gala o disputan sus ligas.<\/p>\n<\/div>\n<div id=\"element-body-3\" readability=\"63\">\n<p>Vanessa vio desde el borde del campo todo lo que ocurri\u00f3 en el partido entre <strong>Marruecos <\/strong>y <strong>Senegal<\/strong>, desde los incidentes con el p\u00fablico senegal\u00e9s hasta la jugada clave en que<strong> \u00c9douard Mendy<\/strong> intuy\u00f3 la intenci\u00f3n de D\u00edaz y ataj\u00f3 el penal sin problemas. En medio de la desilusi\u00f3n marroqu\u00ed y los festejos de <strong>Sadio Man\u00e9 <\/strong>y compa\u00f1\u00eda, la periodista entrevist\u00f3 al arquero h\u00e9roe, y le hizo una pregunta que gener\u00f3 un fuerte repudio en las redes sociales.<\/p>\n<\/div>\n<div id=\"element-body-5\" readability=\"64\">\n<p>\u00abNo me atrevo a felicitarte, te dejo que comentes todo lo que pas\u00f3 al final; es dram\u00e1tico\u00bb, le dijo la francesa al ex <strong>Chelsea<\/strong>, pregunt\u00e1ndole tambi\u00e9n si hab\u00eda hecho alg\u00fan tipo de acuerdo con D\u00edaz para atajar el penal, una versi\u00f3n que puede sonar ins\u00f3lita pero que se escuch\u00f3 fuerte en medio del caos que rein\u00f3 en el partido disputado en Rabat.<\/p>\n<\/div>\n<div id=\"element-body-6\" readability=\"63\">\n<p>Todo Senegal consider\u00f3 como un arrebato arbitral el penal a favor de Marruecos, sancionado en el minuto 96 de la final a trav\u00e9s del <strong>VAR<\/strong>, un par de minutos despu\u00e9s de que a ellos les cobraron una falta en ataque en una acci\u00f3n que terminaba en gol para la visita. Era tal la bronca que amagaron con dejar la cancha y su p\u00fablico se enfrent\u00f3 con la seguridad, invadiendo la cancha.<\/p>\n<\/div>\n<div id=\"element-body-7\" readability=\"26.618081180812\">\n<blockquote class=\"twitter-tweet\" readability=\"5.070110701107\">\n<p lang=\"fr\" dir=\"ltr\">La minute o\u00f9 la finale a bascul\u00e9 dans le chaos\u2026 Avec l\u2019\u00e9clairage du d\u00e9sormais double vainqueur de la CAN Edouard Mendy. <br \/>Interview dans son contexte c\u2019est mieux! <a href=\"https:\/\/t.co\/IXMaLVwHgA\">pic.twitter.com\/IXMaLVwHgA<\/a><\/p>\n<p>\u2014 vanessa Le Moigne \ud83c\uddeb\ud83c\uddf7\ud83c\udde9\ud83c\uddff (@Vanessalemoigne) <a href=\"https:\/\/twitter.com\/Vanessalemoigne\/status\/2013292587675738502?ref_src=twsrc%5Etfw\">January 19, 2026<\/a><\/p><\/blockquote><\/div>\n<div id=\"element-body-8\" readability=\"66\">\n<p>Afectada por los cuestionamientos a su trabajo, <strong>Vanessa <\/strong>denunci\u00f3 en Instagram una campa\u00f1a de acoso y odio en su contra y anunci\u00f3 que dejar\u00e1 de trabajar en el f\u00fatbol. \u00abEn ese momento, no sab\u00eda si los dos j\u00f3venes que vi siendo trasladados en camillas, inconscientes, segu\u00edan vivos\u00bb, se defendi\u00f3 en su descargo, tratando de explicar por qu\u00e9 para ella era m\u00e1s importante lo que rode\u00f3 a la final que hablar con <strong>Mendy <\/strong>del resultado en s\u00ed.<\/p>\n<\/div>\n<div id=\"element-body-10\" readability=\"64\">\n<p>\u00abCirculaban rumores de un &#8216;acuerdo de paz&#8217; \u200b\u200ben las redes sociales. Tengo que hacer preguntas, y esta pregunta en particular sobre el penal, para que alguna de las partes involucradas responda\u00bb, afirm\u00f3 luego, como si fuera necesario fundamentar por qu\u00e9 le consult\u00f3 sobre el penal de D\u00edaz a Mendy.<\/p>\n<\/div>\n<div id=\"element-body-11\" readability=\"63\">\n<p>\u00abNo pasa nada si los hinchas no lo entienden\u00bb, aclar\u00f3 <strong>Le Moigne<\/strong> al desarrollar por qu\u00e9 decidi\u00f3 no cubrir m\u00e1s futbol: lo hace porque est\u00e1 decepcionada con sus colegas. \u00abMis amigos, mis compa\u00f1eros que llevan a\u00f1os analizando cada desliz m\u00edo: ellos son claramente mejores. \u00a1Sin duda! Se lo dejo a ellos\u00bb, cerr\u00f3 con tono ir\u00f3nico.<\/p>\n<\/div>\n<div id=\"element-body-12\" readability=\"67\">\n<p>\u201cGracias, f\u00fatbol, \u200b\u200bpor los encuentros\u2026 por los momentos bonitos. Al final de la temporada, me detengo y ahora me siento liberada\u201d, a\u00f1adi\u00f3, anunciando su despedida del medio tras el cierre de la temporada de la Ligue 2. \u00abTermino lo que empec\u00e9 y luego har\u00e9 otra cosa, si es que la hay\u00bb, afirm\u00f3.<\/p>\n<\/div>\n","protected":false},"excerpt":{"rendered":"<p>La final de la Copa Africana de Naciones que se jug\u00f3 el pasado domingo sigue dando que hablar. Fue ca\u00f3tica la noche en Rabat, donde Senegal agu\u00f3 la fiesta de Marruecos, que quer\u00eda cortar una racha de 50 a\u00f1os sin t\u00edtulos y termin\u00f3 sufriendo una pesadilla por culpa de una de sus figuras, Brahim D\u00edaz. [&hellip;]<\/p>\n","protected":false},"author":1,"featured_media":182453,"comment_status":"closed","ping_status":"closed","sticky":false,"template":"","format":"standard","meta":[],"categories":[20],"tags":[],"_links":{"self":[{"href":"http:\/\/cordobainforma.info\/index.php\/wp-json\/wp\/v2\/posts\/182452"}],"collection":[{"href":"http:\/\/cordobainforma.info\/index.php\/wp-json\/wp\/v2\/posts"}],"about":[{"href":"http:\/\/cordobainforma.info\/index.php\/wp-json\/wp\/v2\/types\/post"}],"author":[{"embeddable":true,"href":"http:\/\/cordobainforma.info\/index.php\/wp-json\/wp\/v2\/users\/1"}],"replies":[{"embeddable":true,"href":"http:\/\/cordobainforma.info\/index.php\/wp-json\/wp\/v2\/comments?post=182452"}],"version-history":[{"count":0,"href":"http:\/\/cordobainforma.info\/index.php\/wp-json\/wp\/v2\/posts\/182452\/revisions"}],"wp:featuredmedia":[{"embeddable":true,"href":"http:\/\/cordobainforma.info\/index.php\/wp-json\/wp\/v2\/media\/182453"}],"wp:attachment":[{"href":"http:\/\/cordobainforma.info\/index.php\/wp-json\/wp\/v2\/media?parent=182452"}],"wp:term":[{"taxonomy":"category","embeddable":true,"href":"http:\/\/cordobainforma.info\/index.php\/wp-json\/wp\/v2\/categories?post=182452"},{"taxonomy":"post_tag","embeddable":true,"href":"http:\/\/cordobainforma.info\/index.php\/wp-json\/wp\/v2\/tags?post=182452"}],"curies":[{"name":"wp","href":"https:\/\/api.w.org\/{rel}","templated":true}]}}