{"id":182450,"date":"2026-01-22T17:19:13","date_gmt":"2026-01-22T17:19:13","guid":{"rendered":"https:\/\/www.clarin.com\/deportes\/torneo-apertura-2026-equipos-complicados-promedio-descenso-inciso-oculto-puede-salvarlos_0_VSWpgX5xNf.html"},"modified":"2026-01-22T17:19:13","modified_gmt":"2026-01-22T17:19:13","slug":"torneo-apertura-2026-cuales-son-los-cinco-equipos-mas-complicados-con-el-promedio-del-descenso-y-el-inciso-oculto-que-puede-salvarlos","status":"publish","type":"post","link":"http:\/\/cordobainforma.info\/index.php\/2026\/01\/22\/torneo-apertura-2026-cuales-son-los-cinco-equipos-mas-complicados-con-el-promedio-del-descenso-y-el-inciso-oculto-que-puede-salvarlos\/","title":{"rendered":"Torneo Apertura 2026: cu\u00e1les son los cinco equipos m\u00e1s complicados con el promedio del descenso y el inciso oculto que puede salvarlos"},"content":{"rendered":"<p><img src=\"http:\/\/cordobainforma.info\/wp-content\/uploads\/2026\/01\/torneo-apertura-2026-cuales-son-los-cinco-equipos-mas-complicados-con-el-promedio-del-descenso-y-el-inciso-oculto-que-puede-salvarlos.jpg\"><\/p>\n<div><img src=\"http:\/\/cordobainforma.info\/wp-content\/uploads\/2026\/01\/torneo-apertura-2026-cuales-son-los-cinco-equipos-mas-complicados-con-el-promedio-del-descenso-y-el-inciso-oculto-que-puede-salvarlos-2.jpg\" class=\"ff-og-image-inserted\"><\/div>\n<div id=\"element-body-0\" readability=\"63\">\n<p>Este jueves vuelve a rodar la pelota con el comienzo del <strong>Torneo Apertura 2026<\/strong>. Con las pilas recargadas y las ilusiones renovadas, los equipos comienzan el a\u00f1o con diferentes objetivos y obligaciones. As\u00ed como los que se ilusionan con levantar un t\u00edtulo, est\u00e1n los que quieren dejar atr\u00e1s su compromiso con el descenso y buscar\u00e1n alejarse de la tabla de los promedios, para no formar parte de la lucha que nadie quiere protagonizar: <strong>la de no perder la categor\u00eda<\/strong>.<\/p>\n<\/div>\n<div id=\"element-body-1\" readability=\"63\">\n<p>Al igual que la temporada pasada, <strong>en 2026 habr\u00e1n dos descensos<\/strong>. Perder\u00e1n la categor\u00eda los dos equipos que peor posicionados se encuentren en la <strong>tabla anual <\/strong>y la de los <strong>promedios<\/strong>. En caso de igualdad en cualquiera de ambos casos, se disputar\u00e1 un encuentro de desempate. Y si un equipo est\u00e1 \u00faltimo en las dos tablas, el que perder\u00e1 la categor\u00eda es el que le sigue en la tabla anual.<\/p>\n<\/div>\n<div id=\"element-body-2\" readability=\"61\">\n<p>Sin embargo, hay un asterisco que los equipos deben tener en cuenta: <strong>los descensos rigen conforme al estatuto de la AFA y no a criterio exclusivo del reglamento de la Liga Profesional de Futbol<\/strong>. \u00bfQue significa esto? Que el estatuto puede sufrir modificaciones a lo largo de la temporada si la Asamblea as\u00ed lo dispone. Esto deja <strong>abierta la posibilidad de que modifiquen la cantidad de equipos que desciendan<\/strong> durante el transcurso del a\u00f1o.<\/p>\n<\/div>\n<div id=\"element-body-3\" readability=\"64\">\n<p>Hubo casos muy recientes de cambios estatuarios durante la temporada, <strong>como el de 2024, cuando se anularon los descensos<\/strong> en la Asamblea que orden\u00f3 la modificaci\u00f3n del estatuto, con el objetivo de que en 2025 la competencia pasara de 28 a 30 equipos. Caso similar fue el de la <strong>temporada 2021, donde se abolieron los descensos por la pandemia<\/strong>.<\/p>\n<\/div>\n<div id=\"element-body-5\" readability=\"64\">\n<p>Otro antecedente reciente ocurri\u00f3<strong> en 2023, cuando, con la temporada ya comenzada, se decidi\u00f3 eliminar un descenso<\/strong>. En principio <strong>iban a ser tres<\/strong>, dos por promedios y uno por la tabla anual, <strong>pero finalmente el n\u00famero se redujo a dos<\/strong> por decisi\u00f3n un\u00e1nime de los asamble\u00edstas. <\/p>\n<\/div>\n<p><h2><strong>Cuales son los equipos que arrancan el 2026 m\u00e1s complicados en la tabla promedios <\/strong><\/h2>\n<\/p>\n<div id=\"element-body-8\" readability=\"65\">\n<p>La nueva temporada tendr\u00e1 a varios equipos tradicionales de Primera con un panorama muy complicado en la zona de riesgo. Consumados los descensos de<strong> San Mart\u00edn de San Juan <\/strong>y<strong> Godoy Cruz<\/strong>, los reci\u00e9n ascendidos, <strong>Gimnasia de Mendoza y Estudiantes de R\u00edo Cuarto, inician la temporada a foja cero<\/strong>, a diferencia del resto de los equipos, que arrastran la sumatoria de puntos de las \u00faltimas tres campa\u00f1as. <\/p>\n<\/div>\n<div id=\"element-body-10\" readability=\"62\">\n<p>Sin tener en cuenta a los nuevos integrantes en Primera, <strong>Sarmiento de Jun\u00edn arranca el a\u00f1o en la situaci\u00f3n m\u00e1s delicada<\/strong> entre los que permanecen en la categor\u00eda, con un promedio de<strong> 0,959<\/strong> (<strong>70 puntos<\/strong>). <\/p>\n<\/div>\n<div id=\"element-body-11\" readability=\"66\">\n<p>Un poco m\u00e1s arriba aparece <strong>Aldosivi<\/strong>, que viene de salvarse del descenso de manera ag\u00f3nica en la \u00faltima fecha del campeonato pasado, cuando le gan\u00f3 la pulseada a San Mart\u00edn de San Juan por 4-2 en Mar del Plata, y lo termin\u00f3 condenando a la Primera Nacional. El equipo de <strong>Guillermo Farr\u00e9<\/strong>, que <strong>dividir\u00e1 por dos temporadas<\/strong>, aparece con <strong>1,031<\/strong> (<strong>33 puntos<\/strong>).<\/p>\n<\/div>\n<div id=\"element-body-13\" readability=\"63\">\n<p>La situaci\u00f3n tambi\u00e9n es sumamente comprometida para <strong>Banfield<\/strong>. El equipo de <strong>Pedro Troglio<\/strong>, que <strong>no pudo reforzarse en el mercado de pases por las inhibiciones de FIFA<\/strong>, necesita sumar puntos r\u00e1pidamente para alejarse del peligro, ya que cuenta con un promedio de <strong>1,041<\/strong> (<strong>76 puntos<\/strong>). <\/p>\n<\/div>\n<div id=\"element-body-14\" readability=\"61\">\n<p>Un hist\u00f3rico que est\u00e1 en peligro es <strong>Newell&#8217;s<\/strong>, que aparece un poco m\u00e1s arriba del Taladro con <strong>1,123<\/strong> (<strong>82 puntos<\/strong>), apenas arriba de la zona de riesgo.<\/p>\n<\/div>\n<div id=\"element-body-16\" readability=\"69\">\n<p>Por encima aparece un pelot\u00f3n de equipos que tienen un poco m\u00e1s de margen que los peores ubicados, aunque lejos est\u00e1n de poder relajarse. Estos son: <strong>Atl\u00e9tico Tucum\u00e1n, Central C\u00f3rdoba<\/strong> (ambos con <strong>1,151<\/strong> de promedio, <strong>84 puntos<\/strong>), <strong>Gimnasia de La Plata, Belgrano <\/strong>de C\u00f3rdoba (los dos con <strong>1,178<\/strong> de promedio, <strong>86 puntos<\/strong>) e <strong>Instituto <\/strong>de C\u00f3rdoba (<strong>1192<\/strong> de promedio, <strong>87 puntos<\/strong>).<\/p>\n<\/div>\n","protected":false},"excerpt":{"rendered":"<p>Este jueves vuelve a rodar la pelota con el comienzo del Torneo Apertura 2026. Con las pilas recargadas y las ilusiones renovadas, los equipos comienzan el a\u00f1o con diferentes objetivos y obligaciones. As\u00ed como los que se ilusionan con levantar un t\u00edtulo, est\u00e1n los que quieren dejar atr\u00e1s su compromiso con el descenso y buscar\u00e1n [&hellip;]<\/p>\n","protected":false},"author":1,"featured_media":182451,"comment_status":"closed","ping_status":"closed","sticky":false,"template":"","format":"standard","meta":[],"categories":[20],"tags":[],"_links":{"self":[{"href":"http:\/\/cordobainforma.info\/index.php\/wp-json\/wp\/v2\/posts\/182450"}],"collection":[{"href":"http:\/\/cordobainforma.info\/index.php\/wp-json\/wp\/v2\/posts"}],"about":[{"href":"http:\/\/cordobainforma.info\/index.php\/wp-json\/wp\/v2\/types\/post"}],"author":[{"embeddable":true,"href":"http:\/\/cordobainforma.info\/index.php\/wp-json\/wp\/v2\/users\/1"}],"replies":[{"embeddable":true,"href":"http:\/\/cordobainforma.info\/index.php\/wp-json\/wp\/v2\/comments?post=182450"}],"version-history":[{"count":0,"href":"http:\/\/cordobainforma.info\/index.php\/wp-json\/wp\/v2\/posts\/182450\/revisions"}],"wp:featuredmedia":[{"embeddable":true,"href":"http:\/\/cordobainforma.info\/index.php\/wp-json\/wp\/v2\/media\/182451"}],"wp:attachment":[{"href":"http:\/\/cordobainforma.info\/index.php\/wp-json\/wp\/v2\/media?parent=182450"}],"wp:term":[{"taxonomy":"category","embeddable":true,"href":"http:\/\/cordobainforma.info\/index.php\/wp-json\/wp\/v2\/categories?post=182450"},{"taxonomy":"post_tag","embeddable":true,"href":"http:\/\/cordobainforma.info\/index.php\/wp-json\/wp\/v2\/tags?post=182450"}],"curies":[{"name":"wp","href":"https:\/\/api.w.org\/{rel}","templated":true}]}}