{"id":182448,"date":"2026-01-22T13:42:49","date_gmt":"2026-01-22T13:42:49","guid":{"rendered":"https:\/\/somoscordobeses.com\/2026\/01\/22\/comienza-la-cuenta-regresiva-para-los-premios-carlos-2026\/"},"modified":"2026-01-22T13:42:49","modified_gmt":"2026-01-22T13:42:49","slug":"comienza-la-cuenta-regresiva-para-los-premios-carlos-2026","status":"publish","type":"post","link":"http:\/\/cordobainforma.info\/index.php\/2026\/01\/22\/comienza-la-cuenta-regresiva-para-los-premios-carlos-2026\/","title":{"rendered":"Comienza la cuenta regresiva para los premios Carlos 2026"},"content":{"rendered":"<div><img src=\"http:\/\/cordobainforma.info\/wp-content\/uploads\/2026\/01\/comienza-la-cuenta-regresiva-para-los-premios-carlos-2026.jpg\" class=\"ff-og-image-inserted\"><\/div>\n<p><strong>La ceremonia de entrega de los premios \u00abCarlos 2026\u00bb se realizar\u00e1 el pr\u00f3ximo lunes 2 de febrero en las instalaciones del Hotel Eleton de Villa Carlos Paz y reunir\u00e1 a los artistas que hacen temporada en la ciudad. Se trata de la premiaci\u00f3n m\u00e1s importante del verano y desde las 19 horas, comenzar\u00e1 a vivirse la alfombra roja con la llegada de los elencos teatrales.<\/strong><\/p>\n<p>La entrega est\u00e1 prevista para las 20 horas&nbsp;y la premisa es&nbsp;reconocer a los distintos espect\u00e1culos y artistas que eligieron la ciudad para traer sus espect\u00e1culos y enriquecer la oferta tur\u00edstica.<\/p>\n<p>El jurado de esta edici\u00f3n, est\u00e1 compuesto por Guillermo Gagliardi (m\u00fasico), Javier P\u00e9rez (actor), Silvina Dom\u00ednguez (modelo y bailarina),&nbsp; Dami\u00e1n Grassi (actor), Mat\u00edas Gramajo (actor), Sandra Callej\u00f3n (actriz), Florencia Villagra (t\u00e9cnica en caracterizaci\u00f3n teatral), Mar\u00eda Lourdes Garc\u00eda (bailarina), Mar\u00eda Rosal\u00eda Beni (maquilladora), Diego Olmos (core\u00f3grafo), Susana Espeche (actriz), Luc\u00eda Berecibar (bailarina), Daniel Sosa (m\u00fasico) y&nbsp;Nicol\u00e1s Tobares (bailar\u00edn).&nbsp;Adem\u00e1s, forman parte de la Comisi\u00f3n Ejecutiva, el Director de Cultura, Fernando Barrera, y la coordinadora Sonia Camps.<\/p>\n<p>Este a\u00f1o la nueva reglamentaci\u00f3n de los premios, destaca que solo ser\u00e1n evaluados aquellos espect\u00e1culos que cumplan con dos funciones semanales, como m\u00ednimo, en enero en d\u00edas diferentes por cada semana del mencionado mes, en un total de 8 funciones (todo el mes de enero).&nbsp;Adem\u00e1s, es requisito indispensable para participar que el espect\u00e1culo se desarrolle en un espacio con la habilitaci\u00f3n correspondiente, dentro del ejido de la ciudad.<\/p>\n","protected":false},"excerpt":{"rendered":"<p>La ceremonia de entrega de los premios \u00abCarlos 2026\u00bb se realizar\u00e1 el pr\u00f3ximo lunes 2 de febrero en las instalaciones del Hotel Eleton de Villa Carlos Paz y reunir\u00e1 a los artistas que hacen temporada en la ciudad. Se trata de la premiaci\u00f3n m\u00e1s importante del verano y desde las 19 horas, comenzar\u00e1 a vivirse [&hellip;]<\/p>\n","protected":false},"author":1,"featured_media":182449,"comment_status":"closed","ping_status":"closed","sticky":false,"template":"","format":"standard","meta":[],"categories":[2],"tags":[],"_links":{"self":[{"href":"http:\/\/cordobainforma.info\/index.php\/wp-json\/wp\/v2\/posts\/182448"}],"collection":[{"href":"http:\/\/cordobainforma.info\/index.php\/wp-json\/wp\/v2\/posts"}],"about":[{"href":"http:\/\/cordobainforma.info\/index.php\/wp-json\/wp\/v2\/types\/post"}],"author":[{"embeddable":true,"href":"http:\/\/cordobainforma.info\/index.php\/wp-json\/wp\/v2\/users\/1"}],"replies":[{"embeddable":true,"href":"http:\/\/cordobainforma.info\/index.php\/wp-json\/wp\/v2\/comments?post=182448"}],"version-history":[{"count":0,"href":"http:\/\/cordobainforma.info\/index.php\/wp-json\/wp\/v2\/posts\/182448\/revisions"}],"wp:featuredmedia":[{"embeddable":true,"href":"http:\/\/cordobainforma.info\/index.php\/wp-json\/wp\/v2\/media\/182449"}],"wp:attachment":[{"href":"http:\/\/cordobainforma.info\/index.php\/wp-json\/wp\/v2\/media?parent=182448"}],"wp:term":[{"taxonomy":"category","embeddable":true,"href":"http:\/\/cordobainforma.info\/index.php\/wp-json\/wp\/v2\/categories?post=182448"},{"taxonomy":"post_tag","embeddable":true,"href":"http:\/\/cordobainforma.info\/index.php\/wp-json\/wp\/v2\/tags?post=182448"}],"curies":[{"name":"wp","href":"https:\/\/api.w.org\/{rel}","templated":true}]}}