{"id":182446,"date":"2026-01-22T15:39:49","date_gmt":"2026-01-22T15:39:49","guid":{"rendered":"https:\/\/somoscordobeses.com\/2026\/01\/22\/festival-de-jesus-maria-2026-balance-multimillonario-y-fortalecimiento-cultural\/"},"modified":"2026-01-22T15:39:49","modified_gmt":"2026-01-22T15:39:49","slug":"festival-de-jesus-maria-2026-balance-multimillonario-y-fortalecimiento-cultural","status":"publish","type":"post","link":"http:\/\/cordobainforma.info\/index.php\/2026\/01\/22\/festival-de-jesus-maria-2026-balance-multimillonario-y-fortalecimiento-cultural\/","title":{"rendered":"Festival de Jes\u00fas Mar\u00eda 2026: balance multimillonario y fortalecimiento cultural"},"content":{"rendered":"<div><img src=\"http:\/\/cordobainforma.info\/wp-content\/uploads\/2026\/01\/festival-de-jesus-maria-2026-balance-multimillonario-y-fortalecimiento-cultural.jpg\" class=\"ff-og-image-inserted\"><\/div>\n<p>El <strong>Festival de Doma y Folklore de Jes\u00fas Mar\u00eda<\/strong> concluy\u00f3 su edici\u00f3n n\u00famero 60, denominada como \u201cel cumple m\u00e1s largo del mundo\u201d, dejando un balance que excede lo meramente art\u00edstico. En di\u00e1logo con el programa <i><strong>Fuerte y Claro<\/strong><\/i> de <strong>SRT Media<\/strong>, el intendente de la ciudad de Jes\u00fas Mar\u00eda, <strong>Federico Z\u00e1rate<\/strong>, analiz\u00f3 los resultados de un evento que no solo bati\u00f3 r\u00e9cords de convocatoria, sino que inyect\u00f3 una cifra multimillonaria en la econom\u00eda del norte cordob\u00e9s.<\/p>\n<p>\u201cEstamos contentos y satisfechos de lo que ha sido esta edici\u00f3n 60. Hemos logrado cumplir con los objetivos que ten\u00edamos: que la gente pase una buena experiencia; segundo, poder batir un r\u00e9cord nuevamente en cuanto a convocatoria\u201d, afirm\u00f3 Z\u00e1rate, quien subray\u00f3 la resiliencia del evento frente a las inclemencias clim\u00e1ticas: \u201cFue un festival un poco ma\u00f1ero con el clima, complejo a la hora de llevarlo adelante, y termin\u00f3 siendo todo m\u00e1s que positivo\u201d.<\/p>\n<figure data-html data-tadevel-template=\"web\/multimedia\" data-type=\"rich\" data-url=\"https:\/\/www.instagram.com\/canal10cba\/reel\/DTkDBYqjqe1\/\"><figcaption>\n<p>Canal 10 C\u00f3rdoba en Instagram<\/p>\n<\/figcaption><\/figure>\n<h4>La clave del \u00e9xito<\/h4>\n<p>Uno de los puntos m\u00e1s destacados por el intendente fue la evoluci\u00f3n de la grilla art\u00edstica con cada edici\u00f3n del festival. Z\u00e1rate defendi\u00f3 la decisi\u00f3n de la comisi\u00f3n de integrar el folklore con el cuarteto, la cumbia y los DJs, rompiendo con los esquemas r\u00edgidos de d\u00e9cadas pasadas para adaptarse a un p\u00fablico m\u00e1s joven, que, seg\u00fan cree, conforma el 65% de los asistentes, entre 18 y 40 a\u00f1os.<\/p>\n<figure data-tadevel-template=\"web\/multimedia\" data-type=\"photo\"><figcaption>\n<p>Prensa<\/p>\n<\/figcaption><\/figure>\n<p>\u201cCreo que es una ratificaci\u00f3n de la integraci\u00f3n de diferentes g\u00e9neros. Hoy pr\u00e1cticamente es un show de punta a punta, <span>no tiene baches, un vivo, y creo que la integraci\u00f3n de los g\u00e9neros ha potenciado esto de que antes solamente se ve\u00eda un g\u00e9nero distinto como cuarteto, cumbia o algo relacionado con pop<\/span>\u201d, explic\u00f3 el intendente.<\/p>\n<p>Adem\u00e1s, agreg\u00f3 que esta nueva integraci\u00f3n de artistas de diferentes g\u00e9neros permiti\u00f3 el fortalecimiento econ\u00f3mico del festival, con la integraci\u00f3n de diversos grupos etarios.<\/p>\n<figure data-html data-tadevel-template=\"web\/multimedia\" data-type=\"rich\" data-url=\"https:\/\/www.instagram.com\/canal10cba\/reel\/DTpDis9jrnm\/\"><figcaption>\n<p>Canal 10 C\u00f3rdoba en Instagram<\/p>\n<\/figcaption><\/figure>\n<h4>Un motor econ\u00f3mico de 105.000 millones de pesos<\/h4>\n<p>M\u00e1s all\u00e1 del desarrollo de la cultura en Jes\u00fas Mar\u00eda, el festival se ratific\u00f3 como el principal motor econ\u00f3mico de la regi\u00f3n. Seg\u00fan datos preliminares compartidos por Z\u00e1rate, el impacto econ\u00f3mico derramado en Jes\u00fas Mar\u00eda, Colonia Caroya y Sinsacate super\u00f3 los <strong>105.000 millones de pesos<\/strong>.<\/p>\n<p>\u201cEs una cifra para nosotros extraordinaria. Pr\u00e1cticamente triplica lo que es el presupuesto anual de la Municipalidad de Jes\u00fas Mar\u00eda en 12 d\u00edas\u201d, detall\u00f3 el jefe comunal. Adem\u00e1s, remarc\u00f3 el car\u00e1cter social del evento: \u201cLo que recaude es su ganancia, la utilidad, va destinado a 24 cooperadoras escolares\u201d.<\/p>\n<p>\u201cSi una fiesta se gestiona con eficiencia, con transparencia, con rendici\u00f3n de cuentas, realmente tiene un impacto fundamental para nuestras comunidades\u201d, afirm\u00f3 Z\u00e1rate.<\/p>\n<figure data-tadevel-template=\"web\/multimedia\" data-type=\"photo\"><figcaption>\n<p>Gentileza Canal C<\/p>\n<\/figcaption><\/figure>\n<h4>Visitantes destacados<\/h4>\n<p>Con la reciente visita del presidente Javier Milei y su visi\u00f3n sobre la cultura, Z\u00e1rate puso el foco en el modelo administrativo de Jes\u00fas Mar\u00eda, destacando que su \u00e9xito reside en la independencia de los poderes pol\u00edticos de turno. \u201cEl prop\u00f3sito ha estado muy por encima siempre de los pol\u00edticos\u2026 y eso ha hecho que Jes\u00fas Mar\u00eda se gestione de una manera diferente\u201d, concluy\u00f3 el intendente.<\/p>\n<p>Para finalizar, Z\u00e1rate destac\u00f3 el trabajo en conjunto con el medio universitario, subrayando que \u201csin duda creo que son parte fundamental tambi\u00e9n los SRT de estos 60 a\u00f1os de Jes\u00fas Mar\u00eda, no solamente por esta \u00faltima edici\u00f3n, sino por lo que se ha venido construyendo a\u00f1o a a\u00f1o\u201d.<\/p>\n","protected":false},"excerpt":{"rendered":"<p>El Festival de Doma y Folklore de Jes\u00fas Mar\u00eda concluy\u00f3 su edici\u00f3n n\u00famero 60, denominada como \u201cel cumple m\u00e1s largo del mundo\u201d, dejando un balance que excede lo meramente art\u00edstico. En di\u00e1logo con el programa Fuerte y Claro de SRT Media, el intendente de la ciudad de Jes\u00fas Mar\u00eda, Federico Z\u00e1rate, analiz\u00f3 los resultados de [&hellip;]<\/p>\n","protected":false},"author":1,"featured_media":182447,"comment_status":"closed","ping_status":"closed","sticky":false,"template":"","format":"standard","meta":[],"categories":[2],"tags":[],"_links":{"self":[{"href":"http:\/\/cordobainforma.info\/index.php\/wp-json\/wp\/v2\/posts\/182446"}],"collection":[{"href":"http:\/\/cordobainforma.info\/index.php\/wp-json\/wp\/v2\/posts"}],"about":[{"href":"http:\/\/cordobainforma.info\/index.php\/wp-json\/wp\/v2\/types\/post"}],"author":[{"embeddable":true,"href":"http:\/\/cordobainforma.info\/index.php\/wp-json\/wp\/v2\/users\/1"}],"replies":[{"embeddable":true,"href":"http:\/\/cordobainforma.info\/index.php\/wp-json\/wp\/v2\/comments?post=182446"}],"version-history":[{"count":0,"href":"http:\/\/cordobainforma.info\/index.php\/wp-json\/wp\/v2\/posts\/182446\/revisions"}],"wp:featuredmedia":[{"embeddable":true,"href":"http:\/\/cordobainforma.info\/index.php\/wp-json\/wp\/v2\/media\/182447"}],"wp:attachment":[{"href":"http:\/\/cordobainforma.info\/index.php\/wp-json\/wp\/v2\/media?parent=182446"}],"wp:term":[{"taxonomy":"category","embeddable":true,"href":"http:\/\/cordobainforma.info\/index.php\/wp-json\/wp\/v2\/categories?post=182446"},{"taxonomy":"post_tag","embeddable":true,"href":"http:\/\/cordobainforma.info\/index.php\/wp-json\/wp\/v2\/tags?post=182446"}],"curies":[{"name":"wp","href":"https:\/\/api.w.org\/{rel}","templated":true}]}}