{"id":182442,"date":"2026-01-21T23:38:35","date_gmt":"2026-01-21T23:38:35","guid":{"rendered":"https:\/\/somoscordobeses.com\/2026\/01\/21\/implementaran-desvios-de-transito-por-obras-en-avenida-velez-sarsfield\/"},"modified":"2026-01-21T23:38:35","modified_gmt":"2026-01-21T23:38:35","slug":"implementaran-desvios-de-transito-por-obras-en-avenida-velez-sarsfield","status":"publish","type":"post","link":"http:\/\/cordobainforma.info\/index.php\/2026\/01\/21\/implementaran-desvios-de-transito-por-obras-en-avenida-velez-sarsfield\/","title":{"rendered":"Implementar\u00e1n desv\u00edos de tr\u00e1nsito por obras en avenida V\u00e9lez Sarsfield"},"content":{"rendered":"<div><img src=\"http:\/\/cordobainforma.info\/wp-content\/uploads\/2026\/01\/implementaran-desvios-de-transito-por-obras-en-avenida-velez-sarsfield.jpg\" class=\"ff-og-image-inserted\"><\/div>\n<p>La empresa Caminos de las Sierras inform\u00f3 que este jueves 22 y viernes 23 de enero, entre las 8 y las 19 horas, se implementar\u00e1 un redireccionamiento de tr\u00e1nsito en la intersecci\u00f3n de las calles Defensa y Ord\u00f3\u00f1ez con la avenida V\u00e9lez Sarsfield, en la ciudad de C\u00f3rdoba.<\/p>\n<p>La medida se debe al avance de la obra del altonivel que el Gobierno de la Provincia ejecuta en ese sector, una intervenci\u00f3n clave para mejorar la circulaci\u00f3n y la seguridad vial en uno de los accesos m\u00e1s transitados de la capital provincial.<\/p>\n<p>Durante esos dos d\u00edas, los automovilistas que circulen por calle Defensa y deseen dirigirse hacia el centro de C\u00f3rdoba, as\u00ed como quienes transiten por calle Ord\u00f3\u00f1ez y busquen acceder a la Ruta 36 en sentido a R\u00edo Cuarto, no podr\u00e1n realizar el giro habitual en esa intersecci\u00f3n.<\/p>\n<p>Como alternativa, deber\u00e1n incorporarse a la avenida V\u00e9lez Sarsfield, continuar aproximadamente 500 metros y luego utilizar retornos provisorios para retomar el sentido de circulaci\u00f3n deseado. Desde la empresa advirtieron que este redireccionamiento podr\u00eda generar demoras, por lo que se recomienda utilizar v\u00edas alternativas para llegar a destino.<\/p>\n<p>En tanto, quienes transiten por la avenida V\u00e9lez Sarsfield, tanto en sentido de ingreso como de egreso de la ciudad de C\u00f3rdoba, continuar\u00e1n circulando de manera habitual por la zona.<\/p>\n<p>Finalmente, se solicita a los conductores circular con precauci\u00f3n, reducir la velocidad, prestar atenci\u00f3n a la se\u00f1alizaci\u00f3n dispuesta y respetar las indicaciones del personal que trabaja en la obra.<\/p>\n","protected":false},"excerpt":{"rendered":"<p>La empresa Caminos de las Sierras inform\u00f3 que este jueves 22 y viernes 23 de enero, entre las 8 y las 19 horas, se implementar\u00e1 un redireccionamiento de tr\u00e1nsito en la intersecci\u00f3n de las calles Defensa y Ord\u00f3\u00f1ez con la avenida V\u00e9lez Sarsfield, en la ciudad de C\u00f3rdoba. La medida se debe al avance de [&hellip;]<\/p>\n","protected":false},"author":1,"featured_media":182443,"comment_status":"closed","ping_status":"closed","sticky":false,"template":"","format":"standard","meta":[],"categories":[2],"tags":[],"_links":{"self":[{"href":"http:\/\/cordobainforma.info\/index.php\/wp-json\/wp\/v2\/posts\/182442"}],"collection":[{"href":"http:\/\/cordobainforma.info\/index.php\/wp-json\/wp\/v2\/posts"}],"about":[{"href":"http:\/\/cordobainforma.info\/index.php\/wp-json\/wp\/v2\/types\/post"}],"author":[{"embeddable":true,"href":"http:\/\/cordobainforma.info\/index.php\/wp-json\/wp\/v2\/users\/1"}],"replies":[{"embeddable":true,"href":"http:\/\/cordobainforma.info\/index.php\/wp-json\/wp\/v2\/comments?post=182442"}],"version-history":[{"count":0,"href":"http:\/\/cordobainforma.info\/index.php\/wp-json\/wp\/v2\/posts\/182442\/revisions"}],"wp:featuredmedia":[{"embeddable":true,"href":"http:\/\/cordobainforma.info\/index.php\/wp-json\/wp\/v2\/media\/182443"}],"wp:attachment":[{"href":"http:\/\/cordobainforma.info\/index.php\/wp-json\/wp\/v2\/media?parent=182442"}],"wp:term":[{"taxonomy":"category","embeddable":true,"href":"http:\/\/cordobainforma.info\/index.php\/wp-json\/wp\/v2\/categories?post=182442"},{"taxonomy":"post_tag","embeddable":true,"href":"http:\/\/cordobainforma.info\/index.php\/wp-json\/wp\/v2\/tags?post=182442"}],"curies":[{"name":"wp","href":"https:\/\/api.w.org\/{rel}","templated":true}]}}