{"id":182385,"date":"2026-01-21T21:15:01","date_gmt":"2026-01-21T21:15:01","guid":{"rendered":"http:\/\/cordobainforma.info\/index.php\/2026\/01\/21\/aumento-salarial-para-vigiladores-privados-el-sueldo-inicial-llegara-a-1-644-650\/"},"modified":"2026-01-21T21:15:01","modified_gmt":"2026-01-21T21:15:01","slug":"aumento-salarial-para-vigiladores-privados-el-sueldo-inicial-llegara-a-1-644-650","status":"publish","type":"post","link":"http:\/\/cordobainforma.info\/index.php\/2026\/01\/21\/aumento-salarial-para-vigiladores-privados-el-sueldo-inicial-llegara-a-1-644-650\/","title":{"rendered":"Aumento salarial para vigiladores privados: el sueldo inicial llegar\u00e1 a $1.644.650"},"content":{"rendered":"<div class=\"media_block\"><\/div>\n<div><img src=\"http:\/\/cordobainforma.info\/wp-content\/uploads\/2026\/01\/aumento-salarial-para-vigiladores-privados-el-sueldo-inicial-llegara-a-1-644-650.jpg\" class=\"ff-og-image-inserted\"><\/div>\n<p>Los <strong>vigiladores privados de C\u00f3rdoba<\/strong> tendr\u00e1n un <strong>nuevo aumento salarial<\/strong> durante el primer semestre de 2026, luego de que se homologara el acuerdo paritario firmado entre los sindicatos y la c\u00e1mara empresarial del sector. El esquema fija subas mensuales <strong>desde enero hasta junio<\/strong> y establece un <strong>salario conformado de $1.644.650<\/strong> para un trabajador inicial, sin antig\u00fcedad, en el marco del <strong>Convenio Colectivo de Trabajo 422\/05.<\/strong><\/p>\n<p class=\"destacadoNota\"><a target=\"_blank\" href=\"https:\/\/www.perfil.com\/noticias\/cordoba\/senadora-cordobesa-invito-a-milei-a-la-fiesta-nacional-del-trigo-en-leones.phtml\" rel=\"noopener noreferrer\">Senadora cordobesa invit\u00f3 a Milei a la Fiesta Nacional del Trigo en Leones<\/a><\/p>\n<p>Tras una negociaci\u00f3n entre las partes, qued\u00f3 oficializado el acuerdo salarial que regir\u00e1 para los vigiladores privados <strong>durante la primera mitad de 2026.<\/strong> Desde el \u00e1mbito gremial se aclar\u00f3 que el monto acordado corresponde al <strong>salario b\u00e1sico de un trabajador sin antig\u00fcedad<\/strong>, que funciona como base de c\u00e1lculo dentro de la escala salarial prevista en el <strong>CCT 422\/05 de la Provincia de C\u00f3rdoba<\/strong>. A ese b\u00e1sico se le suman luego los <strong>adicionales por antig\u00fcedad, presentismo y otros conceptos convencionales<\/strong>, lo que eleva el haber final de los trabajadores con mayor trayectoria.<\/p>\n<h2>Actualizaci\u00f3n mensual<\/h2>\n<p>El acuerdo establece que<strong> los salarios se actualizar\u00e1n de manera mensual<\/strong> entre el <strong>1 de enero y el 30 de junio de 2026<\/strong>, con el objetivo de acompa\u00f1ar el impacto de la inflaci\u00f3n y sostener el poder adquisitivo de los vigiladores privados.<\/p>\n<p>Adem\u00e1s, las partes incorporaron una cl\u00e1usula de pr\u00f3xima negociaci\u00f3n, que <strong>fija una nueva reuni\u00f3n a partir del 20 de mayo <\/strong>de 2026 en la sede de la <strong>C\u00e1mara Argentina de Empresas de Seguridad e Investigaciones<\/strong> (CAESI). All\u00ed se analizar\u00e1 la situaci\u00f3n salarial del sector y se comenzar\u00e1 a discutir el esquema de haberes que regir\u00e1 desde julio de 2026.<\/p>\n<p class=\"destacadoNota\"><a target=\"_blank\" href=\"https:\/\/www.perfil.com\/noticias\/cordoba\/tasas-municipales-en-cordoba-el-93-no-tendra-aumentos-reales-y-el-inmobiliario-sube-2814-si-se-paga-anual.phtml\" rel=\"noopener noreferrer\">Tasas municipales en C\u00f3rdoba: el 93% del automotor no tendr\u00e1 aumentos reales y el inmobiliario sube 28,14% si se paga anual<\/a><\/p>\n<p>El acuerdo tambi\u00e9n incluye una <strong>cl\u00e1usula de revisi\u00f3n <\/strong>que habilita encuentros peri\u00f3dicos para <strong>evaluar las escalas salariales ante eventuales y sustanciales variaciones econ\u00f3micas<\/strong> que puedan afectar el poder adquisitivo desde la entrada en vigencia del acuerdo.<\/p>\n<p>La homologaci\u00f3n oficial del acuerdo representa un paso clave para su implementaci\u00f3n efectiva, ya que le <strong>otorga respaldo legal y evita demoras en la liquidaci\u00f3n de los salarios.<\/strong> Desde el <strong>Sindicato \u00danico de Vigilancia y Seguridad Comercial, Industrial e Investigaciones Privadas de C\u00f3rdoba<\/strong> (SUVICO) destacaron la importancia de<strong> sostener la negociaci\u00f3n colectiva<\/strong> como herramienta para garantizar previsibilidad salarial en el sector.<\/p>\n","protected":false},"excerpt":{"rendered":"<p>Los vigiladores privados de C\u00f3rdoba tendr\u00e1n un nuevo aumento salarial durante el primer semestre de 2026, luego de que se homologara el acuerdo paritario firmado entre los sindicatos y la c\u00e1mara empresarial del sector. El esquema fija subas mensuales desde enero hasta junio y establece un salario conformado de $1.644.650 para un trabajador inicial, sin [&hellip;]<\/p>\n","protected":false},"author":1,"featured_media":182386,"comment_status":"closed","ping_status":"closed","sticky":false,"template":"","format":"standard","meta":[],"categories":[2],"tags":[],"_links":{"self":[{"href":"http:\/\/cordobainforma.info\/index.php\/wp-json\/wp\/v2\/posts\/182385"}],"collection":[{"href":"http:\/\/cordobainforma.info\/index.php\/wp-json\/wp\/v2\/posts"}],"about":[{"href":"http:\/\/cordobainforma.info\/index.php\/wp-json\/wp\/v2\/types\/post"}],"author":[{"embeddable":true,"href":"http:\/\/cordobainforma.info\/index.php\/wp-json\/wp\/v2\/users\/1"}],"replies":[{"embeddable":true,"href":"http:\/\/cordobainforma.info\/index.php\/wp-json\/wp\/v2\/comments?post=182385"}],"version-history":[{"count":0,"href":"http:\/\/cordobainforma.info\/index.php\/wp-json\/wp\/v2\/posts\/182385\/revisions"}],"wp:featuredmedia":[{"embeddable":true,"href":"http:\/\/cordobainforma.info\/index.php\/wp-json\/wp\/v2\/media\/182386"}],"wp:attachment":[{"href":"http:\/\/cordobainforma.info\/index.php\/wp-json\/wp\/v2\/media?parent=182385"}],"wp:term":[{"taxonomy":"category","embeddable":true,"href":"http:\/\/cordobainforma.info\/index.php\/wp-json\/wp\/v2\/categories?post=182385"},{"taxonomy":"post_tag","embeddable":true,"href":"http:\/\/cordobainforma.info\/index.php\/wp-json\/wp\/v2\/tags?post=182385"}],"curies":[{"name":"wp","href":"https:\/\/api.w.org\/{rel}","templated":true}]}}