{"id":182381,"date":"2026-01-21T19:57:57","date_gmt":"2026-01-21T19:57:57","guid":{"rendered":"https:\/\/cordoba.gob.ar\/?p=85043"},"modified":"2026-01-21T19:57:57","modified_gmt":"2026-01-21T19:57:57","slug":"verano-en-la-ciudad-cultura-arte-y-espectaculos-para-toda-la-familia","status":"publish","type":"post","link":"http:\/\/cordobainforma.info\/index.php\/2026\/01\/21\/verano-en-la-ciudad-cultura-arte-y-espectaculos-para-toda-la-familia\/","title":{"rendered":"Verano en la ciudad: cultura, arte y espect\u00e1culos para toda la familia"},"content":{"rendered":"<div><img src=\"http:\/\/cordobainforma.info\/wp-content\/uploads\/2026\/01\/verano-en-la-ciudad-cultura-arte-y-espectaculos-para-toda-la-familia.png\" class=\"ff-og-image-inserted\"><\/div>\n<ul>\n<li data-prosemirror-content-type=\"node\" data-prosemirror-node-name=\"paragraph\" data-prosemirror-node-block=\"true\"><strong>C\u00f3rdoba capital ofrece una amplia agenda con propuestas para todos los p\u00fablicos y preferencias: cine, circo, artes visuales, visitas guiadas y milonga, en distintos espacios y con horarios especiales.<\/strong><\/li>\n<\/ul>\n<hr>\n<p data-prosemirror-content-type=\"node\" data-prosemirror-node-name=\"paragraph\" data-prosemirror-node-block=\"true\">Con una programaci\u00f3n diversa y accesible, la Municipalidad de C\u00f3rdoba invita a vecinas, vecinos y turistas a recorrer la ciudad.<\/p>\n<p data-prosemirror-content-type=\"node\" data-prosemirror-node-name=\"paragraph\" data-prosemirror-node-block=\"true\">En el <strong data-prosemirror-content-type=\"mark\" data-prosemirror-mark-name=\"strong\">Museo Metropolitano de Arte Urbano (MMAU)<\/strong> (Plaza Espa\u00f1a) los jueves 22 y 29 de enero, de 19:00 a 22:00, se desarrollar\u00e1 el ciclo de cine Veranos que no se olvidan. Durante estas jornadas, el museo se transformar\u00e1 en una sala de cine abierta para todo p\u00fablico, con proyecciones especialmente seleccionadas que cruzan lo popular, lo cl\u00e1sico y lo contempor\u00e1neo. Se presentar\u00e1 una pel\u00edcula por fecha, con entrada libre y gratuita.<\/p>\n<p data-prosemirror-content-type=\"node\" data-prosemirror-node-name=\"paragraph\" data-prosemirror-node-block=\"true\">Adem\u00e1s, los viernes 23 y 30 de enero, desde las 20:30, el segundo subsuelo del museo ser\u00e1 escenario de Variet\u00e9 Espacial, una propuesta de circo y humor. El espect\u00e1culo Siempre estoy llegando presenta a un grupo de personajes en constante desplazamiento, con cuerpos a\u00e9reos y terrestres que desaf\u00edan la gravedad en una puesta esc\u00e9nica original.<\/p>\n<p data-prosemirror-content-type=\"node\" data-prosemirror-node-name=\"paragraph\" data-prosemirror-node-block=\"true\">Durante la temporada de verano, el MMAU abre sus puertas de martes a viernes de 12:00 a 21:00, y s\u00e1bados, domingos y feriados de 14:00 a 21:00. Tambi\u00e9n se realizan visitas guiadas los jueves y viernes en dos turnos, a las 17:00 y 18:30, con inscripci\u00f3n previa a trav\u00e9s del correo electr\u00f3nico: <a href=\"mailto:visitasguiadasmuseommau@gmail.com\" data-prosemirror-content-type=\"mark\" data-prosemirror-mark-name=\"link\">visitasguiadasmuseommau@gmail.com<\/a>.<\/p>\n<p data-prosemirror-content-type=\"node\" data-prosemirror-node-name=\"paragraph\" data-prosemirror-node-block=\"true\">En el <strong data-prosemirror-content-type=\"mark\" data-prosemirror-mark-name=\"strong\">Museo Juan de Tejeda<\/strong> (Independencia 122) la sala \u201cFragmentos del Para\u00edso\u201d incorpora nuevas obras del maestro Oscar Su\u00e1rez, en di\u00e1logo con un \u00f3leo cuzque\u00f1o del siglo XVII de la Inmaculada Concepci\u00f3n, perteneciente al Monasterio Santa Catalina de Siena, que se presenta por primera vez al p\u00fablico en una experiencia \u00fanica. La exposici\u00f3n \u201cOscar Su\u00e1rez en el Tejeda\u201d propone un cruce inesperado entre pasado y presente. El color, ajeno a otros tiempos, irrumpe como una presencia que conecta obras y miradas. La propuesta se completa con la muestra Tras bambalinas, que invita a conocer el detr\u00e1s de escena del montaje de las exposiciones a trav\u00e9s de registros fotogr\u00e1ficos.<\/p>\n<p data-prosemirror-content-type=\"node\" data-prosemirror-node-name=\"paragraph\" data-prosemirror-node-block=\"true\">Por otro lado, el viernes 23 de enero a las 19:30, se realizar\u00e1 una edici\u00f3n especial del ciclo Caf\u00e9 con Cultura, con la presentaci\u00f3n del Museo Itinerante de Autos Antiguos y Cl\u00e1sicos y un espect\u00e1culo musical a la gorra.<\/p>\n<p data-prosemirror-content-type=\"node\" data-prosemirror-node-name=\"paragraph\" data-prosemirror-node-block=\"true\">Tambi\u00e9n se ofrece el ascenso guiado a la torre del museo los mi\u00e9rcoles de enero y febrero a las 12:00 (cupo limitado, costo $5000).<\/p>\n<p data-prosemirror-content-type=\"node\" data-prosemirror-node-name=\"paragraph\" data-prosemirror-node-block=\"true\">Por su parte, el <strong data-prosemirror-content-type=\"mark\" data-prosemirror-mark-name=\"strong\">Centro Cultural Casona Municipal<\/strong> (Gral. Paz 395) ser\u00e1 sede del Primer Ciclo de T\u00edteres de Verano, a desarrollarse los viernes 23 y 30 y s\u00e1bados 24 y 31 de enero a las 19:00. La propuesta, pensada para toda la familia, contar\u00e1 con funciones a la gorra a cargo del hist\u00f3rico Teatro de T\u00edteres La Pareja de Daniel Di Mauro y Estrella Malave. El Teatro de T\u00edteres La Pareja, fundado en 1951 por los hermanos Di Mauro, es una de las compa\u00f1\u00edas titiriteras m\u00e1s emblem\u00e1ticas de Latinoam\u00e9rica, con una destacada trayectoria internacional en escenarios de Am\u00e9rica y Europa.<\/p>\n<p data-prosemirror-content-type=\"node\" data-prosemirror-node-name=\"paragraph\" data-prosemirror-node-block=\"true\">En el coraz\u00f3n de barrio G\u00fcemes, el <strong data-prosemirror-content-type=\"mark\" data-prosemirror-mark-name=\"strong\">Centro Cultural Casa de Pepino<\/strong> (Fructuoso Rivera 287) presenta propuestas de humor y circo: el jueves 22 de enero a las 18:00 se podr\u00e1 disfrutar del espect\u00e1culo clown El Absurdo World Tour, apto para todo p\u00fablico y a la gorra.<\/p>\n<p data-prosemirror-content-type=\"node\" data-prosemirror-node-name=\"paragraph\" data-prosemirror-node-block=\"true\">Mientras que en el <strong data-prosemirror-content-type=\"mark\" data-prosemirror-mark-name=\"strong\">Museo Genaro P\u00e9rez<\/strong> (Gral. Paz 33) contin\u00faa la muestra PIP\u00cd CUC\u00da, una experiencia multisensorial. El domingo 25 de enero a las 10:00, la artista Luc\u00eda Romero realizar\u00e1 la performance Falza Coral, con entrada libre y gratuita. El museo abre de martes a domingos de 9:00 a 19:00.<\/p>\n<p data-prosemirror-content-type=\"node\" data-prosemirror-node-name=\"paragraph\" data-prosemirror-node-block=\"true\">Adem\u00e1s, el <strong data-prosemirror-content-type=\"mark\" data-prosemirror-mark-name=\"strong\">Centro Cultural Paseo de las Artes<\/strong> ofrecer\u00e1 Milonguita, el domingo 25 de 19:00 a 21:45, una propuesta para disfrutar del tango, el baile y la m\u00fasica en vivo, con la participaci\u00f3n del cantante Carlos Riga, en un espacio emblem\u00e1tico de la ciudad.<\/p>\n<p data-prosemirror-content-type=\"node\" data-prosemirror-node-name=\"paragraph\" data-prosemirror-node-block=\"true\">La agenda se completa con las <strong data-prosemirror-content-type=\"mark\" data-prosemirror-mark-name=\"strong\">Ferias de G\u00fcemes<\/strong>, que durante el verano funcionan de 17:00 a 23:00, ofreciendo producci\u00f3n local, arte y un paseo al aire libre por el barrio.<\/p>\n","protected":false},"excerpt":{"rendered":"<p>C\u00f3rdoba capital ofrece una amplia agenda con propuestas para todos los p\u00fablicos y preferencias: cine, circo, artes visuales, visitas guiadas y milonga, en distintos espacios y con horarios especiales. Con una programaci\u00f3n diversa y accesible, la Municipalidad de C\u00f3rdoba invita a vecinas, vecinos y turistas a recorrer la ciudad. En el Museo Metropolitano de Arte [&hellip;]<\/p>\n","protected":false},"author":1,"featured_media":182382,"comment_status":"closed","ping_status":"closed","sticky":false,"template":"","format":"standard","meta":[],"categories":[2],"tags":[],"_links":{"self":[{"href":"http:\/\/cordobainforma.info\/index.php\/wp-json\/wp\/v2\/posts\/182381"}],"collection":[{"href":"http:\/\/cordobainforma.info\/index.php\/wp-json\/wp\/v2\/posts"}],"about":[{"href":"http:\/\/cordobainforma.info\/index.php\/wp-json\/wp\/v2\/types\/post"}],"author":[{"embeddable":true,"href":"http:\/\/cordobainforma.info\/index.php\/wp-json\/wp\/v2\/users\/1"}],"replies":[{"embeddable":true,"href":"http:\/\/cordobainforma.info\/index.php\/wp-json\/wp\/v2\/comments?post=182381"}],"version-history":[{"count":0,"href":"http:\/\/cordobainforma.info\/index.php\/wp-json\/wp\/v2\/posts\/182381\/revisions"}],"wp:featuredmedia":[{"embeddable":true,"href":"http:\/\/cordobainforma.info\/index.php\/wp-json\/wp\/v2\/media\/182382"}],"wp:attachment":[{"href":"http:\/\/cordobainforma.info\/index.php\/wp-json\/wp\/v2\/media?parent=182381"}],"wp:term":[{"taxonomy":"category","embeddable":true,"href":"http:\/\/cordobainforma.info\/index.php\/wp-json\/wp\/v2\/categories?post=182381"},{"taxonomy":"post_tag","embeddable":true,"href":"http:\/\/cordobainforma.info\/index.php\/wp-json\/wp\/v2\/tags?post=182381"}],"curies":[{"name":"wp","href":"https:\/\/api.w.org\/{rel}","templated":true}]}}