{"id":182369,"date":"2026-01-21T19:24:57","date_gmt":"2026-01-21T19:24:57","guid":{"rendered":"http:\/\/cordobainforma.info\/index.php\/2026\/01\/21\/central-cordoba-presento-al-sexto-refuerzo-con-pasado-en-la-reserva-de-newells\/"},"modified":"2026-01-21T19:24:57","modified_gmt":"2026-01-21T19:24:57","slug":"central-cordoba-presento-al-sexto-refuerzo-con-pasado-en-la-reserva-de-newells","status":"publish","type":"post","link":"http:\/\/cordobainforma.info\/index.php\/2026\/01\/21\/central-cordoba-presento-al-sexto-refuerzo-con-pasado-en-la-reserva-de-newells\/","title":{"rendered":"Central <b>C\u00f3rdoba<\/b> present\u00f3 al sexto refuerzo, con pasado en la reserva de Newell&#039;s"},"content":{"rendered":"<p>El delantero Franco Fern\u00e1ndez es la <b>nueva<\/b> incorporaci\u00f3n de Central <b>C\u00f3rdoba<\/b> &#8230; <b>Econom\u00eda<\/b>. Advierten que los parates de General Motors afectar\u00e1n a&nbsp;&#8230; <\/p>\n","protected":false},"excerpt":{"rendered":"<p>El delantero Franco Fern\u00e1ndez es la nueva incorporaci\u00f3n de Central C\u00f3rdoba &#8230; Econom\u00eda. Advierten que los parates de General Motors afectar\u00e1n a&nbsp;&#8230;<\/p>\n","protected":false},"author":1,"featured_media":0,"comment_status":"closed","ping_status":"closed","sticky":false,"template":"","format":"standard","meta":[],"categories":[23],"tags":[],"_links":{"self":[{"href":"http:\/\/cordobainforma.info\/index.php\/wp-json\/wp\/v2\/posts\/182369"}],"collection":[{"href":"http:\/\/cordobainforma.info\/index.php\/wp-json\/wp\/v2\/posts"}],"about":[{"href":"http:\/\/cordobainforma.info\/index.php\/wp-json\/wp\/v2\/types\/post"}],"author":[{"embeddable":true,"href":"http:\/\/cordobainforma.info\/index.php\/wp-json\/wp\/v2\/users\/1"}],"replies":[{"embeddable":true,"href":"http:\/\/cordobainforma.info\/index.php\/wp-json\/wp\/v2\/comments?post=182369"}],"version-history":[{"count":0,"href":"http:\/\/cordobainforma.info\/index.php\/wp-json\/wp\/v2\/posts\/182369\/revisions"}],"wp:attachment":[{"href":"http:\/\/cordobainforma.info\/index.php\/wp-json\/wp\/v2\/media?parent=182369"}],"wp:term":[{"taxonomy":"category","embeddable":true,"href":"http:\/\/cordobainforma.info\/index.php\/wp-json\/wp\/v2\/categories?post=182369"},{"taxonomy":"post_tag","embeddable":true,"href":"http:\/\/cordobainforma.info\/index.php\/wp-json\/wp\/v2\/tags?post=182369"}],"curies":[{"name":"wp","href":"https:\/\/api.w.org\/{rel}","templated":true}]}}