{"id":182335,"date":"2026-01-21T18:15:12","date_gmt":"2026-01-21T18:15:12","guid":{"rendered":"https:\/\/www.clarin.com\/deportes\/incertidumbre-afa-comite-liga-elevo-pedido-amnistia-jugadores-suspendidos-tribunal-disciplina_0_jFKQ32ux2Q.html"},"modified":"2026-01-21T18:15:12","modified_gmt":"2026-01-21T18:15:12","slug":"incertidumbre-en-la-afa-el-comite-de-la-liga-elevo-el-pedido-de-amnistia-para-los-jugadores-suspendidos-al-tribunal-de-disciplina","status":"publish","type":"post","link":"http:\/\/cordobainforma.info\/index.php\/2026\/01\/21\/incertidumbre-en-la-afa-el-comite-de-la-liga-elevo-el-pedido-de-amnistia-para-los-jugadores-suspendidos-al-tribunal-de-disciplina\/","title":{"rendered":"Incertidumbre en la AFA: el Comit\u00e9 de la Liga elev\u00f3 el pedido de amnist\u00eda para los jugadores suspendidos al Tribunal de Disciplina"},"content":{"rendered":"<p><img src=\"http:\/\/cordobainforma.info\/wp-content\/uploads\/2026\/01\/incertidumbre-en-la-afa-el-comite-de-la-liga-elevo-el-pedido-de-amnistia-para-los-jugadores-suspendidos-al-tribunal-de-disciplina.jpg\"><\/p>\n<div><img src=\"http:\/\/cordobainforma.info\/wp-content\/uploads\/2026\/01\/incertidumbre-en-la-afa-el-comite-de-la-liga-elevo-el-pedido-de-amnistia-para-los-jugadores-suspendidos-al-tribunal-de-disciplina-2.jpg\" class=\"ff-og-image-inserted\"><\/div>\n<div id=\"element-body-0\" readability=\"66\">\n<p>Este mi\u00e9rcoles, en Puerto Madero, se realiz\u00f3 la primera reuni\u00f3n del a\u00f1o del <strong>Comit\u00e9 Ejecutivo de la Liga Profesional<\/strong>, con <strong>la amnist\u00eda como eje central del encuentro<\/strong>. Tras la reuni\u00f3n, el presidente de Lan\u00fas, <strong>Nicol\u00e1s Russo<\/strong>, se refiri\u00f3 al tema y aclar\u00f3 el alcance de la decisi\u00f3n adoptada por los dirigentes.<\/p>\n<\/div>\n<div id=\"element-body-1\" readability=\"65\">\n<p><strong>El Comit\u00e9 aprob\u00f3 elevar el pedido de amnist\u00eda al Tribunal de Disciplina de la AFA<\/strong> para que sea ese organismo el que determine su implementaci\u00f3n y entrada en vigencia. En ese sentido, Russo explic\u00f3:<strong> \u201cHubo un pedido de un club para que haya amnist\u00eda y se lo trasladamos al Tribunal de Disciplina de AFA para que decida. Depende de ellos\u201d<\/strong>. La medida, de concretarse, alcanzar\u00eda a todos los futbolistas sancionados, sin l\u00edmite de fechas, y se aplicar\u00eda en todas las categor\u00edas bajo la \u00f3rbita de la casa madre del f\u00fatbol argentino. <strong>Son 23 jugadores de la Liga Profesional de F\u00fatbol (LPF) con suspensiones leves.<\/strong><\/p>\n<\/div>\n<div id=\"element-body-2\" readability=\"63\">\n<p>De confirmarse, <strong>clubes como Estudiantes de La Plata podr\u00edan contar con jugadores suspendidos<\/strong> de cara al inicio de la defensa del t\u00edtulo. Son 10 titulares suspendidos del Pincha que tienen dos fechas de sanci\u00f3n producto del inmortal \u00abespaldazo\u00bb. <strong>Fue despu\u00e9s de que los futbolistas se negaran a hacer el \u00abpasillo de honor\u00bb a sus pares de Rosario Central<\/strong>, sorpresivamente galardonados como Camp\u00e9on de Liga, un t\u00edtulo que no estaba en juego al comienzo de la temporada y que se le otorg\u00f3 por haber sido el mejor de la tabla general. Eso dispar\u00f3 el conflicto que todav\u00eda no tiene resoluci\u00f3n.<\/p>\n<\/div>\n<div id=\"element-body-3\" readability=\"70\">\n<p>Entonces, Eduardo Dom\u00ednguez todav\u00eda espera para saber si para el partido del viernes ante Independiente -y el de la jornada siguiente entre semana contra Boca-, podr\u00e1 contar con 10 de los titulares de aquella tarde en el Gigante de Arroyito: <strong>Fernando Muslera, Santiago N\u00fa\u00f1ez, Tiago Palacios, Facundo Far\u00edas, Leandro Gonz\u00e1lez P\u00edrez, Mart\u00edn Arzamendia, Edwuin Cetr\u00e9, Ezequiel Piovi, Cristian Medina y Mikel Amondarain.<\/strong><\/p>\n<\/div>\n<div id=\"element-body-4\" readability=\"60\">\n<p><strong>Rom\u00e1n G\u00f3mez<\/strong>, lateral derecho de aquel partido por los octavos de final del Clausura, fue vendido al Bah\u00eda de Brasil.<\/p>\n<\/div>\n<div id=\"element-body-5\" readability=\"64\">\n<p>Otras instituciones con futbolistas comprometidos aguardan la resoluci\u00f3n, como River Plate con Maximiliano Salas. Justamente sobre Estudiantes, Russo fue cr\u00edtico con la ausencia del club en el encuentro: <strong><em>\u201cEstudiantes fue el \u00fanico que no estuvo ni por Zoom. El \u00fanico lugar para discutir los temas es ac\u00e1, en las reuniones, no en los medios\u201d<\/em><\/strong>.<\/p>\n<\/div>\n<div id=\"element-body-6\" readability=\"66\">\n<p>Adem\u00e1s, durante la reuni\u00f3n se aprobaron los reglamentos oficiales de los torneos Apertura y Clausura, junto con distintos aspectos organizativos y de agenda, y se realiz\u00f3 un repaso de la situaci\u00f3n de cada club en la previa al inicio de la temporada. <strong>Tambi\u00e9n se resolvi\u00f3 que el mercado de pases cerrar\u00e1 el 27 de enero a las 17<\/strong>, fecha que quedar\u00e1 establecida en los reglamentos de las competencias de 2026. Los clubes podr\u00e1n incorporar jugadores hasta dos d\u00edas despu\u00e9s de la finalizaci\u00f3n de la primera fecha del Apertura y mantendr\u00e1n, adem\u00e1s, el cupo extra hasta el 31 de marzo por cada futbolista vendido o cedido al exterior.<\/p>\n<\/div>\n<div id=\"element-body-7\" readability=\"63\">\n<p>Por \u00faltimo, <strong>el Comit\u00e9 Ejecutivo aprob\u00f3 que no se convoque a selecciones juveniles a los jugadores que se marchen al exterior bajo la figura de patria potestad<\/strong>. Al respecto, Russo respald\u00f3 la decisi\u00f3n y apunt\u00f3 contra el accionar de algunos intermediarios: \u201cHay representantes que hacen cosas que perjudican a los clubes y la medida que tomamos es la correcta para cuidar a nuestros juveniles\u201d. El objetivo de la normativa es ordenar el proceso formativo y evitar salidas prematuras que afecten el desarrollo deportivo, estableciendo un marco reglamentario m\u00e1s claro para proteger tanto a las instituciones como a los futbolistas j\u00f3venes.<\/p>\n<\/div>\n","protected":false},"excerpt":{"rendered":"<p>Este mi\u00e9rcoles, en Puerto Madero, se realiz\u00f3 la primera reuni\u00f3n del a\u00f1o del Comit\u00e9 Ejecutivo de la Liga Profesional, con la amnist\u00eda como eje central del encuentro. Tras la reuni\u00f3n, el presidente de Lan\u00fas, Nicol\u00e1s Russo, se refiri\u00f3 al tema y aclar\u00f3 el alcance de la decisi\u00f3n adoptada por los dirigentes. El Comit\u00e9 aprob\u00f3 elevar [&hellip;]<\/p>\n","protected":false},"author":1,"featured_media":182336,"comment_status":"closed","ping_status":"closed","sticky":false,"template":"","format":"standard","meta":[],"categories":[20],"tags":[],"_links":{"self":[{"href":"http:\/\/cordobainforma.info\/index.php\/wp-json\/wp\/v2\/posts\/182335"}],"collection":[{"href":"http:\/\/cordobainforma.info\/index.php\/wp-json\/wp\/v2\/posts"}],"about":[{"href":"http:\/\/cordobainforma.info\/index.php\/wp-json\/wp\/v2\/types\/post"}],"author":[{"embeddable":true,"href":"http:\/\/cordobainforma.info\/index.php\/wp-json\/wp\/v2\/users\/1"}],"replies":[{"embeddable":true,"href":"http:\/\/cordobainforma.info\/index.php\/wp-json\/wp\/v2\/comments?post=182335"}],"version-history":[{"count":0,"href":"http:\/\/cordobainforma.info\/index.php\/wp-json\/wp\/v2\/posts\/182335\/revisions"}],"wp:featuredmedia":[{"embeddable":true,"href":"http:\/\/cordobainforma.info\/index.php\/wp-json\/wp\/v2\/media\/182336"}],"wp:attachment":[{"href":"http:\/\/cordobainforma.info\/index.php\/wp-json\/wp\/v2\/media?parent=182335"}],"wp:term":[{"taxonomy":"category","embeddable":true,"href":"http:\/\/cordobainforma.info\/index.php\/wp-json\/wp\/v2\/categories?post=182335"},{"taxonomy":"post_tag","embeddable":true,"href":"http:\/\/cordobainforma.info\/index.php\/wp-json\/wp\/v2\/tags?post=182335"}],"curies":[{"name":"wp","href":"https:\/\/api.w.org\/{rel}","templated":true}]}}