{"id":182331,"date":"2026-01-21T05:38:37","date_gmt":"2026-01-21T05:38:37","guid":{"rendered":"https:\/\/somoscordobeses.com\/2026\/01\/21\/la-falda-el-municipio-proyecta-la-ampliacion-de-la-planta-potabilizadora\/"},"modified":"2026-01-21T05:38:37","modified_gmt":"2026-01-21T05:38:37","slug":"la-falda-el-municipio-proyecta-la-ampliacion-de-la-planta-potabilizadora","status":"publish","type":"post","link":"http:\/\/cordobainforma.info\/index.php\/2026\/01\/21\/la-falda-el-municipio-proyecta-la-ampliacion-de-la-planta-potabilizadora\/","title":{"rendered":"La Falda: el municipio proyecta la ampliaci\u00f3n de la planta potabilizadora"},"content":{"rendered":"<div><img src=\"http:\/\/cordobainforma.info\/wp-content\/uploads\/2026\/01\/la-falda-el-municipio-proyecta-la-ampliacion-de-la-planta-potabilizadora.jpg\" class=\"ff-og-image-inserted\"><\/div>\n<p>La Falda. La Municipalidad de La Falda dio un nuevo paso estrat\u00e9gico en materia de infraestructura y servicios esenciales, con la firma del Contrato para la Elaboraci\u00f3n del Proyecto de Ampliaci\u00f3n de la Planta Potabilizadora de la ciudad, una obra clave para garantizar el abastecimiento de agua potable presente y futuro.<\/p>\n<p>Este acuerdo permitir\u00e1 dise\u00f1ar un proyecto t\u00e9cnico integral que duplicar\u00e1 la capacidad de tratamiento de la planta actual, fortaleciendo la calidad del servicio y acompa\u00f1ando el crecimiento sostenido de la localidad.<\/p>\n<p>El contrato fue suscripto por el intendente Javier Dieminger, junto al presidente de la Cooperativa de Agua Potable ACCIONAR, Edgar F\u00e9lix Madrid, y su secretaria Florencia Yamila Mendieta.<\/p>\n<p>Asimismo, particip\u00f3 la empresa C&amp;P Consultores Ingenier\u00eda S.R.L., representada por el ingeniero Civil Pablo Javier Wierzbicki Pedrotti, en su car\u00e1cter de apoderado.<\/p>\n<p>Esta iniciativa refleja una clara decisi\u00f3n de planificar con responsabilidad, invertir en infraestructura estrat\u00e9gica y trabajar de manera articulada entre el Estado municipal, las cooperativas y el sector t\u00e9cnico-profesional, con el objetivo de asegurar un servicio de agua potable moderno, eficiente y sostenible para todos los vecinos de La Falda.<\/p>\n","protected":false},"excerpt":{"rendered":"<p>La Falda. La Municipalidad de La Falda dio un nuevo paso estrat\u00e9gico en materia de infraestructura y servicios esenciales, con la firma del Contrato para la Elaboraci\u00f3n del Proyecto de Ampliaci\u00f3n de la Planta Potabilizadora de la ciudad, una obra clave para garantizar el abastecimiento de agua potable presente y futuro. Este acuerdo permitir\u00e1 dise\u00f1ar [&hellip;]<\/p>\n","protected":false},"author":1,"featured_media":182332,"comment_status":"closed","ping_status":"closed","sticky":false,"template":"","format":"standard","meta":[],"categories":[2],"tags":[],"_links":{"self":[{"href":"http:\/\/cordobainforma.info\/index.php\/wp-json\/wp\/v2\/posts\/182331"}],"collection":[{"href":"http:\/\/cordobainforma.info\/index.php\/wp-json\/wp\/v2\/posts"}],"about":[{"href":"http:\/\/cordobainforma.info\/index.php\/wp-json\/wp\/v2\/types\/post"}],"author":[{"embeddable":true,"href":"http:\/\/cordobainforma.info\/index.php\/wp-json\/wp\/v2\/users\/1"}],"replies":[{"embeddable":true,"href":"http:\/\/cordobainforma.info\/index.php\/wp-json\/wp\/v2\/comments?post=182331"}],"version-history":[{"count":0,"href":"http:\/\/cordobainforma.info\/index.php\/wp-json\/wp\/v2\/posts\/182331\/revisions"}],"wp:featuredmedia":[{"embeddable":true,"href":"http:\/\/cordobainforma.info\/index.php\/wp-json\/wp\/v2\/media\/182332"}],"wp:attachment":[{"href":"http:\/\/cordobainforma.info\/index.php\/wp-json\/wp\/v2\/media?parent=182331"}],"wp:term":[{"taxonomy":"category","embeddable":true,"href":"http:\/\/cordobainforma.info\/index.php\/wp-json\/wp\/v2\/categories?post=182331"},{"taxonomy":"post_tag","embeddable":true,"href":"http:\/\/cordobainforma.info\/index.php\/wp-json\/wp\/v2\/tags?post=182331"}],"curies":[{"name":"wp","href":"https:\/\/api.w.org\/{rel}","templated":true}]}}