{"id":182329,"date":"2026-01-21T05:39:20","date_gmt":"2026-01-21T05:39:20","guid":{"rendered":"https:\/\/somoscordobeses.com\/2026\/01\/21\/la-fuerte-acusacion-de-la-abogada-argentina-retenida-en-brasil-tras-el-escandalo-por-gestos-racistas\/"},"modified":"2026-01-21T05:39:20","modified_gmt":"2026-01-21T05:39:20","slug":"la-fuerte-acusacion-de-la-abogada-argentina-retenida-en-brasil-tras-el-escandalo-por-gestos-racistas","status":"publish","type":"post","link":"http:\/\/cordobainforma.info\/index.php\/2026\/01\/21\/la-fuerte-acusacion-de-la-abogada-argentina-retenida-en-brasil-tras-el-escandalo-por-gestos-racistas\/","title":{"rendered":"La fuerte acusaci\u00f3n de la abogada argentina retenida en Brasil tras el esc\u00e1ndalo por gestos racistas"},"content":{"rendered":"<div><img src=\"http:\/\/cordobainforma.info\/wp-content\/uploads\/2026\/01\/la-fuerte-acusacion-de-la-abogada-argentina-retenida-en-brasil-tras-el-escandalo-por-gestos-racistas.jpg\" class=\"ff-og-image-inserted\"><\/div>\n<section data-twitter-link=\"https:\/\/twitter.com\/intent\/tweet?url=https:\/\/www.minutouno.com\/c6236566&amp;v\u00eda=Ambitocom&amp;related=MinutoUno&amp;text=\" id=\"note-body\" readability=\"34\">\n<p><strong> \u201cPapi, me quieren matar aqu\u00ed\u201d. Esa frase, dicha en una comunicaci\u00f3n desesperada con su padre, pertenece a Agostina P\u00e1ez, la abogada santiague\u00f1a que qued\u00f3 imputada en R\u00edo de Janeiro luego de que c\u00e1maras de seguridad de un boliche de la zona sur registraran el momento en el que realiz\u00f3 gestos y sonidos asociados a un mono<\/strong>.<\/p>\n<\/section>\n<section readability=\"6\">\n<p>En Brasil, ese tipo de conductas est\u00e1n tipificadas como racismo y contemplan penas que van de dos a cinco a\u00f1os de prisi\u00f3n. En ese marco, la Justicia brasile\u00f1a dispuso como medida cautelar que la joven de 29 a\u00f1os lleve una tobillera electr\u00f3nica para evitar que abandone el territorio.<\/p>\n<\/section>\n<section> <\/section>\n<section readability=\"11\">\n<p>En las \u00faltimas horas, la situaci\u00f3n sum\u00f3 un nuevo cap\u00edtulo de extrema tensi\u00f3n. Seg\u00fan denunci\u00f3, el lunes alrededor de las 15, al regresar al departamento que alquilaba luego de salir a comprar comida, se encontr\u00f3 con tres personas dentro del inmueble. El episodio deriv\u00f3 en gritos, forcejeos y un escenario de p\u00e1nico absoluto, al punto que los responsables del edificio le recomendaron que dejara el lugar de inmediato por cuestiones de seguridad.<\/p>\n<\/section>\n<section readability=\"15\">\n<p>\u201c<strong>No se sabe qui\u00e9nes fueron. Polic\u00edas, periodistas, no s\u00e9. Como sea, los responsables del edificio le pidieron a Agostina retirarse. As\u00ed, lo hizo y ahora alquilar\u00e1 otro piso. La pobre est\u00e1 aterrada. \u2018Papi, me quieren matar aqu\u00ed\u2019, me dijo reci\u00e9n<\/strong>\u201d, relat\u00f3 Mariano P\u00e1ez, padre de la letrada, en declaraciones al portal El Liberal, al dar cuenta del estado emocional en el que se encuentra su hija tras el hecho.<\/p>\n<\/section>\n<div id=\"8176686-1275106801_wrap\" contenteditable=\"false\" readability=\"7\">\n<p>abogada argentina racista <span onclick=\"parent.parent.TinyMCETdcuerpo.preview_embed('8176686-1275106801')\" id=\"8176686-1275106801_colapse\"><\/span> <span onclick=\"parent.parent.TinyMCETdcuerpo.delete_embed('8176686-1275106801')\" id=\"8176686-1275106801_delete\"><\/span><\/p>\n<\/div>\n<section readability=\"38\">\n<p>D\u00edas atr\u00e1s, P\u00e1ez tambi\u00e9n hab\u00eda brindado su testimonio sobre el episodio ocurrido el 14 de enero, que dio origen a la causa judicial. De acuerdo con su versi\u00f3n, todo comenz\u00f3 durante una salida nocturna a un boliche al que asisti\u00f3 junto a un grupo de amigas.<\/p>\n<p>Siempre seg\u00fan su relato, el conflicto se desencaden\u00f3 cuando intentaban retirarse del local y personal del establecimiento les exigi\u00f3 el pago de consumos que, asegur\u00f3, ya hab\u00edan sido abonados. \u201c<strong>Pagamos la entrada y todo lo que consumimos. Cuando est\u00e1bamos por salir, nos retienen y nos dicen que con la pulsera hab\u00eda cosas que no hab\u00edamos pagado. Nosotras hab\u00edamos pagado todo en el momento. Tengo los comprobantes, con los horarios y todo<\/strong>\u201d, sostuvo ante El Liberal.<\/p>\n<p>La discusi\u00f3n fue subiendo de tono cuando comenzaron a cuestionar lo que consideraban un cobro injustificado. \u201cEmpezamos a decirles que nos estaban robando, que eran unos ladrones. Ellos se nos re\u00edan en la cara. Pagamos de todos modos\u201d, agreg\u00f3. La secuencia, seg\u00fan explic\u00f3, no termin\u00f3 all\u00ed. Ya fuera del boliche, P\u00e1ez afirm\u00f3 que empleados del lugar las siguieron mientras bajaban por las escaleras y realizaron gestos obscenos. \u201cSe agarraban los genitales, nos se\u00f1alaban y se re\u00edan\u201d, describi\u00f3.<\/p>\n<p>En ese contexto, admiti\u00f3 haber reaccionado de forma inapropiada. \u201c<strong>Ah\u00ed es cuando yo hago ese gesto. No los llegaba a ver bien. Los gestos eran m\u00e1s para mis amigas<\/strong>\u201d, concluy\u00f3, en referencia a las im\u00e1genes que luego se viralizaron y que hoy la mantienen imputada y bajo estrictas medidas judiciales en Brasil.<\/p>\n<\/section>\n","protected":false},"excerpt":{"rendered":"<p>\u201cPapi, me quieren matar aqu\u00ed\u201d. Esa frase, dicha en una comunicaci\u00f3n desesperada con su padre, pertenece a Agostina P\u00e1ez, la abogada santiague\u00f1a que qued\u00f3 imputada en R\u00edo de Janeiro luego de que c\u00e1maras de seguridad de un boliche de la zona sur registraran el momento en el que realiz\u00f3 gestos y sonidos asociados a un [&hellip;]<\/p>\n","protected":false},"author":1,"featured_media":182330,"comment_status":"closed","ping_status":"closed","sticky":false,"template":"","format":"standard","meta":[],"categories":[2],"tags":[],"_links":{"self":[{"href":"http:\/\/cordobainforma.info\/index.php\/wp-json\/wp\/v2\/posts\/182329"}],"collection":[{"href":"http:\/\/cordobainforma.info\/index.php\/wp-json\/wp\/v2\/posts"}],"about":[{"href":"http:\/\/cordobainforma.info\/index.php\/wp-json\/wp\/v2\/types\/post"}],"author":[{"embeddable":true,"href":"http:\/\/cordobainforma.info\/index.php\/wp-json\/wp\/v2\/users\/1"}],"replies":[{"embeddable":true,"href":"http:\/\/cordobainforma.info\/index.php\/wp-json\/wp\/v2\/comments?post=182329"}],"version-history":[{"count":0,"href":"http:\/\/cordobainforma.info\/index.php\/wp-json\/wp\/v2\/posts\/182329\/revisions"}],"wp:featuredmedia":[{"embeddable":true,"href":"http:\/\/cordobainforma.info\/index.php\/wp-json\/wp\/v2\/media\/182330"}],"wp:attachment":[{"href":"http:\/\/cordobainforma.info\/index.php\/wp-json\/wp\/v2\/media?parent=182329"}],"wp:term":[{"taxonomy":"category","embeddable":true,"href":"http:\/\/cordobainforma.info\/index.php\/wp-json\/wp\/v2\/categories?post=182329"},{"taxonomy":"post_tag","embeddable":true,"href":"http:\/\/cordobainforma.info\/index.php\/wp-json\/wp\/v2\/tags?post=182329"}],"curies":[{"name":"wp","href":"https:\/\/api.w.org\/{rel}","templated":true}]}}