{"id":182294,"date":"2026-01-20T16:40:23","date_gmt":"2026-01-20T16:40:23","guid":{"rendered":"https:\/\/www.escribiendocine.com\/noticias\/2026\/01\/20\/21322-cultura-de-verano-una-agenda-artistica-para-habitar-la-ciudad-durante-el-verano-porteno"},"modified":"2026-01-20T16:40:23","modified_gmt":"2026-01-20T16:40:23","slug":"cultura-de-verano-una-agenda-artistica-para-habitar-la-ciudad-durante-el-verano-porteno","status":"publish","type":"post","link":"http:\/\/cordobainforma.info\/index.php\/2026\/01\/20\/cultura-de-verano-una-agenda-artistica-para-habitar-la-ciudad-durante-el-verano-porteno\/","title":{"rendered":"\u00abCultura de Verano\u00bb: una agenda art\u00edstica para habitar la Ciudad durante el verano porte\u00f1o"},"content":{"rendered":"<div class=\"media_block\"><\/div>\n<div><img src=\"http:\/\/cordobainforma.info\/wp-content\/uploads\/2026\/01\/cultura-de-verano-una-agenda-artistica-para-habitar-la-ciudad-durante-el-verano-porteno.jpg\" class=\"ff-og-image-inserted\"><\/div>\n<div readability=\"25.363636363636\">\n<div class=\"col-xs-12 col-sm-6 col-md-12 col-lg-3 no-padding col-der\" readability=\"7\">\n<p> <span class=\"fecha\">martes 20 de enero de 2026 <\/span> <\/p>\n<\/p><\/div><\/div>\n<div readability=\"100.78995115143\">\n<p>Del 22 de enero al 28 de febrero, el Ministerio de Cultura de la Ciudad de Buenos Aires pone en marcha una nueva edici\u00f3n de <a href=\"https:\/\/festivalesba.org\/\" target=\"_blank\" rel=\"noopener noreferrer\">Cultura de Verano<\/a>, el ciclo que propone atravesar la temporada estival desde una programaci\u00f3n art\u00edstica distribuida en todos los barrios de la Ciudad de Buenos Aires. Con una agenda ampliada, la iniciativa vuelve a plantear al verano como un tiempo de circulaci\u00f3n cultural, con actividades que recorren la m\u00fasica, el cine, el teatro, las artes visuales y experiencias pensadas para distintos momentos del d\u00eda.<\/p>\n<p>La propuesta consolida una l\u00f3gica territorial: no hay un \u00fanico centro, sino una red de espacios que activan la ciudad desde m\u00faltiples puntos. Terrazas, jardines, plazas, parques y \u00e1mbitos patrimoniales se incorporan como escenarios culturales, promoviendo otro uso del espacio p\u00fablico durante los meses de calor. La programaci\u00f3n se apoya en la idea de cercan\u00eda y acceso, con actividades que dialogan con la vida cotidiana de cada barrio.<\/p>\n<p>Entre las novedades de esta edici\u00f3n, el cine al aire libre ampl\u00eda su alcance y se despliega en distintos espacios de la ciudad. La experiencia cinematogr\u00e1fica sale de las salas y se integra al paisaje urbano, generando nuevas formas de encuentro entre el p\u00fablico y las pel\u00edculas, en horarios nocturnos y al atardecer. Esta expansi\u00f3n busca reforzar el v\u00ednculo entre cultura y espacio p\u00fablico, y propone una manera distinta de habitar la ciudad durante el verano.<\/p>\n<p>El Museo del Cine Pablo Ducr\u00f3s Hicken presentar\u00e1 funciones especiales para p\u00fablico infantil y familiar. La agenda incluir\u00e1 el Cineclub Infantil en S\u00faper 8 con cortos de Charlie Chaplin (24 de enero a las 17 h), una selecci\u00f3n de cortos del animador h\u00fangaro Ott\u00f3 Foky (25 de enero a las 17 h), el Cineclub Infantil Aventuras de animales (31 de enero a las 17 h) y funciones del Ciclo de Cine de Verano: 35\u00b0 a la sombra, con proyecciones en formato 35 mm, como <strong>Felicidades <\/strong>de Lucho Bender (31 de enero a las 19 h).<\/p>\n<p>El cine tambi\u00e9n tendr\u00e1 una presencia destacada en el Centro Cultural Recoleta, donde de jueves a domingo a las 18 h se desarrollar\u00e1 una programaci\u00f3n que recorre distintos g\u00e9neros y \u00e9pocas. La propuesta incluye t\u00edtulos como<strong> Ayahuasca Now<\/strong> (22 de enero), <strong>Furia de titanes<\/strong> (23 de enero), <strong>Cantando bajo la lluvia<\/strong> (24 de enero), Brindis de amor (25 de enero), <strong>El se\u00f1or de los anillos <\/strong>(30 de enero), <strong>El joven Frankenstein<\/strong> (31 de enero), <strong>Mi primo Vinny<\/strong> (1 de febrero) y <strong>El hombre en lo salvaje<\/strong> (13 de febrero), adem\u00e1s de funciones especiales de <strong>\u00c1ngeles<\/strong>, dirigida por Paula Markovitch, los d\u00edas 22 y 29 de enero.<\/p>\n<p class=\"noticia-relacionada noEditable\" data-id=\"21017\"><ampiframe src=\"https:\/\/www.escribiendocine.com\/api\/noticias\/21017\/relacionadas?amp=1\" layout=\"fixed-height\" sandbox=\"allow-top-navigation allow-top-navigation-by-user-activation allow-scripts \" height=\"100px\"> <b placeholder>Lee tambi\u00e9n: Cr\u00edtica de \u00ab\u00c1ngeles\u00bb: Paula Markovitch y una mirada neorrealista sobre la infancia<\/b> <\/ampiframe><\/p>\n<p>Asimismo, por primera vez, <a href=\"https:\/\/festivalesba.org\/\" target=\"_blank\" rel=\"noopener noreferrer\">Cultura de Verano<\/a> incorpora cine al aire libre en el espacio p\u00fablico, con funciones nocturnas que trasladan la experiencia cinematogr\u00e1fica a plazas y espacios abiertos de la Ciudad. La propuesta se desarrollar\u00e1 en lugares como Plaza Usina, Planetario, Polo Circo, Plaza Puerto Madero, Plaza Uspallata y Barrancas de Belgrano, invitando a encontrarse con el cine durante las noches de verano de una manera distinta.<\/p>\n<p class=\"noticia-relacionada noEditable\" data-id=\"19451\"><ampiframe src=\"https:\/\/www.escribiendocine.com\/api\/noticias\/19451\/relacionadas?amp=1\" layout=\"fixed-height\" sandbox=\"allow-top-navigation allow-top-navigation-by-user-activation allow-scripts \" height=\"100px\"> <b placeholder>Lee tambi\u00e9n: Cr\u00edtica de \u00abGatillero\u00bb: Sicarios, traiciones y una ciudad en llamas<\/b> <\/ampiframe><\/p>\n<p>En este marco, la Plaza de la Usina del Arte ser\u00e1 escenario de dos fechas especiales de cine bajo las estrellas que forman parte de la Selecci\u00f3n BAFICI. El viernes 23 de enero a las 20.30 h se proyectar\u00e1 <strong>Fuck You! El \u00faltimo show,<\/strong> un film de Jos\u00e9 Luis Garc\u00eda que recorre los preparativos y el concierto hist\u00f3rico de Sumo en el Estadio Obras, registrado pocos meses antes de la muerte de su l\u00edder, Luca Prodan. El viernes 6 de febrero la programaci\u00f3n combinar\u00e1 m\u00fasica en vivo y cine, con un peque\u00f1o recital de <strong>El conjuro de las cumbias tristes<\/strong>, banda de sonido de Gatillero, a las 20.30 h, seguido a las 21 h por la proyecci\u00f3n de <strong>Gatillero<\/strong>, dirigida por Cristian Tapia Marchiori, un thriller urbano ambientado en Isla Maciel.<\/p>\n<p><a href=\"https:\/\/festivalesba.org\/\" target=\"_blank\" rel=\"noopener noreferrer\">Cultura de Verano<\/a> se inscribe as\u00ed como una pol\u00edtica cultural que combina programaci\u00f3n art\u00edstica, uso del espacio urbano y circulaci\u00f3n territorial. M\u00e1s que un calendario de actividades, el ciclo funciona como un mapa estival que invita a recorrer la ciudad desde sus pr\u00e1cticas culturales, transformando el verano en una experiencia compartida.<\/p>\n<\/p><\/div>\n","protected":false},"excerpt":{"rendered":"<p>martes 20 de enero de 2026 Del 22 de enero al 28 de febrero, el Ministerio de Cultura de la Ciudad de Buenos Aires pone en marcha una nueva edici\u00f3n de Cultura de Verano, el ciclo que propone atravesar la temporada estival desde una programaci\u00f3n art\u00edstica distribuida en todos los barrios de la Ciudad de [&hellip;]<\/p>\n","protected":false},"author":1,"featured_media":182295,"comment_status":"open","ping_status":"closed","sticky":false,"template":"","format":"standard","meta":[],"categories":[21],"tags":[],"_links":{"self":[{"href":"http:\/\/cordobainforma.info\/index.php\/wp-json\/wp\/v2\/posts\/182294"}],"collection":[{"href":"http:\/\/cordobainforma.info\/index.php\/wp-json\/wp\/v2\/posts"}],"about":[{"href":"http:\/\/cordobainforma.info\/index.php\/wp-json\/wp\/v2\/types\/post"}],"author":[{"embeddable":true,"href":"http:\/\/cordobainforma.info\/index.php\/wp-json\/wp\/v2\/users\/1"}],"replies":[{"embeddable":true,"href":"http:\/\/cordobainforma.info\/index.php\/wp-json\/wp\/v2\/comments?post=182294"}],"version-history":[{"count":0,"href":"http:\/\/cordobainforma.info\/index.php\/wp-json\/wp\/v2\/posts\/182294\/revisions"}],"wp:featuredmedia":[{"embeddable":true,"href":"http:\/\/cordobainforma.info\/index.php\/wp-json\/wp\/v2\/media\/182295"}],"wp:attachment":[{"href":"http:\/\/cordobainforma.info\/index.php\/wp-json\/wp\/v2\/media?parent=182294"}],"wp:term":[{"taxonomy":"category","embeddable":true,"href":"http:\/\/cordobainforma.info\/index.php\/wp-json\/wp\/v2\/categories?post=182294"},{"taxonomy":"post_tag","embeddable":true,"href":"http:\/\/cordobainforma.info\/index.php\/wp-json\/wp\/v2\/tags?post=182294"}],"curies":[{"name":"wp","href":"https:\/\/api.w.org\/{rel}","templated":true}]}}