{"id":182292,"date":"2026-01-20T21:15:23","date_gmt":"2026-01-20T21:15:23","guid":{"rendered":"http:\/\/cordobainforma.info\/index.php\/2026\/01\/20\/video-ee-uu-incauta-el-buque-sagitta-en-el-caribe\/"},"modified":"2026-01-20T21:15:23","modified_gmt":"2026-01-20T21:15:23","slug":"video-ee-uu-incauta-el-buque-sagitta-en-el-caribe","status":"publish","type":"post","link":"http:\/\/cordobainforma.info\/index.php\/2026\/01\/20\/video-ee-uu-incauta-el-buque-sagitta-en-el-caribe\/","title":{"rendered":"VIDEO: EE.UU. incauta el buque Sagitta en el Caribe"},"content":{"rendered":"<p><img src=\"http:\/\/cordobainforma.info\/wp-content\/uploads\/2026\/01\/video-ee-uu-incauta-el-buque-sagitta-en-el-caribe.png\"><\/p>\n<p>Fuerzas militares de EE.UU. <strong>detuvieron \u00absin incidentes\u00bb al buque motor Sagitta<\/strong>, que \u00aboperaba desafiando la cuarentena\u00bb establecida unilateralmente por el presidente estadounidense, Donald Trump, para buques sancionados en el Caribe, <a href=\"https:\/\/x.com\/Southcom\/status\/2013718812424630376\" target=\"_blank\" rel=\"noopener noreferrer\">inform\u00f3<\/a> este martes el Comando Sur.<\/p>\n<p>\u00abDemuestra nuestra determinaci\u00f3n de garantizar que el \u00fanico petr\u00f3leo que salga de Venezuela sea el que se coordine <strong>de forma adecuada y legal<\/strong>\u00ab, asegur\u00f3 el mando conjunto a trav\u00e9s de un mensaje publicado en redes sociales.<\/p>\n<p>La semana pasada la agencia Reuters <a href=\"https:\/\/actualidad.rt.com\/actualidad\/582330-estados-unidos-incauta-petrolero-venezuela\" target=\"_blank\" rel=\"noopener noreferrer\">inform\u00f3<\/a> que EE.UU. hab\u00eda incautado otro petrolero, erigi\u00e9ndose en el sexto de las \u00faltimas semanas que llevaba petr\u00f3leo venezolano o lo hab\u00eda hecho en el pasado.<\/p>\n<p>\u00abEstas operaciones est\u00e1n respaldadas por todo el poder de nuestro equipo de fuerza conjunta de \u00e9lite desplegado en el Caribe\u00bb, dijo este martes el Comando Sur, que tambi\u00e9n indic\u00f3 que el operativo se enmarc\u00f3 en la Operaci\u00f3n &#8216;Southern Spear&#8217; (&#8216;Lanza del Sur&#8217;, en espa\u00f1ol).<\/p>\n<div class=\"ReadMore-root Section-root Section-is1to3-xs_is1to1\" data-widgets=\"ReadMore\">\n<div class=\"Section-container Section-isRow-isTop-isWrap\">\n<article class=\"Card-root Card-is1to1 Card-default \">\n<div class=\"Card-imageWrap\">\n<div class=\"Card-picture\"> <picture class=\"Picture-root Picture-default\"><!--[if IE 9]><video style=\"display: none;\"><![endif]--><source media=\"(-webkit-min-device-pixel-ratio: 2) and (min-resolution: 120dpi)\" srcset=\"http:\/\/cordobainforma.info\/wp-content\/uploads\/2026\/01\/video-ee-uu-incauta-el-buque-sagitta-en-el-caribe.jpg 850w, http:\/\/cordobainforma.info\/wp-content\/uploads\/2026\/01\/video-ee-uu-incauta-el-buque-sagitta-en-el-caribe-1.jpg 1960w\"><source srcset=\"http:\/\/cordobainforma.info\/wp-content\/uploads\/2026\/01\/video-ee-uu-incauta-el-buque-sagitta-en-el-caribe.jpg, https:\/\/actualidad.rt.com\/actualidad\/460, http:\/\/cordobainforma.info\/wp-content\/uploads\/2026\/01\/video-ee-uu-incauta-el-buque-sagitta-en-el-caribe-1.jpg 980w\"><!--[if IE 9]><\/video><![endif]--><img data-sizes=\"auto\" src=\"http:\/\/cordobainforma.info\/wp-content\/uploads\/2026\/01\/video-ee-uu-incauta-el-buque-sagitta-en-el-caribe.jpg\" class=\"Picture-root Picture-default lazyload\" alt=\"Imagen ilustrativa\"><\/picture><!-- noscript pattern --><noscript><img src=\"http:\/\/cordobainforma.info\/wp-content\/uploads\/2026\/01\/video-ee-uu-incauta-el-buque-sagitta-en-el-caribe-1.jpg\" alt=\"Imagen ilustrativa\"><\/noscript> <\/div><\/div>\n<\/article><\/div><\/div>\n<p>En noviembre de 2025, el secretario de Guerra de EE.UU., Pete Hegseth, <a href=\"https:\/\/actualidad.rt.com\/actualidad\/572973-eeuu-anuncia-operacion-lanza-sur\" target=\"_blank\" rel=\"noopener noreferrer\">anunci\u00f3<\/a> el comienzo de la &#8216;Lanza del Sur&#8217; con la misi\u00f3n de <strong>\u00abeliminar a los narcoterroristas\u00bb del continente<\/strong>. \u00abEl hemisferio occidental es el vecindario de EE.UU., y lo protegeremos\u00bb, sostuvo.<\/p>\n<h3>Agresi\u00f3n de EE.UU. y secuestro de Maduro<\/h3>\n<ul>\n<li>\n<p>Bajo el pretexto de la lucha contra el narcoterrorismo, EE.UU.&nbsp;<a href=\"https:\/\/esrt.space\/actualidad\/580043-sabe-ataques-aereos-eeuu-caracas\" target=\"_blank\" rel=\"noopener noreferrer\">lanz\u00f3<\/a>&nbsp;una agresi\u00f3n militar masiva en territorio venezolano, el pasado 3 de enero, que afect\u00f3 a Caracas y los estados Miranda, Aragua y La Guaira. La operaci\u00f3n concluy\u00f3 con el secuestro del presidente de Venezuela, Nicol\u00e1s Maduro, y de su esposa, Cilia Flores.<\/p>\n<\/li>\n<li>\n<p>Caracas&nbsp;calific\u00f3 las acciones de Washington&nbsp;como una&nbsp;<strong>\u00abgrav\u00edsima agresi\u00f3n militar\u00bb<\/strong>&nbsp;y&nbsp;<a href=\"https:\/\/actualidad.rt.com\/actualidad\/580277-delcy-rodriguez-unico-presidente-venezuela-maduro\" target=\"_blank\" rel=\"nofollow noopener noreferrer\">advirti\u00f3<\/a>&nbsp;que el objetivo de los ataques \u00abno es otro que apoderarse de los recursos estrat\u00e9gicos de Venezuela, en particular de su petr\u00f3leo y minerales, intentando quebrar por la fuerza la independencia pol\u00edtica de la naci\u00f3n\u00bb.<\/p>\n<\/li>\n<li>\n<p>El mandatario venezolano y la primera dama fueron trasladados al pa\u00eds norteamericano y actualmente se encuentran recluidos&nbsp;en el Centro de Detenci\u00f3n Metropolitano de Brooklyn, en Nueva York.<\/p>\n<\/li>\n<li>\n<p>Maduro se declar\u00f3 inocente en su primera&nbsp;<a href=\"https:\/\/actualidad.rt.com\/actualidad\/580651-video-maduro-extraido-helicoptero-tribunal\" target=\"_blank\" rel=\"noopener noreferrer\">audiencia<\/a>&nbsp;ante la Justicia de EE.UU., en&nbsp;el Tribunal del Distrito Sur de Nueva York, donde fue acusado de narcoterrorismo.<\/p>\n<\/li>\n<li>\n<p>La vicepresidenta de Venezuela, Delcy Rodr\u00edguez,&nbsp;<a href=\"https:\/\/actualidad.rt.com\/actualidad\/580722-vivo-acto-juramentacion-delcy-rodriguez\" target=\"_blank\" rel=\"noopener noreferrer\">jur\u00f3<\/a>&nbsp;como presidenta encargada del pa\u00eds suramericano.<\/p>\n<\/li>\n<li>\n<p>Muchos pa\u00edses del mundo, entre ellos Rusia,&nbsp;<a href=\"https:\/\/actualidad.rt.com\/actualidad\/580179-reaccionar-mundo-agresion-eeuu-venezuela\" target=\"_blank\" rel=\"nofollow noopener noreferrer\">instaron<\/a>&nbsp;a liberar a Maduro y a su esposa. Mosc\u00fa&nbsp;<a href=\"https:\/\/actualidad.rt.com\/actualidad\/580078-venezuela-caracas-eeuu-ataques-rusia\" target=\"_blank\" rel=\"noopener noreferrer\">repudi\u00f3<\/a>&nbsp;el ataque y se\u00f1al\u00f3 que&nbsp;<strong>Venezuela debe tener el derecho de decidir su destino<\/strong>&nbsp;sin ning\u00fan tipo de intervenci\u00f3n desde el exterior.<\/p>\n<\/li>\n<\/ul>\n","protected":false},"excerpt":{"rendered":"<p>Fuerzas militares de EE.UU. detuvieron \u00absin incidentes\u00bb al buque motor Sagitta, que \u00aboperaba desafiando la cuarentena\u00bb establecida unilateralmente por el presidente estadounidense, Donald Trump, para buques sancionados en el Caribe, inform\u00f3 este martes el Comando Sur. \u00abDemuestra nuestra determinaci\u00f3n de garantizar que el \u00fanico petr\u00f3leo que salga de Venezuela sea el que se coordine de [&hellip;]<\/p>\n","protected":false},"author":1,"featured_media":182293,"comment_status":"closed","ping_status":"closed","sticky":false,"template":"","format":"standard","meta":[],"categories":[22],"tags":[],"_links":{"self":[{"href":"http:\/\/cordobainforma.info\/index.php\/wp-json\/wp\/v2\/posts\/182292"}],"collection":[{"href":"http:\/\/cordobainforma.info\/index.php\/wp-json\/wp\/v2\/posts"}],"about":[{"href":"http:\/\/cordobainforma.info\/index.php\/wp-json\/wp\/v2\/types\/post"}],"author":[{"embeddable":true,"href":"http:\/\/cordobainforma.info\/index.php\/wp-json\/wp\/v2\/users\/1"}],"replies":[{"embeddable":true,"href":"http:\/\/cordobainforma.info\/index.php\/wp-json\/wp\/v2\/comments?post=182292"}],"version-history":[{"count":0,"href":"http:\/\/cordobainforma.info\/index.php\/wp-json\/wp\/v2\/posts\/182292\/revisions"}],"wp:featuredmedia":[{"embeddable":true,"href":"http:\/\/cordobainforma.info\/index.php\/wp-json\/wp\/v2\/media\/182293"}],"wp:attachment":[{"href":"http:\/\/cordobainforma.info\/index.php\/wp-json\/wp\/v2\/media?parent=182292"}],"wp:term":[{"taxonomy":"category","embeddable":true,"href":"http:\/\/cordobainforma.info\/index.php\/wp-json\/wp\/v2\/categories?post=182292"},{"taxonomy":"post_tag","embeddable":true,"href":"http:\/\/cordobainforma.info\/index.php\/wp-json\/wp\/v2\/tags?post=182292"}],"curies":[{"name":"wp","href":"https:\/\/api.w.org\/{rel}","templated":true}]}}