{"id":182286,"date":"2026-01-20T06:59:10","date_gmt":"2026-01-20T06:59:10","guid":{"rendered":"https:\/\/www.mujerhoy.com\/vivir\/decoracion\/vincent-van-duysen-disenador-favorito-marta-ortega-coleccion-muebles-mas-bonita-historia-zara-home-20260120143052-nt.html"},"modified":"2026-01-20T06:59:10","modified_gmt":"2026-01-20T06:59:10","slug":"vincent-van-duysen-el-disenador-favorito-de-marta-ortega-sobre-su-nueva-coleccion-para-zara-home-cada-pieza-elegida-me-recuerda-quien-soy-o-en-quien-quiero-convertirme","status":"publish","type":"post","link":"http:\/\/cordobainforma.info\/index.php\/2026\/01\/20\/vincent-van-duysen-el-disenador-favorito-de-marta-ortega-sobre-su-nueva-coleccion-para-zara-home-cada-pieza-elegida-me-recuerda-quien-soy-o-en-quien-quiero-convertirme\/","title":{"rendered":"Vincent Van Duysen, el dise\u00f1ador favorito de Marta Ortega, sobre su nueva colecci\u00f3n para Zara Home: \u00abCada pieza elegida me recuerda qui\u00e9n soy o en qui\u00e9n quiero convertirme\u00bb"},"content":{"rendered":"<div class=\"media_block\"><\/div>\n<p><!-- AUTHOR --><\/p>\n<div class=\"voc-author-timesocial \">\n<!-- AUTHOR --><\/p>\n<div class=\"voc-author-timesocial__signature \">\n<!-- IMAGE AUTHOR -->\n<picture class=\"voc-image-signature\">\n<img class=\"voc-image-signature__img\" src=\"http:\/\/cordobainforma.info\/wp-content\/uploads\/2026\/01\/vincent-van-duysen-el-disenador-favorito-de-marta-ortega-sobre-su-nueva-coleccion-para-zara-home-cada-pieza-elegida-me-recuerda-quien-soy-o-en-quien-quiero-convertirme.jpg\" alt=\"Ana Calvo\">\n<\/picture>\n<!-- INFO AUTHOR --><\/p>\n<div class=\"voc-author-timesocial__info\" data-mrf-recirculation=\"Autor\">\n<div class=\"voc-author-info\">\n<author><br \/>\n<a class=\"voc-author\" href=\"https:\/\/www.mujerhoy.com\/autor\/ana-calvo-1186.html\">Ana Calvo<\/a><br \/>\n<\/author><br \/>\n<!-- TIME --><br \/>\n<time data-voc-date-modified class=\"mdamp-article-time\" itemprop=\"dateModified\" datetime=\"2026-01-20T06:58:19Z\" data-timestamp><br \/>\nActualizado \u00b7 <span data-voc-date-modified-short>20 de enero de 2026, 07:58 h<\/span><br \/>\n<\/time>\n<\/div>\n<\/div>\n<\/div><\/div>\n<p><!-- COMPONENTS --><\/p>\n<p class=\"voc-paragraph\">Si algo ha dejado claro <a href=\"https:\/\/www.mujerhoy.com\/celebrities\/marta-ortega-cumple-42-anos-matrimonio-feliz-poder-global-inditex-20260110183435-nt.html\" title=\"www.mujerhoy.com\" data-voc-vtm-id=\"in-text-traffic\" data-mrf-link=\"www.mujerhoy.com\">Marta Ortega<\/a> desde que asumi\u00f3 el cargo de presidenta de Inditex es que su impronta en la compa\u00f1\u00eda pasaba por rodearse de <a href=\"https:\/\/www.mujerhoy.com\/vivir\/decoracion\/sofa-rosalia-zara-50-creators-no-son-zapatillas-20251003152909-nt.html\" title=\"www.mujerhoy.com\" data-voc-vtm-id=\"in-text-traffic\" data-mrf-link=\"www.mujerhoy.com\">figuras excepcionales que marcaran la diferencia<\/a> en todas sus firmas. El dise\u00f1o como piedra angular del trasatl\u00e1ntico espa\u00f1ol del retail, m\u00e1s cerca del lujo accesible que del fast fashion. Y <strong>Zara Home no iba a ser una excepci\u00f3n<\/strong>.<\/p>\n<p class=\"voc-paragraph\">El t\u00e1ndem que forman <a href=\"https:\/\/www.mujerhoy.com\/vivir\/decoracion\/favoritos-marta-ortega-muebles-mas-bonitos-historia-zara-home-20250721150324-nt.html\" title=\"www.mujerhoy.com\" data-voc-vtm-id=\"in-text-traffic\" data-mrf-link=\"www.mujerhoy.com\">Marta Ortega y Vincent Van Duysen<\/a> es, sin duda, uno de los m\u00e1s s\u00f3lidos y fruct\u00edferos ejemplos que encontramos en el mundo del dise\u00f1o actual. Desde que comenz\u00f3 su di\u00e1logo creativo en 2022, <strong>colecci\u00f3n a colecci\u00f3n<\/strong> el belga se ha ganado a pulso ser una &#8216;secci\u00f3n propia&#8217; con entidad dentro de Zara Home.<\/p>\n<div class=\"v-c-cmp v-c-cmp--t1 \">\n<div class=\"v-cmp-rld v-cmp-rld--2 \">\n<div class=\"v-cnt-m v-cnt-m--m\">\n<div class=\"v-cnt-m__c\">\n<div class=\"v-cnt-m__w v-cnt-m__w--1\">\n<p class=\"v-cnt-m__t\">\nTAMBI\u00c9N TE INTERESA\n<\/p>\n<\/div>\n<\/div>\n<\/div>\n<div class=\"v-g v-g--2-c v-g--bdr-min-xs\">\n<div class=\"v-g__c \">\n<article class=\"v-a v-a--cmp-rld v-a--cmp-rld-2 v-a--p-l\">\n<div class=\"v-a-img-c\">\n<figure class=\"v-a-fig\">\n<a href=\"https:\/\/www.mujerhoy.com\/vivir\/decoracion\/kate-middleton-marta-ortega-unidas-preciosa-casa-campo-gales-decoracion-zara-home-20251021152334-nt.html#vtm_modulosEngag=mod-rel:vivir:noticia:1:cmp:2-not\" class=\"v-a-link\" title=\"La impresionante casa de campo en Gales que une a Kate Middleton y Marta Ortega\"><br \/>\n<img loading=\"lazy\" class=\"v-a-img\" src=\"http:\/\/cordobainforma.info\/wp-content\/uploads\/2026\/01\/vincent-van-duysen-el-disenador-favorito-de-marta-ortega-sobre-su-nueva-coleccion-para-zara-home-cada-pieza-elegida-me-recuerda-quien-soy-o-en-quien-quiero-convertirme-1.jpg\" alt=\"La impresionante casa de campo en Gales que une a Kate Middleton y Marta Ortega\"><br \/>\n<\/a><br \/>\n<\/figure>\n<\/div>\n<\/article>\n<\/div>\n<div class=\"v-g__c \">\n<article class=\"v-a v-a--cmp-rld v-a--cmp-rld-2 v-a--p-l\">\n<div class=\"v-a-img-c\">\n<figure class=\"v-a-fig\">\n<a href=\"https:\/\/www.mujerhoy.com\/vivir\/decoracion\/favoritos-rebajas-zara-home-chollos-decoracion-muebles-baratos-20260114142934-nt.html#vtm_modulosEngag=mod-rel:vivir:noticia:2:cmp:2-not\" class=\"v-a-link\" title=\"Mis favoritos de las rebajas deco de Zara Home: piezas de dise\u00f1o, muebles para casas peque\u00f1as y toques retro\"><br \/>\n<img loading=\"lazy\" class=\"v-a-img\" src=\"http:\/\/cordobainforma.info\/wp-content\/uploads\/2026\/01\/vincent-van-duysen-el-disenador-favorito-de-marta-ortega-sobre-su-nueva-coleccion-para-zara-home-cada-pieza-elegida-me-recuerda-quien-soy-o-en-quien-quiero-convertirme-2.jpg\" alt=\"Mis favoritos de las rebajas deco de Zara Home: piezas de dise\u00f1o, muebles para casas peque\u00f1as y toques retro\"><br \/>\n<\/a><br \/>\n<\/figure>\n<\/div>\n<\/article>\n<\/div>\n<\/div>\n<\/div>\n<\/div>\n<p class=\"voc-paragraph\">Con precios mucho m\u00e1s elevados de los que podr\u00edan esperarse de Zara Home, pero accesibles cuando de dise\u00f1o con may\u00fasculas se trata, de cada de las colecciones que lanza nos atrevemos a decir que <strong>es \u00abla mejor\u00bb<\/strong>. Hasta que sale una nueva y la supera. Y tenemos que volver a reescribir los titulares.<\/p>\n<p class=\"voc-paragraph\">Pieza a pieza, el dise\u00f1ador ha conseguido unir Amberes y Arteixo (A Coru\u00f1a) a trav\u00e9s de dise\u00f1os con los que se mantiene \u00abfiel al material, al oficio y a la intimidad\u00bb. Tanto, que con su \u00faltima propuesta nos lleva a casa. <strong>At home with Vincent Van Duysen<\/strong> es su \u00faltima aventura de la mano de Zara Home, una sinfon\u00eda de \u00abobjetos, no cosas. Presencias que saben. Hablan en la mano sin palabras. Se calman. Persisten. Resisten\u00bb, escribe el propio dise\u00f1ador.<\/p>\n<div class=\"v-c-cmp v-c-cmp--s\">\n<div class=\"v-cmp-m \">\n<article class=\"v-a v-a--cmp-m v-c-cmp--m-z\">\n<div class=\"v-a-img-c \">\n<div class=\"v-a-fig\">\n<button class=\"v-a-link\" popovertarget=\"photo-757\"><br \/>\n<img loading=\"lazy\" src=\"http:\/\/cordobainforma.info\/wp-content\/uploads\/2026\/01\/vincent-van-duysen-el-disenador-favorito-de-marta-ortega-sobre-su-nueva-coleccion-para-zara-home-cada-pieza-elegida-me-recuerda-quien-soy-o-en-quien-quiero-convertirme-3.jpg\" class=\"v-a-img\" width=\"650\" height=\"650\" alt=\"Comedor con piezas de Vincent Van Duysen para Zara Home: TABLE ACCESSORY 02 en madera de hevea negro y roble; la TABLE 04 tiene acabado personalizado.\" data-voc-vtm-id=\"in-text-traffic\"> <\/button><figcaption class=\"v-fc\">\n<span class=\"v-fc__t\"><br \/>\nComedor con piezas de Vincent Van Duysen para Zara Home: TABLE ACCESSORY 02 en madera de hevea negro y roble; la TABLE 04 tiene acabado personalizado.<br \/>\n<\/span><br \/>\n<span class=\"v-fc__p\"><br \/>\nFran\u00e7ois Halard para Zara Home<br \/>\n<\/span><br \/>\n<\/figcaption><\/div>\n<\/div>\n<div id=\"photo-757\" popover class=\"v-mdl v-mdl--fw\">\n<button class=\"v-x\" popovertarget=\"photo-757\" popovertargetaction=\"hide\"><br \/>\n<span class=\"v-i\"><br \/>\n<svg width=\"24\" height=\"23.996\" viewBox=\"0 0 24 23.996\">\n<path data-name=\"Uni\u00f3n 29\" d=\"M12,14.03,2.031,24,0,21.963,9.968,12,0,2.033,2.031,0,12,9.966,21.969,0,24,2.033,14.032,12,24,21.963,21.969,24Z\" \/>\n<\/svg><br \/>\n<\/span><br \/>\n<\/button><\/p>\n<div class=\"v-mdl__c\">\n<div class=\"v-mdl__w\">\n<img loading=\"lazy\" src=\"http:\/\/cordobainforma.info\/wp-content\/uploads\/2026\/01\/vincent-van-duysen-el-disenador-favorito-de-marta-ortega-sobre-su-nueva-coleccion-para-zara-home-cada-pieza-elegida-me-recuerda-quien-soy-o-en-quien-quiero-convertirme-3.jpg\" class=\"v-mdl__img-z\" width=\"650\" height=\"650\" alt>\n<\/div>\n<\/div>\n<\/div>\n<p><span class=\"v-bdp\"><\/span><br \/>\n<\/article>\n<\/div>\n<\/div>\n<p><h3 class=\"v-cmp-suh\">\nAs\u00ed es lo nuevo de Van Duysen para Zara Home<br \/>\n<\/h3>\n<\/p>\n<p class=\"voc-paragraph\">Asegura Van Duysen que \u00abel arte me acompa\u00f1a en silencio. Colecciono para construirme un paisaje interior. Cada pieza elegida me recuerda qui\u00e9n soy, o en qui\u00e9n quiero convertirme. <strong>Nunca es simple est\u00e9tica, sino un di\u00e1logo \u00edntimo<\/strong>\u00bb. Quiz\u00e1 por eso la nueva colecci\u00f3n se presenta bajo una luz \u00edntima y c\u00e1lida, fotografiada una vez m\u00e1s por Fran\u00e7ois Halard, y sus piezas entablan una conversaci\u00f3n serena y calmada con el entorno. <\/p>\n<p class=\"voc-paragraph\">En estas propuestas nada chilla y todo susurra. Madera, piedra, cosas reales. \u00abCuando algo est\u00e1 bien, se impone en silencio. Textura, cuerpo, calidez. No es una elecci\u00f3n est\u00e9tica, es una necesidad. Una conexi\u00f3n profunda, una ra\u00edz silenciosa. Un tipo de calma que se puede tocar\u00bb, escribe el dise\u00f1ador. Porque Van Duysen, en esta <strong>nueva etapa con Zara Home<\/strong>, se expresa tambi\u00e9n a trav\u00e9s de palabras bien hilvanadas.<\/p>\n<div class=\"v-c-cmp v-c-cmp--s\">\n<div class=\"v-cmp-m \">\n<article class=\"v-a v-a--cmp-m v-c-cmp--m-z\">\n<div class=\"v-a-img-c \">\n<div class=\"v-a-fig\">\n<button class=\"v-a-link\" popovertarget=\"photo-606\"><br \/>\n<img loading=\"lazy\" src=\"http:\/\/cordobainforma.info\/wp-content\/uploads\/2026\/01\/vincent-van-duysen-el-disenador-favorito-de-marta-ortega-sobre-su-nueva-coleccion-para-zara-home-cada-pieza-elegida-me-recuerda-quien-soy-o-en-quien-quiero-convertirme-4.jpg\" class=\"v-a-img\" width=\"650\" height=\"650\" alt=\"Bocento de la LOUNGE CHAIR 03 de Vincent Van Duysen x Zara Home.\" data-voc-vtm-id=\"in-text-traffic\"> <\/button><figcaption class=\"v-fc\">\n<span class=\"v-fc__t\"><br \/>\nBocento de la LOUNGE CHAIR 03 de Vincent Van Duysen x Zara Home.<br \/>\n<\/span><br \/>\n<span class=\"v-fc__p\"><br \/>\nZara Home<br \/>\n<\/span><br \/>\n<\/figcaption><\/div>\n<\/div>\n<div id=\"photo-606\" popover class=\"v-mdl v-mdl--fw\">\n<button class=\"v-x\" popovertarget=\"photo-606\" popovertargetaction=\"hide\"><br \/>\n<span class=\"v-i\"><br \/>\n<svg width=\"24\" height=\"23.996\" viewBox=\"0 0 24 23.996\">\n<path data-name=\"Uni\u00f3n 29\" d=\"M12,14.03,2.031,24,0,21.963,9.968,12,0,2.033,2.031,0,12,9.966,21.969,0,24,2.033,14.032,12,24,21.963,21.969,24Z\" \/>\n<\/svg><br \/>\n<\/span><br \/>\n<\/button><\/p>\n<div class=\"v-mdl__c\">\n<div class=\"v-mdl__w\">\n<img loading=\"lazy\" src=\"http:\/\/cordobainforma.info\/wp-content\/uploads\/2026\/01\/vincent-van-duysen-el-disenador-favorito-de-marta-ortega-sobre-su-nueva-coleccion-para-zara-home-cada-pieza-elegida-me-recuerda-quien-soy-o-en-quien-quiero-convertirme-4.jpg\" class=\"v-mdl__img-z\" width=\"650\" height=\"650\" alt>\n<\/div>\n<\/div>\n<\/div>\n<p><span class=\"v-bdp\"><\/span><br \/>\n<\/article>\n<\/div>\n<\/div>\n<p class=\"voc-paragraph\">De estas <strong>nuevas piezas, muchas de ellas personalizables<\/strong> para hacer el ejercicio est\u00e9tico mucho m\u00e1s exclusivo y cercano al quiet luxury que abraza Marta Ortega, Vincent Van Duysen asegura que \u00abbusco el equilibrio, una presencia silenciosa. Nada espectacular. Solo una amable certeza, que se instala sin ruido, y se queda\u00bb.<\/p>\n<p class=\"voc-paragraph\">Convencido de que no es tanto el objeto como lo que deja detr\u00e1s, Van Duysen hace que el minimalismo no sea fr\u00edo y busca lo esencial a trav\u00e9s de sus creaciones. Su Sofa 01. Su Daybed con acabado personalizado. La Coffee table 02 y la Lounge chair 03. Su <strong>imponente Loveseat en un nuevo amarillo mantequilla irresistible<\/strong>. Con la comodidad como fundamento y el material como verdad, sus piezas para Zara Home est\u00e1n llamadas a ser ic\u00f3nicas en la historia del dise\u00f1o de interiores contempor\u00e1neo.<\/p>\n<div class=\"v-c-cmp v-c-cmp--s\">\n<div class=\"v-cmp-m \">\n<article class=\"v-a v-a--cmp-m v-c-cmp--m-z\">\n<div class=\"v-a-img-c \">\n<div class=\"v-a-fig\">\n<button class=\"v-a-link\" popovertarget=\"photo-433\"><br \/>\n<img loading=\"lazy\" src=\"http:\/\/cordobainforma.info\/wp-content\/uploads\/2026\/01\/vincent-van-duysen-el-disenador-favorito-de-marta-ortega-sobre-su-nueva-coleccion-para-zara-home-cada-pieza-elegida-me-recuerda-quien-soy-o-en-quien-quiero-convertirme-5.jpg\" class=\"v-a-img\" width=\"650\" height=\"650\" alt=\"El dise\u00f1ador belga Vincent Van Duysen.\" data-voc-vtm-id=\"in-text-traffic\"> <\/button><figcaption class=\"v-fc\">\n<span class=\"v-fc__t\"><br \/>\nEl dise\u00f1ador belga Vincent Van Duysen.<br \/>\n<\/span><br \/>\n<span class=\"v-fc__p\"><br \/>\nFran\u00e7ois Halard para Zara Home<br \/>\n<\/span><br \/>\n<\/figcaption><\/div>\n<\/div>\n<div id=\"photo-433\" popover class=\"v-mdl v-mdl--fw\">\n<button class=\"v-x\" popovertarget=\"photo-433\" popovertargetaction=\"hide\"><br \/>\n<span class=\"v-i\"><br \/>\n<svg width=\"24\" height=\"23.996\" viewBox=\"0 0 24 23.996\">\n<path data-name=\"Uni\u00f3n 29\" d=\"M12,14.03,2.031,24,0,21.963,9.968,12,0,2.033,2.031,0,12,9.966,21.969,0,24,2.033,14.032,12,24,21.963,21.969,24Z\" \/>\n<\/svg><br \/>\n<\/span><br \/>\n<\/button><\/p>\n<div class=\"v-mdl__c\">\n<div class=\"v-mdl__w\">\n<img loading=\"lazy\" src=\"http:\/\/cordobainforma.info\/wp-content\/uploads\/2026\/01\/vincent-van-duysen-el-disenador-favorito-de-marta-ortega-sobre-su-nueva-coleccion-para-zara-home-cada-pieza-elegida-me-recuerda-quien-soy-o-en-quien-quiero-convertirme-5.jpg\" class=\"v-mdl__img-z\" width=\"650\" height=\"650\" alt>\n<\/div>\n<\/div>\n<\/div>\n<p><span class=\"v-bdp\"><\/span><br \/>\n<\/article>\n<\/div>\n<\/div>\n<p><h3 class=\"v-cmp-suh\">\nUna &#8216;carta de amor&#8217; a Marta Ortega<br \/>\n<\/h3>\n<\/p>\n<p class=\"voc-paragraph\">Pero, adem\u00e1s de todo esto, encontramos en esta nueva colecci\u00f3n una declaraci\u00f3n de intenciones escrita por el dise\u00f1ador. Una mano en mi hombro, se titula. Y no sabemos si es <strong>una carta \u00abde amor\u00bb a Marta Ortega<\/strong> y al equipo de Zara Home en la que relata c\u00f3mo se ha ido forjando su historia a fuego lento, pero nosotras, desde luego, lo leemos as\u00ed. <\/p>\n<p class=\"voc-paragraph\">\u00abVinieron sin planes. Sin grandes gestos. Solo calma. Una puerta entreabierta. No se debe empujar. Se entra&#8230; o no. Yo entr\u00e9. Escuchaban. Con verdadera atenci\u00f3n. No para responder, ni para juzgar\u00bb, relata. Asegura Van Duysen que \u00abnunca tuvimos prisa\u00bb y que compart\u00edan \u00ab<strong>el mismo amor por lo sencillo<\/strong> [&#8230;] Por crear con contenci\u00f3n. Con lentitud. Conscientes del gesto. Vi a las cosas cobrar vida, no como meros objetos\u00bb.<\/p>\n<div class=\"v-c-cmp v-c-cmp--s\">\n<div class=\"v-cmp-m \">\n<article class=\"v-a v-a--cmp-m v-c-cmp--m-z\">\n<div class=\"v-a-img-c \">\n<div class=\"v-a-fig\">\n<button class=\"v-a-link\" popovertarget=\"photo-735\"><br \/>\n<img loading=\"lazy\" src=\"http:\/\/cordobainforma.info\/wp-content\/uploads\/2026\/01\/vincent-van-duysen-el-disenador-favorito-de-marta-ortega-sobre-su-nueva-coleccion-para-zara-home-cada-pieza-elegida-me-recuerda-quien-soy-o-en-quien-quiero-convertirme-6.jpg\" class=\"v-a-img\" width=\"650\" height=\"650\" alt=\"Propuesta de Vincent Van Duysen x Zara Home con Sofa 02, Coffee Table 02 y Lounge Chair 03\" data-voc-vtm-id=\"in-text-traffic\"> <\/button><figcaption class=\"v-fc\">\n<span class=\"v-fc__t\"><br \/>\nPropuesta de Vincent Van Duysen x Zara Home con Sofa 02, Coffee Table 02 y Lounge Chair 03<br \/>\n<\/span><br \/>\n<span class=\"v-fc__p\"><br \/>\nFran\u00e7ois Halard para Zara Home<br \/>\n<\/span><br \/>\n<\/figcaption><\/div>\n<\/div>\n<div id=\"photo-735\" popover class=\"v-mdl v-mdl--fw\">\n<button class=\"v-x\" popovertarget=\"photo-735\" popovertargetaction=\"hide\"><br \/>\n<span class=\"v-i\"><br \/>\n<svg width=\"24\" height=\"23.996\" viewBox=\"0 0 24 23.996\">\n<path data-name=\"Uni\u00f3n 29\" d=\"M12,14.03,2.031,24,0,21.963,9.968,12,0,2.033,2.031,0,12,9.966,21.969,0,24,2.033,14.032,12,24,21.963,21.969,24Z\" \/>\n<\/svg><br \/>\n<\/span><br \/>\n<\/button><\/p>\n<div class=\"v-mdl__c\">\n<div class=\"v-mdl__w\">\n<img loading=\"lazy\" src=\"http:\/\/cordobainforma.info\/wp-content\/uploads\/2026\/01\/vincent-van-duysen-el-disenador-favorito-de-marta-ortega-sobre-su-nueva-coleccion-para-zara-home-cada-pieza-elegida-me-recuerda-quien-soy-o-en-quien-quiero-convertirme-6.jpg\" class=\"v-mdl__img-z\" width=\"650\" height=\"650\" alt>\n<\/div>\n<\/div>\n<\/div>\n<p><span class=\"v-bdp\"><\/span><br \/>\n<\/article>\n<\/div>\n<\/div>\n<p class=\"voc-paragraph\">Y concluye el dise\u00f1ador belga, antes de firmar este alegato que queremos entender como el &#8216;continuar\u00e1&#8217; de una relaci\u00f3n creativa preciosa, que \u00ab\u00bfY esta conexi\u00f3n? Ah\u00ed est\u00e1. Sin necesidad de tocarla. Apoya y sostiene. Como una palabra verdadera, como una mirada sin urgencias. Inexplicable, pero firme. Como una mano descansando en tu hombro\u00bb. La nueva es, sin duda, <strong>la mejor colecci\u00f3n de Vincent Van Duysen para Zara Home<\/strong>. Hasta ahora. Pronto tendremos que reescribir esta frase otra vez.<\/p>\n<div class=\"v-c-cmp v-c-cmp--t1 \">\n<div class=\"v-cmp-rld v-cmp-rld--2 \">\n<div class=\"v-cnt-m v-cnt-m--m\">\n<div class=\"v-cnt-m__c\">\n<div class=\"v-cnt-m__w v-cnt-m__w--1\">\n<p class=\"v-cnt-m__t\">\nTAMBI\u00c9N TE INTERESA\n<\/p>\n<\/div>\n<\/div>\n<\/div>\n<div class=\"v-g v-g--2-c v-g--bdr-min-xs\">\n<div class=\"v-g__c \">\n<article class=\"v-a v-a--cmp-rld v-a--cmp-rld-2 v-a--p-l\">\n<div class=\"v-a-img-c\">\n<figure class=\"v-a-fig\">\n<a href=\"https:\/\/www.mujerhoy.com\/actualidad\/exposicion-annie-leibovitz-exposicion-fotografa-favorita-reina-letizia-fundacion-marta-ortega-reina-20251220150817-nt.html#vtm_modulosEngag=mod-rel:vivir:noticia:1:cmp:2-not\" class=\"v-a-link\" title=\"Un paseo con Annie Leibovitz por su exposici\u00f3n en la Fundaci\u00f3n MOP: \u00abLa Reina fue quien decidi\u00f3 usar ese vestido de Balenciaga\u00bb\"><br \/>\n<img loading=\"lazy\" class=\"v-a-img\" src=\"http:\/\/cordobainforma.info\/wp-content\/uploads\/2026\/01\/vincent-van-duysen-el-disenador-favorito-de-marta-ortega-sobre-su-nueva-coleccion-para-zara-home-cada-pieza-elegida-me-recuerda-quien-soy-o-en-quien-quiero-convertirme-7.jpg\" alt=\"Un paseo con Annie Leibovitz por su exposici\u00f3n en la Fundaci\u00f3n MOP: \u00abLa Reina fue quien decidi\u00f3 usar ese vestido de Balenciaga\u00bb\"><br \/>\n<\/a><br \/>\n<\/figure>\n<\/div>\n<\/article>\n<\/div>\n<div class=\"v-g__c \">\n<article class=\"v-a v-a--cmp-rld v-a--cmp-rld-2 v-a--p-l\">\n<div class=\"v-a-img-c\">\n<figure class=\"v-a-fig\">\n<a href=\"https:\/\/www.mujerhoy.com\/mujerhoy\/noticias\/202512\/11\/vivir\/decoracion\/deco-eci.xml#vtm_modulosEngag=mod-rel:vivir:noticia:2:cmp:2-not\" class=\"v-a-link\" title=\"Zara Home arrasa con estos preciosos manteles bordados que parecen hechos por tu abuela\"><br \/>\n<img loading=\"lazy\" class=\"v-a-img\" src=\"http:\/\/cordobainforma.info\/wp-content\/uploads\/2026\/01\/vincent-van-duysen-el-disenador-favorito-de-marta-ortega-sobre-su-nueva-coleccion-para-zara-home-cada-pieza-elegida-me-recuerda-quien-soy-o-en-quien-quiero-convertirme-8.jpg\" alt=\"Zara Home arrasa con estos preciosos manteles bordados que parecen hechos por tu abuela\"><br \/>\n<\/a><br \/>\n<\/figure>\n<\/div>\n<\/article>\n<\/div>\n<\/div>\n<\/div>\n<\/div>\n","protected":false},"excerpt":{"rendered":"<p>Ana Calvo Actualizado \u00b7 20 de enero de 2026, 07:58 h Si algo ha dejado claro Marta Ortega desde que asumi\u00f3 el cargo de presidenta de Inditex es que su impronta en la compa\u00f1\u00eda pasaba por rodearse de figuras excepcionales que marcaran la diferencia en todas sus firmas. El dise\u00f1o como piedra angular del trasatl\u00e1ntico [&hellip;]<\/p>\n","protected":false},"author":1,"featured_media":182287,"comment_status":"open","ping_status":"closed","sticky":false,"template":"","format":"standard","meta":[],"categories":[18],"tags":[],"_links":{"self":[{"href":"http:\/\/cordobainforma.info\/index.php\/wp-json\/wp\/v2\/posts\/182286"}],"collection":[{"href":"http:\/\/cordobainforma.info\/index.php\/wp-json\/wp\/v2\/posts"}],"about":[{"href":"http:\/\/cordobainforma.info\/index.php\/wp-json\/wp\/v2\/types\/post"}],"author":[{"embeddable":true,"href":"http:\/\/cordobainforma.info\/index.php\/wp-json\/wp\/v2\/users\/1"}],"replies":[{"embeddable":true,"href":"http:\/\/cordobainforma.info\/index.php\/wp-json\/wp\/v2\/comments?post=182286"}],"version-history":[{"count":0,"href":"http:\/\/cordobainforma.info\/index.php\/wp-json\/wp\/v2\/posts\/182286\/revisions"}],"wp:featuredmedia":[{"embeddable":true,"href":"http:\/\/cordobainforma.info\/index.php\/wp-json\/wp\/v2\/media\/182287"}],"wp:attachment":[{"href":"http:\/\/cordobainforma.info\/index.php\/wp-json\/wp\/v2\/media?parent=182286"}],"wp:term":[{"taxonomy":"category","embeddable":true,"href":"http:\/\/cordobainforma.info\/index.php\/wp-json\/wp\/v2\/categories?post=182286"},{"taxonomy":"post_tag","embeddable":true,"href":"http:\/\/cordobainforma.info\/index.php\/wp-json\/wp\/v2\/tags?post=182286"}],"curies":[{"name":"wp","href":"https:\/\/api.w.org\/{rel}","templated":true}]}}