{"id":182272,"date":"2026-01-20T20:39:00","date_gmt":"2026-01-20T20:39:00","guid":{"rendered":"http:\/\/cordobainforma.info\/index.php\/2026\/01\/20\/aguiar-sobre-la-reforma-laboral-seria-una-verguenza-que-alguien-termine-aceptando-que-nos-paguen-nuestros-salarios-con-paquetes-de-yerba\/"},"modified":"2026-01-20T20:39:00","modified_gmt":"2026-01-20T20:39:00","slug":"aguiar-sobre-la-reforma-laboral-seria-una-verguenza-que-alguien-termine-aceptando-que-nos-paguen-nuestros-salarios-con-paquetes-de-yerba","status":"publish","type":"post","link":"http:\/\/cordobainforma.info\/index.php\/2026\/01\/20\/aguiar-sobre-la-reforma-laboral-seria-una-verguenza-que-alguien-termine-aceptando-que-nos-paguen-nuestros-salarios-con-paquetes-de-yerba\/","title":{"rendered":"Aguiar sobre la reforma laboral: \u00abSer\u00eda una verg\u00fcenza que alguien termine aceptando que nos paguen nuestros salarios con paquetes de yerba\u00bb"},"content":{"rendered":"<div class=\"media_block\"><\/div>\n<div><img src=\"http:\/\/cordobainforma.info\/wp-content\/uploads\/2026\/01\/aguiar-sobre-la-reforma-laboral-seria-una-verguenza-que-alguien-termine-aceptando-que-nos-paguen-nuestros-salarios-con-paquetes-de-yerba.jpg\" class=\"ff-og-image-inserted\"><\/div>\n<p>El <strong>secretario general de ATE<\/strong>, <strong>Rodolfo Aguiar<\/strong>, consider\u00f3 que <strong>\u201ceste proyecto legal de contrarreforma laboral se tiene que caer por completo\u201d<\/strong> al tiempo que asegur\u00f3 que \u201c<strong>quieren que trabajemos m\u00e1s a cambio de menos dinero<\/strong>\u201d.<\/p>\n<p class=\"destacadoNota\"><a target=\"_blank\" href=\"https:\/\/www.perfil.com\/noticias\/nea\/conflicto-en-chaco-por-la-quita-del-fondo-estimulo-productivo-trabajadores-publicos-denuncian-un-recorte-del-95.phtml\" rel=\"noopener noreferrer\">Conflicto en Chaco por la quita del Fondo Est\u00edmulo Productivo: trabajadores p\u00fablicos denuncian un recorte del 95%<\/a><\/p>\n<h2>Reforma laboral<\/h2>\n<p>Adem\u00e1s se reuni\u00f3 con el <strong>jefe del gremio de Aceiteros, Daniel Yofra<\/strong>, y ambos coincidieron en que \u201chay un consenso creciente en la dirigencia sindical sobre que el <strong>paro y la movilizaci\u00f3n<\/strong> son las herramientas m\u00e1s eficaces para enfrentar la reforma laboral\u201d.<\/p>\n<p>\u201cNo podemos caer en la ingenuidad de pensar que modificando un par de art\u00edculos vamos a frenar un ataque sin precedentes a todos nuestros derechos. <strong>No nos podemos conformar con el mal menor<\/strong>\u201d, insisti\u00f3 Aguiar.<\/p>\n<p>\u201c<strong>Este proyecto legal de contrarreforma laboral se tiene que caer completo<\/strong>. Fue redactado por los estudios jur\u00eddicos de las grandes patronales y su articulado puede traducirse en m\u00e1s precarizaci\u00f3n, m\u00e1s explotaci\u00f3n para los trabajadores y m\u00e1s rentabilidad para las empresas\u201d, agreg\u00f3 en declaraciones publicadas por ATE.<\/p>\n<p>\u201c<strong>Quieren que trabajemos m\u00e1s a cambio de menos dinero<\/strong>. Los perjuicios de esta iniciativa son generalizados sobre el sector p\u00fablico y todas las ramas del sector privado\u201d, recalc\u00f3 Aguiar.<\/p>\n<p>Del encuentro tambi\u00e9n particip\u00f3 Mat\u00edas Cremonte, abogado de la Asociaci\u00f3n Latinoamericana de Abogados Laboralistas (ALAL) y responsable de los equipos jur\u00eddicos de ambas entidades.<\/p>\n<p class=\"destacadoNota\"><a target=\"_blank\" href=\"https:\/\/www.perfil.com\/noticias\/nea\/saenz-se-reunio-con-santilli-por-la-reforma-laboral-tenemos-voluntad-de-dialogo-de-no-obstruir-y-de-acompanar.phtml\" rel=\"noopener noreferrer\">S\u00e1enz se reuni\u00f3 con Santilli por la reforma laboral: \u201cTenemos voluntad de di\u00e1logo, de no obstruir y de acompa\u00f1ar\u201d<\/a><\/p>\n<h2>\u201cAl Gobierno no le podemos creer nada\u201d<\/h2>\n<p>\u201c<strong>Al Gobierno no le podemos creer nada. Todas sus argumentaciones son falsas,<\/strong> sostienen que esta es una iniciativa destinada a crear empleo, pero la creaci\u00f3n de empleo no depende de una ley, depende de la econom\u00eda, y precisamente <strong>es la pol\u00edtica econ\u00f3mica del Gobierno la que ha destruido durante dos a\u00f1os los puestos de trabajo formales en la Argentina<\/strong>\u201d, argument\u00f3.<\/p>\n<p>Por \u00faltimo expres\u00f3: \u201cNo podemos permitir que se afecte el derecho de huelga y que pretendan eliminar las asambleas. <strong>Ser\u00eda una verg\u00fcenza que alguien termine aceptando que nos paguen nuestros salarios con paquetes de yerba<\/strong> o que tengamos que pedir permiso para realizar una asamblea. El \u00fanico camino posible es la calle\u201d, concluy\u00f3 el dirigente gremial.<\/p>\n<div class=\"article__tags\">\n<p>En esta Nota<\/p>\n<\/p><\/div>\n","protected":false},"excerpt":{"rendered":"<p>El secretario general de ATE, Rodolfo Aguiar, consider\u00f3 que \u201ceste proyecto legal de contrarreforma laboral se tiene que caer por completo\u201d al tiempo que asegur\u00f3 que \u201cquieren que trabajemos m\u00e1s a cambio de menos dinero\u201d. Conflicto en Chaco por la quita del Fondo Est\u00edmulo Productivo: trabajadores p\u00fablicos denuncian un recorte del 95% Reforma laboral Adem\u00e1s [&hellip;]<\/p>\n","protected":false},"author":1,"featured_media":182273,"comment_status":"closed","ping_status":"closed","sticky":false,"template":"","format":"standard","meta":[],"categories":[2],"tags":[],"_links":{"self":[{"href":"http:\/\/cordobainforma.info\/index.php\/wp-json\/wp\/v2\/posts\/182272"}],"collection":[{"href":"http:\/\/cordobainforma.info\/index.php\/wp-json\/wp\/v2\/posts"}],"about":[{"href":"http:\/\/cordobainforma.info\/index.php\/wp-json\/wp\/v2\/types\/post"}],"author":[{"embeddable":true,"href":"http:\/\/cordobainforma.info\/index.php\/wp-json\/wp\/v2\/users\/1"}],"replies":[{"embeddable":true,"href":"http:\/\/cordobainforma.info\/index.php\/wp-json\/wp\/v2\/comments?post=182272"}],"version-history":[{"count":0,"href":"http:\/\/cordobainforma.info\/index.php\/wp-json\/wp\/v2\/posts\/182272\/revisions"}],"wp:featuredmedia":[{"embeddable":true,"href":"http:\/\/cordobainforma.info\/index.php\/wp-json\/wp\/v2\/media\/182273"}],"wp:attachment":[{"href":"http:\/\/cordobainforma.info\/index.php\/wp-json\/wp\/v2\/media?parent=182272"}],"wp:term":[{"taxonomy":"category","embeddable":true,"href":"http:\/\/cordobainforma.info\/index.php\/wp-json\/wp\/v2\/categories?post=182272"},{"taxonomy":"post_tag","embeddable":true,"href":"http:\/\/cordobainforma.info\/index.php\/wp-json\/wp\/v2\/tags?post=182272"}],"curies":[{"name":"wp","href":"https:\/\/api.w.org\/{rel}","templated":true}]}}