{"id":182262,"date":"2026-01-20T14:46:26","date_gmt":"2026-01-20T14:46:26","guid":{"rendered":"https:\/\/cordoba.gob.ar\/?p=85011"},"modified":"2026-01-20T14:46:26","modified_gmt":"2026-01-20T14:46:26","slug":"cinco-basurales-erradicados-y-mas-de-67-mil-toneladas-de-residuos-reinsertados-en-la-economia-circular-en-2025","status":"publish","type":"post","link":"http:\/\/cordobainforma.info\/index.php\/2026\/01\/20\/cinco-basurales-erradicados-y-mas-de-67-mil-toneladas-de-residuos-reinsertados-en-la-economia-circular-en-2025\/","title":{"rendered":"Cinco basurales erradicados y m\u00e1s de 67 mil toneladas de residuos reinsertados en la Econom\u00eda Circular en 2025"},"content":{"rendered":"<div><img src=\"http:\/\/cordobainforma.info\/wp-content\/uploads\/2026\/01\/cinco-basurales-erradicados-y-mas-de-67-mil-toneladas-de-residuos-reinsertados-en-la-economia-circular-en-2025.jpg\" class=\"ff-og-image-inserted\"><\/div>\n<ul>\n<li data-prosemirror-content-type=\"node\" data-prosemirror-node-name=\"paragraph\" data-prosemirror-node-block=\"true\"><strong>El a\u00f1o pasado 47 mil personas se formaron en educaci\u00f3n ambiental y m\u00e1s de 257 mil toneladas de residuos se limpiaron en basurales.<\/strong><\/li>\n<li data-prosemirror-content-type=\"node\" data-prosemirror-node-name=\"paragraph\" data-prosemirror-node-block=\"true\"><strong>Cuatro plazas y un parque fueron recuperados para vecinos y vecinas de barrio Centro, M\u00fcller, El Quebracho, Posta de Vargas y Parque Futura.<\/strong><\/li>\n<\/ul>\n<hr>\n<p data-prosemirror-content-type=\"node\" data-prosemirror-node-name=\"paragraph\" data-prosemirror-node-block=\"true\">La Municipalidad de C\u00f3rdoba lleva adelante una pol\u00edtica sostenida e integral en materia ambiental. En 2025, especialmente en macro y microbasurales, canales y bald\u00edos, se limpiaron 257 mil toneladas de residuos: un 33,15% m\u00e1s que el a\u00f1o anterior.<\/p>\n<p data-prosemirror-content-type=\"node\" data-prosemirror-node-name=\"paragraph\" data-prosemirror-node-block=\"true\">Entre estos lugares destacan cinco que fueron erradicados completamente. Estaban ubicados en los barrios La Toma, Villa Los Galpones, San Ignacio, Jos\u00e9 Hern\u00e1ndez y Los Gigantes. Dos de estos se renovaron adem\u00e1s como espacios seguros y accesibles para el uso y encuentro de los vecinos.<\/p>\n<p data-prosemirror-content-type=\"node\" data-prosemirror-node-name=\"paragraph\" data-prosemirror-node-block=\"true\">Otros dos est\u00e1n muy pr\u00f3ximos a ser erradicados y un tercero est\u00e1 en proceso de convertirse en un Centro de Transferencia de Residuos en un terreno de m\u00e1s de 7200m\u00b2: el hist\u00f3rico basural de Roque Arias. Previo a la limpieza y transformaci\u00f3n, el Municipio denunci\u00f3 penalmente al propietario del terreno por las condiciones de insalubridad, falta de mantenimiento y riesgo sanitario que significaba para la ciudad y los vecinos que viven en las cercan\u00edas.<\/p>\n<p data-prosemirror-content-type=\"node\" data-prosemirror-node-name=\"paragraph\" data-prosemirror-node-block=\"true\">En el 2025, el municipio actualiz\u00f3 las sanciones con la modificaci\u00f3n del C\u00f3digo de Convivencia. Los montos por arrojo ilegal de residuos aumentaron hasta un 1000%, con un costo base de m\u00e1s de $2 millones. Tambi\u00e9n se incorporaron nuevas infracciones vinculadas al cuidado ambiental. Las principales actualizaciones ponen el foco en punir el arrojo de residuos en bald\u00edos y propiedades desocupadas, la quema de residuos, el arrojo de neum\u00e1ticos y la gesti\u00f3n inadecuada de residuos, adem\u00e1s de la creaci\u00f3n del Fondo de Recuperaci\u00f3n Ambiental y Saneamiento de Basurales, financiado con la recaudaci\u00f3n de las multas mencionadas.<\/p>\n<p data-prosemirror-content-type=\"node\" data-prosemirror-node-name=\"paragraph\" data-prosemirror-node-block=\"true\"><strong>Econom\u00eda Circular<\/strong><br data-prosemirror-content-type=\"node\" data-prosemirror-node-name=\"hardBreak\" data-prosemirror-node-inline=\"true\">En t\u00e9rminos de recuperaci\u00f3n, tambi\u00e9n se deben mencionar las 67.071 toneladas de residuos que al d\u00eda de hoy reingresaron al circuito de la Econom\u00eda Circular, gracias al trabajo realizado por el municipio en los seis Centros Verdes, los dos Centros de Transferencia de Residuos (CTR), los numerosos Ecopuntos distribuidos en todo el territorio de la Capital, el Parque de la Econom\u00eda Circular, la Escuela Municipal de Econom\u00eda Circular, Cormecor y la colaboraci\u00f3n con los corredores comerciales.<\/p>\n<p data-prosemirror-content-type=\"node\" data-prosemirror-node-name=\"paragraph\" data-prosemirror-node-block=\"true\">El trabajo mancomunado con organizaciones privadas, emprendedores y trabajadores de la Econom\u00eda Circular permiti\u00f3 que este material fuera utilizado como recurso para la producci\u00f3n en el marco de las pol\u00edticas de recuperaci\u00f3n y reciclaje que el municipio impulsa en la ciudad.<\/p>\n<p data-prosemirror-content-type=\"node\" data-prosemirror-node-name=\"paragraph\" data-prosemirror-node-block=\"true\">Las Cumbres Barriales de Econom\u00eda Circular fueron otro gran espacio de encuentro vecinal, aprendizaje, recreaci\u00f3n y concientizaci\u00f3n. La iniciativa, que inici\u00f3 este a\u00f1o, replic\u00f3 las exitosas experiencias de la Cumbre Mundial en los barrios con charlas ambientales, recorridos escolares y presencia del sector privado y los diferentes entes municipales que recuperan material reciclable.<\/p>\n<p data-prosemirror-content-type=\"node\" data-prosemirror-node-name=\"paragraph\" data-prosemirror-node-block=\"true\"><strong>Educaci\u00f3n ambiental<\/strong><br data-prosemirror-content-type=\"node\" data-prosemirror-node-name=\"hardBreak\" data-prosemirror-node-inline=\"true\">Un total de 47.731 personas accedieron a diferentes instancias de formaci\u00f3n en materia ambiental, como las diplomaturas y cursos que se dictan en la Universidad Libre del Ambiente (ULA), las capacitaciones en Empleos Verdes, actividades itinerantes del Ente BioC\u00f3rdoba y los encuentros de Escuelas Verdes donde participan ni\u00f1os, ni\u00f1as y adolescentes de las escuelas p\u00fablicas y privadas de la ciudad; entre otras iniciativas que se articulan con instituciones educativas, barriales, otras dependencias municipales, CPC y centros vecinales de cada sector.<\/p>\n<p data-prosemirror-content-type=\"node\" data-prosemirror-node-name=\"paragraph\" data-prosemirror-node-block=\"true\">El Parque de la Biodiversidad recibi\u00f3 miles de visitantes de forma gratuita. Se realizaron decenas de actividades educativas y recreativas en espacios como este y otros que son patrimonio de la C\u00f3rdoba verde, como el Jard\u00edn Bot\u00e1nico y la Reserva San Mart\u00edn.<\/p>\n<p data-prosemirror-content-type=\"node\" data-prosemirror-node-name=\"paragraph\" data-prosemirror-node-block=\"true\"><strong>Fiscalizaci\u00f3n y control<\/strong><br data-prosemirror-content-type=\"node\" data-prosemirror-node-name=\"hardBreak\" data-prosemirror-node-inline=\"true\">Los Grandes Generadores de Residuos fueron monitoreados durante todo el a\u00f1o: el Registro correspondiente super\u00f3 las 2400 nuevas inscripciones. La fiscalizaci\u00f3n del Instituto de Protecci\u00f3n Ambiental y Animal (IPA) permiti\u00f3 labrar 3118 actas de infracci\u00f3n (un 71% m\u00e1s que el a\u00f1o anterior). Estas se componen de 2542 emplazamientos y 576 actas de constataci\u00f3n, que permiten advertir a los comercios sobre c\u00f3mo se disponen los residuos.<\/p>\n<p data-prosemirror-content-type=\"node\" data-prosemirror-node-name=\"paragraph\" data-prosemirror-node-block=\"true\">Entre los incumplimientos m\u00e1s comunes se encuentran la falta de inscripci\u00f3n en el registro legal y\/o la disposici\u00f3n de residuos en la v\u00eda p\u00fablica. Esto llev\u00f3 en 62 oportunidades a la clausura de establecimientos. Adicionalmente, se labraron 45 actas por disposici\u00f3n ilegal de residuos en bald\u00edos y basurales, cuyas multas m\u00e1s recientes se cobraron con los costes actualizados.<\/p>\n<p data-prosemirror-content-type=\"node\" data-prosemirror-node-name=\"paragraph\" data-prosemirror-node-block=\"true\"><strong>M\u00e1s verde y conservaci\u00f3n<\/strong><br data-prosemirror-content-type=\"node\" data-prosemirror-node-name=\"hardBreak\" data-prosemirror-node-inline=\"true\">Un total de cuatro plazas enteras y un parque fueron recuperados: la Plaza de las Infancias Cordobesas en el Centro, la plaza Posta de Vargas en el barrio hom\u00f3nimo, la Plaza Libertad en M\u00fcller (ex-Plaza de los burros), la Plaza Amadeo Nuccetelli en Parque Futura y el Parque El Quebracho.<\/p>\n<p data-prosemirror-content-type=\"node\" data-prosemirror-node-name=\"paragraph\" data-prosemirror-node-block=\"true\">Nuevas forestaciones dejaron m\u00e1s de 5 mil nuevos \u00e1rboles, arbustos y plantines en puntos estrat\u00e9gicos de la ciudad, acci\u00f3n que estuvo vinculada al mantenimiento general de los espacios verdes y arbolado p\u00fablico durante todo el a\u00f1o.<\/p>\n<p data-prosemirror-content-type=\"node\" data-prosemirror-node-name=\"paragraph\" data-prosemirror-node-block=\"true\">Adem\u00e1s, el desmalezado permiti\u00f3 llegar a alrededor de 20 millones de m2 en parques, plazas, rotondas, canteros, el r\u00edo, v\u00edas f\u00e9rreas y accesos a la ciudad. La limpieza integral incluy\u00f3 el barrido, hidrolavado, desobstrucci\u00f3n de bocas de tormenta y operativos de limpieza en grandes eventos deportivos, musicales y art\u00edsticos.<\/p>\n","protected":false},"excerpt":{"rendered":"<p>El a\u00f1o pasado 47 mil personas se formaron en educaci\u00f3n ambiental y m\u00e1s de 257 mil toneladas de residuos se limpiaron en basurales. Cuatro plazas y un parque fueron recuperados para vecinos y vecinas de barrio Centro, M\u00fcller, El Quebracho, Posta de Vargas y Parque Futura. La Municipalidad de C\u00f3rdoba lleva adelante una pol\u00edtica sostenida [&hellip;]<\/p>\n","protected":false},"author":1,"featured_media":182263,"comment_status":"closed","ping_status":"closed","sticky":false,"template":"","format":"standard","meta":[],"categories":[2],"tags":[],"_links":{"self":[{"href":"http:\/\/cordobainforma.info\/index.php\/wp-json\/wp\/v2\/posts\/182262"}],"collection":[{"href":"http:\/\/cordobainforma.info\/index.php\/wp-json\/wp\/v2\/posts"}],"about":[{"href":"http:\/\/cordobainforma.info\/index.php\/wp-json\/wp\/v2\/types\/post"}],"author":[{"embeddable":true,"href":"http:\/\/cordobainforma.info\/index.php\/wp-json\/wp\/v2\/users\/1"}],"replies":[{"embeddable":true,"href":"http:\/\/cordobainforma.info\/index.php\/wp-json\/wp\/v2\/comments?post=182262"}],"version-history":[{"count":0,"href":"http:\/\/cordobainforma.info\/index.php\/wp-json\/wp\/v2\/posts\/182262\/revisions"}],"wp:featuredmedia":[{"embeddable":true,"href":"http:\/\/cordobainforma.info\/index.php\/wp-json\/wp\/v2\/media\/182263"}],"wp:attachment":[{"href":"http:\/\/cordobainforma.info\/index.php\/wp-json\/wp\/v2\/media?parent=182262"}],"wp:term":[{"taxonomy":"category","embeddable":true,"href":"http:\/\/cordobainforma.info\/index.php\/wp-json\/wp\/v2\/categories?post=182262"},{"taxonomy":"post_tag","embeddable":true,"href":"http:\/\/cordobainforma.info\/index.php\/wp-json\/wp\/v2\/tags?post=182262"}],"curies":[{"name":"wp","href":"https:\/\/api.w.org\/{rel}","templated":true}]}}