{"id":182260,"date":"2026-01-20T16:43:28","date_gmt":"2026-01-20T16:43:28","guid":{"rendered":"https:\/\/cordoba.gob.ar\/?p=84931"},"modified":"2026-01-20T16:43:28","modified_gmt":"2026-01-20T16:43:28","slug":"tres-artistas-y-tres-obras-de-arte-para-conocer-en-el-museo-genaro-perez","status":"publish","type":"post","link":"http:\/\/cordobainforma.info\/index.php\/2026\/01\/20\/tres-artistas-y-tres-obras-de-arte-para-conocer-en-el-museo-genaro-perez\/","title":{"rendered":"Tres artistas y tres obras de arte para conocer en el Museo Genaro P\u00e9rez"},"content":{"rendered":"<div><img src=\"http:\/\/cordobainforma.info\/wp-content\/uploads\/2026\/01\/tres-artistas-y-tres-obras-de-arte-para-conocer-en-el-museo-genaro-perez.jpg\" class=\"ff-og-image-inserted\"><\/div>\n<ul>\n<li data-prosemirror-content-type=\"node\" data-prosemirror-node-name=\"paragraph\" data-prosemirror-node-block=\"true\"><strong>Se trata de Andr\u00e9s Pi\u00f1ero, Miguel \u00c1ngel Budini y Francisco Vidal.<\/strong><\/li>\n<li data-prosemirror-content-type=\"node\" data-prosemirror-node-name=\"paragraph\" data-prosemirror-node-block=\"true\"><strong>Las exposiciones podr\u00e1n visitarse de martes a domingos, de 9 a 20, con entrada libre y gratuita.<\/strong><\/li>\n<\/ul>\n<hr>\n<p data-prosemirror-content-type=\"node\" data-prosemirror-node-name=\"paragraph\" data-prosemirror-node-block=\"true\">En estas vacaciones de verano, la Municipalidad de C\u00f3rdoba invita a explorar el Museo Genaro P\u00e9rez (General Paz 33); uno de los espacios culturales ic\u00f3nicos por su arquitectura e historia.<\/p>\n<p data-prosemirror-content-type=\"node\" data-prosemirror-node-name=\"paragraph\" data-prosemirror-node-block=\"true\">En este espacio cultural se encuentran las obras m\u00e1s buscadas de tres figuras del arte cordob\u00e9s que fueron reflejo de una \u00e9poca: Andr\u00e9s Pi\u00f1ero, Miguel \u00c1ngel Budini y Francisco Vidal.<\/p>\n<p data-prosemirror-content-type=\"node\" data-prosemirror-node-name=\"paragraph\" data-prosemirror-node-block=\"true\">Cada pieza se encuentra en salas de Planta baja y pertenecen a muestras curadas a partir de la valiosa colecci\u00f3n permanente del museo. Las visitas est\u00e1n disponibles de martes a domingos, de 09:00 a 20:00, con entrada libre y gratuita.<\/p>\n<p data-prosemirror-content-type=\"node\" data-prosemirror-node-name=\"paragraph\" data-prosemirror-node-block=\"true\">El Genaro P\u00e9rez hoy cuenta con m\u00e1s de 900 obras de diferentes disciplinas que relatan el desarrollo del arte argentino, desde producciones de los precursores del siglo XIX hasta las expresiones contempor\u00e1neas.<\/p>\n<p data-prosemirror-content-type=\"node\" data-prosemirror-node-name=\"paragraph\" data-prosemirror-node-block=\"true\"><strong data-prosemirror-content-type=\"mark\" data-prosemirror-mark-name=\"strong\">Tres artistas<\/strong><\/p>\n<p data-prosemirror-content-type=\"node\" data-prosemirror-node-name=\"paragraph\" data-prosemirror-node-block=\"true\">Las muestras que se exhiben en planta baja recorren el legado de los artistas Andr\u00e9s Pi\u00f1ero, Francisco Vidal y Miguel \u00c1ngel Budini.<\/p>\n<p data-prosemirror-content-type=\"node\" data-prosemirror-node-name=\"paragraph\" data-prosemirror-node-block=\"true\"><em data-prosemirror-content-type=\"mark\" data-prosemirror-mark-name=\"em\">\u201cCuadros bajo la lupa\u201d<\/em> es una exposici\u00f3n curada por las restauradoras de obras de arte del Centro Integral de Conservaci\u00f3n \u201cDr. Domingo Biffarella\u201d del Museo Genaro P\u00e9rez y comparte con el p\u00fablico algunos conceptos generales sobre conservaci\u00f3n y restauraci\u00f3n de obras de arte.<\/p>\n<p data-prosemirror-content-type=\"node\" data-prosemirror-node-name=\"paragraph\" data-prosemirror-node-block=\"true\">Dentro de ese proceso, en la fase de restauraci\u00f3n, se muestra los avances en la recuperaci\u00f3n de dos piezas antiguas del artista Andr\u00e9s Pi\u00f1ero, uno de los precursores de la pintura en C\u00f3rdoba.<\/p>\n<p data-prosemirror-content-type=\"node\" data-prosemirror-node-name=\"paragraph\" data-prosemirror-node-block=\"true\">La obra que m\u00e1s miradas recibe es el reconocido retrato de Etelvina Garz\u00f3n Funes de Casavilla Vidal. Se trata de un \u00f3leo s\/lienzo (recuperado), que enriquece la construcci\u00f3n de la tem\u00e1tica de retratos que alberga la casa, que permite estudiar y analizar los diversos lenguajes del artista que fueron cambiando a trav\u00e9s de los a\u00f1os.<\/p>\n<p data-prosemirror-content-type=\"node\" data-prosemirror-node-name=\"paragraph\" data-prosemirror-node-block=\"true\">La segunda muestra <em data-prosemirror-content-type=\"mark\" data-prosemirror-mark-name=\"em\">\u201cUn jard\u00edn con espinas\u201d<\/em> est\u00e1 centrada en la problem\u00e1tica del g\u00e9nero art\u00edstico del desnudo, desde diferentes t\u00e9cnicas y estilos. Busca con ello realizar un repaso hist\u00f3rico del g\u00e9nero con una selecci\u00f3n de obras de la Colecci\u00f3n Permanente del Museo Genaro P\u00e9rez, tanto en un sentido t\u00e9cnico e hist\u00f3rico como asimismo en cuanto medio de expresi\u00f3n social; desde antecedentes inaugurales de la tem\u00e1tica hasta convertirse en un acontecimiento generador de gran sensibilidad en el observador.<\/p>\n<p data-prosemirror-content-type=\"node\" data-prosemirror-node-name=\"paragraph\" data-prosemirror-node-block=\"true\">Y en esta propuesta se contemplan dos obras, la primera que se destaca pertenece a Francisco Vidal, un artista reconocido por su dominio acad\u00e9mico del dibujo y la pintura, as\u00ed como por su compromiso con la educaci\u00f3n art\u00edstica, con el retrato \u201cDesnudo\u201d, un \u00f3leo s\/ madera (cart\u00f3n prensado).<\/p>\n<p data-prosemirror-content-type=\"node\" data-prosemirror-node-name=\"paragraph\" data-prosemirror-node-block=\"true\">Se puede decir que los retratos y desnudos naturalistas de Vidal son im\u00e1genes que se reconocen en el arte cordob\u00e9s de la primera mitad del siglo XX.<\/p>\n<p data-prosemirror-content-type=\"node\" data-prosemirror-node-name=\"paragraph\" data-prosemirror-node-block=\"true\">Finalmente, y en el mismo recorrido de sala, se podr\u00e1n contemplar majestuosas obras escult\u00f3ricas, como \u201cDespertar y Reposo\u201d del maestro Miguel \u00c1ngel Budini, donde representa la figura humana, frente a una forma \u00fanica y particular de exponerlas: envueltas en t\u00fanicas rojas, inspirado en la muestra de Ernesto Soneira.<\/p>\n<p data-prosemirror-content-type=\"node\" data-prosemirror-node-name=\"paragraph\" data-prosemirror-node-block=\"true\">La obra de Budini incluye en un principio la pintura, dibujo y escultura. Es esta \u00faltima disciplina la que desarrolla con mayor intensidad y se transforma en uno de los m\u00e1s notables escultores que dio el siglo XX.<\/p>\n<p data-prosemirror-content-type=\"node\" data-prosemirror-node-name=\"paragraph\" data-prosemirror-node-block=\"true\">El autor ha abordado el desnudo femenino con car\u00e1cter sensual y voluminoso, planos figurativos, formas c\u00f3ncavas y convexas, colmadas de una desbordante imaginaci\u00f3n.<\/p>\n","protected":false},"excerpt":{"rendered":"<p>Se trata de Andr\u00e9s Pi\u00f1ero, Miguel \u00c1ngel Budini y Francisco Vidal. Las exposiciones podr\u00e1n visitarse de martes a domingos, de 9 a 20, con entrada libre y gratuita. En estas vacaciones de verano, la Municipalidad de C\u00f3rdoba invita a explorar el Museo Genaro P\u00e9rez (General Paz 33); uno de los espacios culturales ic\u00f3nicos por su [&hellip;]<\/p>\n","protected":false},"author":1,"featured_media":182261,"comment_status":"closed","ping_status":"closed","sticky":false,"template":"","format":"standard","meta":[],"categories":[2],"tags":[],"_links":{"self":[{"href":"http:\/\/cordobainforma.info\/index.php\/wp-json\/wp\/v2\/posts\/182260"}],"collection":[{"href":"http:\/\/cordobainforma.info\/index.php\/wp-json\/wp\/v2\/posts"}],"about":[{"href":"http:\/\/cordobainforma.info\/index.php\/wp-json\/wp\/v2\/types\/post"}],"author":[{"embeddable":true,"href":"http:\/\/cordobainforma.info\/index.php\/wp-json\/wp\/v2\/users\/1"}],"replies":[{"embeddable":true,"href":"http:\/\/cordobainforma.info\/index.php\/wp-json\/wp\/v2\/comments?post=182260"}],"version-history":[{"count":0,"href":"http:\/\/cordobainforma.info\/index.php\/wp-json\/wp\/v2\/posts\/182260\/revisions"}],"wp:featuredmedia":[{"embeddable":true,"href":"http:\/\/cordobainforma.info\/index.php\/wp-json\/wp\/v2\/media\/182261"}],"wp:attachment":[{"href":"http:\/\/cordobainforma.info\/index.php\/wp-json\/wp\/v2\/media?parent=182260"}],"wp:term":[{"taxonomy":"category","embeddable":true,"href":"http:\/\/cordobainforma.info\/index.php\/wp-json\/wp\/v2\/categories?post=182260"},{"taxonomy":"post_tag","embeddable":true,"href":"http:\/\/cordobainforma.info\/index.php\/wp-json\/wp\/v2\/tags?post=182260"}],"curies":[{"name":"wp","href":"https:\/\/api.w.org\/{rel}","templated":true}]}}