{"id":182212,"date":"2026-01-20T12:19:03","date_gmt":"2026-01-20T12:19:03","guid":{"rendered":"https:\/\/somoscordobeses.com\/2026\/01\/20\/por-que-carlos-maslaton-aplaudio-a-donald-trump\/"},"modified":"2026-01-20T12:19:03","modified_gmt":"2026-01-20T12:19:03","slug":"por-que-carlos-maslaton-aplaudio-a-donald-trump","status":"publish","type":"post","link":"http:\/\/cordobainforma.info\/index.php\/2026\/01\/20\/por-que-carlos-maslaton-aplaudio-a-donald-trump\/","title":{"rendered":"Por qu\u00e9 Carlos Maslat\u00f3n aplaudi\u00f3 a Donald Trump"},"content":{"rendered":"<div><img src=\"http:\/\/cordobainforma.info\/wp-content\/uploads\/2026\/01\/por-que-carlos-maslaton-aplaudio-a-donald-trump.jpg\" class=\"ff-og-image-inserted\"><\/div>\n<p>\u00abNada m\u00e1s peronista en el mundo que <strong>Donald Trump:<\/strong> quiere a todos adentro. Lo bueno tambi\u00e9n es que est\u00e1 destruyendo las Naciones Unidas\u00bb, poste\u00f3<strong> Carlos Maslat\u00f3n<\/strong> en su cuenta personal de X. El influencer liberal opin\u00f3 sobre los movimientos del mandatario estadounidense en la t\u00e1ctica desestabilizar la ONU en favor de un nuevo organismo internacional&nbsp;denominado en ingl\u00e9s <em>Board of Peace.<\/em>El estatuto fundacional del flamante organismo califica a las instituciones existentes como insuficientes y plantea \u201calejarse de enfoques e instituciones que con demasiada frecuencia han fracasado\u201d.<\/p>\n<p>La iniciativa anunciada por <strong>el presidente republicano<\/strong>&nbsp;para crear un <strong>\u201cConsejo de la Paz\u201d<\/strong> ha encendido un debate global sobre el futuro de la diplomacia internacional y el papel de Estados Unidos fuera de la <strong>Organizaci\u00f3n de las Naciones Unidas<\/strong>. Seg\u00fan los documentos difundidos por la Casa Blanca, el nuevo organismo&nbsp;&nbsp;se presenta como una <strong>organizaci\u00f3n internacional destinada a promover la estabilidad y una paz duradera en regiones afectadas o amenazadas por conflictos<\/strong>, empezando por la <strong>Franja de Gaza<\/strong> tras el alto el fuego alcanzado en octubre de 2025.<\/p>\n<p>La estructura del Consejo de la Paz definido por Trump es inusual: la membres\u00eda est\u00e1 <strong>limitada a Estados soberanos invitados directamente por el presidente del organismo<\/strong>, y cada pa\u00eds estar\u00eda representado por su jefe de Estado o un delegado autorizado. El propio Trump ser\u00eda <strong>el presidente inaugural del Consejo<\/strong>, con amplias facultades para decidir qui\u00e9n puede pertenecer, vetar decisiones y modificar la composici\u00f3n del organismo, lo que ha generado escepticismo en diplom\u00e1ticos y analistas sobre la independencia real de la entidad.&nbsp;<\/p>\n<p>&nbsp;A diferencia del <strong>Consejo de Seguridad de la ONU<\/strong>, que tiene miembros permanentes y no permanentes electos y poderes de resoluci\u00f3n vinculantes bajo la Carta de Naciones Unidas, este nuevo Consejo operar\u00eda al margen de dichas reglas y con un sesgo claramente estadounidense en su dise\u00f1o y liderazgo.&nbsp;El proyecto tambi\u00e9n establece un esquema econ\u00f3mico controvertido: seg\u00fan borradores filtrados, Trump buscar\u00eda que los pa\u00edses paguen hasta <strong>1.000 millones de d\u00f3lares<\/strong> por un asiento <strong>permanente<\/strong> en la junta, mientras que afiliaciones temporales de tres a\u00f1os ser\u00edan posibles sin ese aporte.<\/p>\n<p>Cr\u00edticos han se\u00f1alado que este requisito puede convertirse en una barrera y una mec\u00e1nica de presi\u00f3n geopol\u00edtica m\u00e1s que en una contribuci\u00f3n genuina para la paz. \u201c<strong>Este organismo otorga poder de veto absoluto a Donald Trump<\/strong>\u201d, se\u00f1al\u00f3 un an\u00e1lisis editorial que reflejaba la preocupaci\u00f3n de varios gobiernos ante la concentraci\u00f3n de poder en Washington y la posible mercantilizaci\u00f3n de la participaci\u00f3n en mecanismos de paz internacionales.<\/p>\n<p>En Argentina, <strong>Javier Milei<\/strong> celebr\u00f3 p\u00fablicamente la invitaci\u00f3n de Trump a que su pa\u00eds integre el Consejo de la Paz como \u201cmiembro fundador\u201d. En un mensaje en redes sociales, asegur\u00f3 que \u201c<strong>la Argentina siempre estar\u00e1 del lado de los pa\u00edses que luchan de frente contra el terrorismo, que defienden la vida y la propiedad, y que promueven la paz y la libertad<\/strong>\u201d, calificando la invitaci\u00f3n como \u201cun honor\u201d y una responsabilidad.<\/p>\n<p>&nbsp;Aunque no se refiri\u00f3 directamente al aporte econ\u00f3mico exigido para una membres\u00eda permanente, su postura reafirma el alineamiento entre Buenos Aires y Washington en esta iniciativa, en un momento en que la diplomacia internacional debate el balance entre la cooperaci\u00f3n tradicional bajo la ONU y nuevas f\u00f3rmulas lideradas por potencias espec\u00edficas. El contraste entre la visi\u00f3n estadounidense de un Consejo de la Paz gestionado desde Washington y la estructura multilateral de la ONU ha despertado dudas sobre qu\u00e9 significa realmente \u201cpaz\u201d en este nuevo contexto, y si mecanismos cerrados y con requisitos econ\u00f3micos pueden sustituir o complementar los esfuerzos tradicionales de las Naciones Unidas.&nbsp;<\/p>\n<p><h3>Galer\u00eda de im\u00e1genes<\/h3><\/p>\n","protected":false},"excerpt":{"rendered":"<p>\u00abNada m\u00e1s peronista en el mundo que Donald Trump: quiere a todos adentro. Lo bueno tambi\u00e9n es que est\u00e1 destruyendo las Naciones Unidas\u00bb, poste\u00f3 Carlos Maslat\u00f3n en su cuenta personal de X. El influencer liberal opin\u00f3 sobre los movimientos del mandatario estadounidense en la t\u00e1ctica desestabilizar la ONU en favor de un nuevo organismo internacional&nbsp;denominado [&hellip;]<\/p>\n","protected":false},"author":1,"featured_media":182213,"comment_status":"closed","ping_status":"closed","sticky":false,"template":"","format":"standard","meta":[],"categories":[2],"tags":[],"_links":{"self":[{"href":"http:\/\/cordobainforma.info\/index.php\/wp-json\/wp\/v2\/posts\/182212"}],"collection":[{"href":"http:\/\/cordobainforma.info\/index.php\/wp-json\/wp\/v2\/posts"}],"about":[{"href":"http:\/\/cordobainforma.info\/index.php\/wp-json\/wp\/v2\/types\/post"}],"author":[{"embeddable":true,"href":"http:\/\/cordobainforma.info\/index.php\/wp-json\/wp\/v2\/users\/1"}],"replies":[{"embeddable":true,"href":"http:\/\/cordobainforma.info\/index.php\/wp-json\/wp\/v2\/comments?post=182212"}],"version-history":[{"count":0,"href":"http:\/\/cordobainforma.info\/index.php\/wp-json\/wp\/v2\/posts\/182212\/revisions"}],"wp:featuredmedia":[{"embeddable":true,"href":"http:\/\/cordobainforma.info\/index.php\/wp-json\/wp\/v2\/media\/182213"}],"wp:attachment":[{"href":"http:\/\/cordobainforma.info\/index.php\/wp-json\/wp\/v2\/media?parent=182212"}],"wp:term":[{"taxonomy":"category","embeddable":true,"href":"http:\/\/cordobainforma.info\/index.php\/wp-json\/wp\/v2\/categories?post=182212"},{"taxonomy":"post_tag","embeddable":true,"href":"http:\/\/cordobainforma.info\/index.php\/wp-json\/wp\/v2\/tags?post=182212"}],"curies":[{"name":"wp","href":"https:\/\/api.w.org\/{rel}","templated":true}]}}