{"id":182173,"date":"2026-01-19T21:25:52","date_gmt":"2026-01-19T21:25:52","guid":{"rendered":"http:\/\/cordobainforma.info\/index.php\/2026\/01\/19\/un-pais-de-la-otan-podria-rechazar-unirse-al-consejo-de-la-paz-sobre-gaza\/"},"modified":"2026-01-19T21:25:52","modified_gmt":"2026-01-19T21:25:52","slug":"un-pais-de-la-otan-podria-rechazar-unirse-al-consejo-de-la-paz-sobre-gaza","status":"publish","type":"post","link":"http:\/\/cordobainforma.info\/index.php\/2026\/01\/19\/un-pais-de-la-otan-podria-rechazar-unirse-al-consejo-de-la-paz-sobre-gaza\/","title":{"rendered":"Un pa\u00eds de la OTAN podr\u00eda rechazar unirse al Consejo de la Paz sobre Gaza"},"content":{"rendered":"<div><img src=\"http:\/\/cordobainforma.info\/wp-content\/uploads\/2026\/01\/un-pais-de-la-otan-podria-rechazar-unirse-al-consejo-de-la-paz-sobre-gaza.jpg\" class=\"ff-og-image-inserted\"><\/div>\n<div class=\"Text-root Text-type_5 ArticleView-text ViewText-root \">\n<p>El presidente de Francia, Emmanuel Macron, se dispone a rechazar la invitaci\u00f3n para integrar el Consejo de Paz destinado a abordar el conflicto en la Franja de Gaza, una iniciativa promovida por el mandatario estadounidense, Donald Trump, <a href=\"https:\/\/www.bloomberg.com\/news\/articles\/2026-01-19\/macron-to-decline-trump-s-invitation-to-join-his-peace-board\" target=\"_blank\" rel=\"noopener noreferrer\">inform\u00f3<\/a> este lunes Bloomberg, citando a una fuente cercana al jefe de Estado franc\u00e9s.<\/p>\n<p>De acuerdo con esa informaci\u00f3n, Macron considera que el proyecto va m\u00e1s all\u00e1 del \u00e1mbito del enclave palestino y plantea dudas sobre el respeto a los principios y el marco institucional de la ONU. Trump ha convocado a diversos l\u00edderes internacionales para sumarse al Consejo de Paz, entre ellos el <a href=\"https:\/\/actualidad.rt.com\/actualidad\/582828-kremlin-putin-invitado-unirse-consejo-paz-gaza\" target=\"_blank\" rel=\"noopener noreferrer\">presidente de Rusia<\/a>, Vlad\u00edmir Putin, y el de Argentina, Javier Milei.<\/p>\n<p>No obstante, Bloomberg <a href=\"https:\/\/www.bloomberg.com\/news\/articles\/2026-01-19\/trump-s-peace-board-faces-rewrite-calls-after-messy-start\" target=\"_blank\" rel=\"noopener noreferrer\">se\u00f1al\u00f3<\/a> que la propuesta \u2014que se prev\u00e9 sea <a href=\"https:\/\/www.timesofisrael.com\/liveblog_entry\/signing-ceremony-for-trumps-board-of-peace-said-set-for-thursday-in-davos\/\" target=\"_blank\" rel=\"noopener noreferrer\">firmada<\/a> en el marco del Foro Econ\u00f3mico Mundial de Davos, en Suiza\u2014 ha despertado escepticismo en Europa y&nbsp;suscitado cr\u00edticas por parte de Israel.<\/p>\n<\/div>\n","protected":false},"excerpt":{"rendered":"<p>El presidente de Francia, Emmanuel Macron, se dispone a rechazar la invitaci\u00f3n para integrar el Consejo de Paz destinado a abordar el conflicto en la Franja de Gaza, una iniciativa promovida por el mandatario estadounidense, Donald Trump, inform\u00f3 este lunes Bloomberg, citando a una fuente cercana al jefe de Estado franc\u00e9s. De acuerdo con esa [&hellip;]<\/p>\n","protected":false},"author":1,"featured_media":182174,"comment_status":"closed","ping_status":"closed","sticky":false,"template":"","format":"standard","meta":[],"categories":[22],"tags":[],"_links":{"self":[{"href":"http:\/\/cordobainforma.info\/index.php\/wp-json\/wp\/v2\/posts\/182173"}],"collection":[{"href":"http:\/\/cordobainforma.info\/index.php\/wp-json\/wp\/v2\/posts"}],"about":[{"href":"http:\/\/cordobainforma.info\/index.php\/wp-json\/wp\/v2\/types\/post"}],"author":[{"embeddable":true,"href":"http:\/\/cordobainforma.info\/index.php\/wp-json\/wp\/v2\/users\/1"}],"replies":[{"embeddable":true,"href":"http:\/\/cordobainforma.info\/index.php\/wp-json\/wp\/v2\/comments?post=182173"}],"version-history":[{"count":0,"href":"http:\/\/cordobainforma.info\/index.php\/wp-json\/wp\/v2\/posts\/182173\/revisions"}],"wp:featuredmedia":[{"embeddable":true,"href":"http:\/\/cordobainforma.info\/index.php\/wp-json\/wp\/v2\/media\/182174"}],"wp:attachment":[{"href":"http:\/\/cordobainforma.info\/index.php\/wp-json\/wp\/v2\/media?parent=182173"}],"wp:term":[{"taxonomy":"category","embeddable":true,"href":"http:\/\/cordobainforma.info\/index.php\/wp-json\/wp\/v2\/categories?post=182173"},{"taxonomy":"post_tag","embeddable":true,"href":"http:\/\/cordobainforma.info\/index.php\/wp-json\/wp\/v2\/tags?post=182173"}],"curies":[{"name":"wp","href":"https:\/\/api.w.org\/{rel}","templated":true}]}}