{"id":182141,"date":"2026-01-19T18:46:45","date_gmt":"2026-01-19T18:46:45","guid":{"rendered":"https:\/\/somoscordobeses.com\/2026\/01\/19\/cordoba-un-hombre-murio-tras-despistarse-con-el-auto\/"},"modified":"2026-01-19T18:46:45","modified_gmt":"2026-01-19T18:46:45","slug":"cordoba-un-hombre-murio-tras-despistarse-con-el-auto","status":"publish","type":"post","link":"http:\/\/cordobainforma.info\/index.php\/2026\/01\/19\/cordoba-un-hombre-murio-tras-despistarse-con-el-auto\/","title":{"rendered":"C\u00f3rdoba: un hombre muri\u00f3 tras despistarse con el auto"},"content":{"rendered":"<div><img src=\"http:\/\/cordobainforma.info\/wp-content\/uploads\/2026\/01\/cordoba-un-hombre-murio-tras-despistarse-con-el-auto.jpg\" class=\"ff-og-image-inserted\"><\/div>\n<p>Un hombre falleci\u00f3 tras un despistar con su auto sobre el kil\u00f3metro 802 de la Ruta 36.<\/p>\n<p>El siniestro ocurri\u00f3 este lunes, cerca del mediod\u00eda.&nbsp;<\/p>\n<p>Un servicio de emergencias concurri\u00f3 al lugar y constat\u00f3 el deceso de un hombre de 63 a\u00f1os quien circulaba en el Fiat Punto como \u00fanico ocupante.&nbsp;<\/p>\n<p>Instantes previos, efectivos de la Dir. Bomberos hab\u00edan realizado la extracci\u00f3n de esta persona mediante la utilizaci\u00f3n de herramientas hidr\u00e1ulicas.<\/p>\n<p>La Justicia investiga las circunstancias en las que se desarroll\u00f3 el hecho.&nbsp;<\/p>\n<figure data-tadevel-template=\"web\/multimedia\" data-type=\"photo\"> <\/figure>\n","protected":false},"excerpt":{"rendered":"<p>Un hombre falleci\u00f3 tras un despistar con su auto sobre el kil\u00f3metro 802 de la Ruta 36. El siniestro ocurri\u00f3 este lunes, cerca del mediod\u00eda.&nbsp; Un servicio de emergencias concurri\u00f3 al lugar y constat\u00f3 el deceso de un hombre de 63 a\u00f1os quien circulaba en el Fiat Punto como \u00fanico ocupante.&nbsp; Instantes previos, efectivos de [&hellip;]<\/p>\n","protected":false},"author":1,"featured_media":182142,"comment_status":"closed","ping_status":"closed","sticky":false,"template":"","format":"standard","meta":[],"categories":[2],"tags":[],"_links":{"self":[{"href":"http:\/\/cordobainforma.info\/index.php\/wp-json\/wp\/v2\/posts\/182141"}],"collection":[{"href":"http:\/\/cordobainforma.info\/index.php\/wp-json\/wp\/v2\/posts"}],"about":[{"href":"http:\/\/cordobainforma.info\/index.php\/wp-json\/wp\/v2\/types\/post"}],"author":[{"embeddable":true,"href":"http:\/\/cordobainforma.info\/index.php\/wp-json\/wp\/v2\/users\/1"}],"replies":[{"embeddable":true,"href":"http:\/\/cordobainforma.info\/index.php\/wp-json\/wp\/v2\/comments?post=182141"}],"version-history":[{"count":0,"href":"http:\/\/cordobainforma.info\/index.php\/wp-json\/wp\/v2\/posts\/182141\/revisions"}],"wp:featuredmedia":[{"embeddable":true,"href":"http:\/\/cordobainforma.info\/index.php\/wp-json\/wp\/v2\/media\/182142"}],"wp:attachment":[{"href":"http:\/\/cordobainforma.info\/index.php\/wp-json\/wp\/v2\/media?parent=182141"}],"wp:term":[{"taxonomy":"category","embeddable":true,"href":"http:\/\/cordobainforma.info\/index.php\/wp-json\/wp\/v2\/categories?post=182141"},{"taxonomy":"post_tag","embeddable":true,"href":"http:\/\/cordobainforma.info\/index.php\/wp-json\/wp\/v2\/tags?post=182141"}],"curies":[{"name":"wp","href":"https:\/\/api.w.org\/{rel}","templated":true}]}}