{"id":182139,"date":"2026-01-19T18:47:05","date_gmt":"2026-01-19T18:47:05","guid":{"rendered":"https:\/\/somoscordobeses.com\/2026\/01\/19\/marcelo-tinelli-rompio-el-silencio-sobre-su-relacion-con-milett-figueroa-que-dijo\/"},"modified":"2026-01-19T18:47:05","modified_gmt":"2026-01-19T18:47:05","slug":"marcelo-tinelli-rompio-el-silencio-sobre-su-relacion-con-milett-figueroa-que-dijo","status":"publish","type":"post","link":"http:\/\/cordobainforma.info\/index.php\/2026\/01\/19\/marcelo-tinelli-rompio-el-silencio-sobre-su-relacion-con-milett-figueroa-que-dijo\/","title":{"rendered":"Marcelo Tinelli rompi\u00f3 el silencio sobre su relaci\u00f3n con Milett Figueroa: qu\u00e9 dijo"},"content":{"rendered":"<div><img src=\"http:\/\/cordobainforma.info\/wp-content\/uploads\/2026\/01\/marcelo-tinelli-rompio-el-silencio-sobre-su-relacion-con-milett-figueroa-que-dijo.jpg\" class=\"ff-og-image-inserted\"><\/div>\n<div id=\"note-body\">\n<p data-path-to-node=\"1\">El universo del espect\u00e1culo volvi\u00f3 a ponerse en alerta ante una supuesta ruptura entre el conductor argentino <strong data-path-to-node=\"1\" data-index-in-node=\"110\">Marcelo Tinelli<\/strong> y la modelo peruana <strong data-path-to-node=\"1\" data-index-in-node=\"146\">Milett Figueroa<\/strong>. Sin embargo, frente al crecimiento de estas versiones en ambos pa\u00edses, el propio animador decidi\u00f3 romper el silencio y aclarar cu\u00e1l es el estado real de su noviazgo, asegurando que el v\u00ednculo sigue vigente a pesar de la distancia geogr\u00e1fica moment\u00e1nea.<\/p>\n<\/div>\n<div id>\n<p data-path-to-node=\"10\"><strong data-path-to-node=\"10\" data-index-in-node=\"0\">\u201cHay una necesidad de alg\u00fan sector del periodismo de terminar con esta relaci\u00f3n y no entiendo por qu\u00e9\u201d<\/strong>, reflexion\u00f3 Etchegoyen al concluir su informe. Por el momento, la pareja apuesta a la confianza y a la proyecci\u00f3n de su v\u00ednculo, desestimando las versiones que indicaban que la relaci\u00f3n atravesaba su peor momento familiar. Tinelli, firme en su postura, dej\u00f3 en claro que la prioridad hoy es la familia y el respeto por los tiempos laborales de su compa\u00f1era.<\/p>\n<\/p><\/div>\n","protected":false},"excerpt":{"rendered":"<p>El universo del espect\u00e1culo volvi\u00f3 a ponerse en alerta ante una supuesta ruptura entre el conductor argentino Marcelo Tinelli y la modelo peruana Milett Figueroa. Sin embargo, frente al crecimiento de estas versiones en ambos pa\u00edses, el propio animador decidi\u00f3 romper el silencio y aclarar cu\u00e1l es el estado real de su noviazgo, asegurando que [&hellip;]<\/p>\n","protected":false},"author":1,"featured_media":182140,"comment_status":"closed","ping_status":"closed","sticky":false,"template":"","format":"standard","meta":[],"categories":[2],"tags":[],"_links":{"self":[{"href":"http:\/\/cordobainforma.info\/index.php\/wp-json\/wp\/v2\/posts\/182139"}],"collection":[{"href":"http:\/\/cordobainforma.info\/index.php\/wp-json\/wp\/v2\/posts"}],"about":[{"href":"http:\/\/cordobainforma.info\/index.php\/wp-json\/wp\/v2\/types\/post"}],"author":[{"embeddable":true,"href":"http:\/\/cordobainforma.info\/index.php\/wp-json\/wp\/v2\/users\/1"}],"replies":[{"embeddable":true,"href":"http:\/\/cordobainforma.info\/index.php\/wp-json\/wp\/v2\/comments?post=182139"}],"version-history":[{"count":0,"href":"http:\/\/cordobainforma.info\/index.php\/wp-json\/wp\/v2\/posts\/182139\/revisions"}],"wp:featuredmedia":[{"embeddable":true,"href":"http:\/\/cordobainforma.info\/index.php\/wp-json\/wp\/v2\/media\/182140"}],"wp:attachment":[{"href":"http:\/\/cordobainforma.info\/index.php\/wp-json\/wp\/v2\/media?parent=182139"}],"wp:term":[{"taxonomy":"category","embeddable":true,"href":"http:\/\/cordobainforma.info\/index.php\/wp-json\/wp\/v2\/categories?post=182139"},{"taxonomy":"post_tag","embeddable":true,"href":"http:\/\/cordobainforma.info\/index.php\/wp-json\/wp\/v2\/tags?post=182139"}],"curies":[{"name":"wp","href":"https:\/\/api.w.org\/{rel}","templated":true}]}}