{"id":182127,"date":"2026-01-19T17:28:16","date_gmt":"2026-01-19T17:28:16","guid":{"rendered":"http:\/\/cordobainforma.info\/index.php\/2026\/01\/19\/en-rosario-el-precio-del-m2-subio-mas-que-caba-y-en-cordoba-punto-biz\/"},"modified":"2026-01-19T17:28:16","modified_gmt":"2026-01-19T17:28:16","slug":"en-rosario-el-precio-del-m2-subio-mas-que-caba-y-en-cordoba-punto-biz","status":"publish","type":"post","link":"http:\/\/cordobainforma.info\/index.php\/2026\/01\/19\/en-rosario-el-precio-del-m2-subio-mas-que-caba-y-en-cordoba-punto-biz\/","title":{"rendered":"En Rosario, el precio del m2 subi\u00f3 m\u00e1s que Caba y en <b>C\u00f3rdoba<\/b> &#8211; Punto Biz"},"content":{"rendered":"<p>Al mismo tiempo, <b>C\u00f3rdoba<\/b> es la ciudad m\u00e1s <b>econ\u00f3mica<\/b> con respecto a &#8230; <b>Nueva<\/b> planta &middot; Un cl\u00e1sico alfajor argentino se empezar\u00e1 a fabricar en&nbsp;&#8230; <\/p>\n","protected":false},"excerpt":{"rendered":"<p>Al mismo tiempo, C\u00f3rdoba es la ciudad m\u00e1s econ\u00f3mica con respecto a &#8230; Nueva planta &middot; Un cl\u00e1sico alfajor argentino se empezar\u00e1 a fabricar en&nbsp;&#8230;<\/p>\n","protected":false},"author":1,"featured_media":0,"comment_status":"closed","ping_status":"closed","sticky":false,"template":"","format":"standard","meta":[],"categories":[23],"tags":[],"_links":{"self":[{"href":"http:\/\/cordobainforma.info\/index.php\/wp-json\/wp\/v2\/posts\/182127"}],"collection":[{"href":"http:\/\/cordobainforma.info\/index.php\/wp-json\/wp\/v2\/posts"}],"about":[{"href":"http:\/\/cordobainforma.info\/index.php\/wp-json\/wp\/v2\/types\/post"}],"author":[{"embeddable":true,"href":"http:\/\/cordobainforma.info\/index.php\/wp-json\/wp\/v2\/users\/1"}],"replies":[{"embeddable":true,"href":"http:\/\/cordobainforma.info\/index.php\/wp-json\/wp\/v2\/comments?post=182127"}],"version-history":[{"count":0,"href":"http:\/\/cordobainforma.info\/index.php\/wp-json\/wp\/v2\/posts\/182127\/revisions"}],"wp:attachment":[{"href":"http:\/\/cordobainforma.info\/index.php\/wp-json\/wp\/v2\/media?parent=182127"}],"wp:term":[{"taxonomy":"category","embeddable":true,"href":"http:\/\/cordobainforma.info\/index.php\/wp-json\/wp\/v2\/categories?post=182127"},{"taxonomy":"post_tag","embeddable":true,"href":"http:\/\/cordobainforma.info\/index.php\/wp-json\/wp\/v2\/tags?post=182127"}],"curies":[{"name":"wp","href":"https:\/\/api.w.org\/{rel}","templated":true}]}}