{"id":182095,"date":"2026-01-19T17:02:30","date_gmt":"2026-01-19T17:02:30","guid":{"rendered":"https:\/\/www.clarin.com\/deportes\/seleccion-argentina-amistoso-confirmado-despues-finalissima-espana-qatar-vez-lusail_0_4MCDf78Om1.html"},"modified":"2026-01-19T17:02:30","modified_gmt":"2026-01-19T17:02:30","slug":"la-seleccion-argentina-tiene-otro-amistoso-confirmado-despues-de-la-finalissima-contra-espana-sera-ante-qatar-otra-vez-en-lusail","status":"publish","type":"post","link":"http:\/\/cordobainforma.info\/index.php\/2026\/01\/19\/la-seleccion-argentina-tiene-otro-amistoso-confirmado-despues-de-la-finalissima-contra-espana-sera-ante-qatar-otra-vez-en-lusail\/","title":{"rendered":"La Selecci\u00f3n Argentina tiene otro amistoso confirmado despu\u00e9s de la Finalissima contra Espa\u00f1a: ser\u00e1 ante Qatar, otra vez en Lusail"},"content":{"rendered":"<p><img src=\"http:\/\/cordobainforma.info\/wp-content\/uploads\/2026\/01\/la-seleccion-argentina-tiene-otro-amistoso-confirmado-despues-de-la-finalissima-contra-espana-sera-ante-qatar-otra-vez-en-lusail.jpg\"><\/p>\n<div><img src=\"http:\/\/cordobainforma.info\/wp-content\/uploads\/2026\/01\/la-seleccion-argentina-tiene-otro-amistoso-confirmado-despues-de-la-finalissima-contra-espana-sera-ante-qatar-otra-vez-en-lusail-2.jpg\" class=\"ff-og-image-inserted\"><\/div>\n<div id=\"element-body-0\" readability=\"62\">\n<p>La <strong>Selecci\u00f3n Argentina<\/strong> volver\u00e1 a presentarse en <strong>Qatar <\/strong>a fin de marzo, cuando enfrente al seleccionado local en un amistoso internacional programado para el 31 de marzo en el estadio Lusail. El partido se disputar\u00e1 apenas cuatro d\u00edas despu\u00e9s de la <strong>Finalissima<\/strong> ante <strong>Espa\u00f1a<\/strong>, el cruce entre campeones continentales que se jugar\u00e1 el 27 y que concentrar\u00e1 la atenci\u00f3n del f\u00fatbol mundial.<\/p>\n<\/div>\n<div id=\"element-body-1\" readability=\"62\">\n<p>El encuentro de la Scaloneta frente a Qatar formar\u00e1 parte del <strong>Qatar Football Festival <\/strong>2026, un evento que reunir\u00e1 a varias selecciones de primer nivel como parte de su preparaci\u00f3n para la Copa del Mundo de la FIFA 2026. Para el equipo argentino, ser\u00e1 una oportunidad de sumar rodaje internacional en una ventana cargada de exigencia y con rivales de peso.<\/p>\n<\/div>\n<div id=\"element-body-3\" readability=\"63\">\n<p>La agenda de la Albiceleste en Doha comenzar\u00e1 con la Finalissima frente a Espa\u00f1a, campeona de Europa, en un duelo que reeditar\u00e1 el choque entre los ganadores de la Eurocopa y la Copa Am\u00e9rica. Ese partido se disputar\u00e1 en el estadio Lusail, el mismo escenario que luego albergar\u00e1 el amistoso ante Qatar.<\/p>\n<\/div>\n<div id=\"element-body-4\" readability=\"66\">\n<p>El Qatar Football Festival se desarrollar\u00e1 entre el 26 y el 31 de marzo e incluir\u00e1 seis partidos en total, con la participaci\u00f3n de Argentina, Espa\u00f1a, Qatar, Egipto, Arabia Saudita y Serbia. La presencia de estas selecciones apunta a brindar competencia de alto nivel y a medir el estado de cada equipo de cara al Mundial que se jugar\u00e1 en Canad\u00e1, M\u00e9xico y Estados Unidos.<\/p>\n<\/div>\n<div id=\"element-body-7\" readability=\"57\">\n<p><strong>26 de marzo: <\/strong>Egipto vs. Arabia Saudita \u2013 Estadio Ahmad bin Ali<\/p>\n<\/div>\n<div id=\"element-body-8\" readability=\"57\">\n<p><strong>26 de marzo: <\/strong>Qatar vs. Serbia \u2013 Estadio Jassim bin Hamad<\/p>\n<\/div>\n<div id=\"element-body-9\" readability=\"57\">\n<p><strong>30 de marzo:<\/strong> Egipto vs. Espa\u00f1a \u2013 Estadio Lusail<\/p>\n<\/div>\n<div id=\"element-body-10\" readability=\"57\">\n<p><strong>30 de marzo:<\/strong> Arabia Saudita vs. Serbia \u2013 Estadio Jassim bin Hamad<\/p>\n<\/div>\n<div id=\"element-body-11\" readability=\"57\">\n<p><strong>31 de marzo: <\/strong>Qatar vs. Argentina \u2013 Estadio Lusail<\/p>\n<\/div>\n<div id=\"element-body-12\" readability=\"64\">\n<p>Desde la organizaci\u00f3n destacaron el valor deportivo del festival y la importancia de Lusail como sede, un estadio con fuerte v\u00ednculo con la historia reciente del f\u00fatbol internacional tras haber albergado partidos decisivos del Mundial Qatar 2022. Para la Selecci\u00f3n Argentina, el regreso a ese escenario tendr\u00e1 adem\u00e1s una carga simb\u00f3lica, en un calendario que combina prestigio, exigencia y preparaci\u00f3n rumbo a 2026.<\/p>\n<\/div>\n<div id=\"element-body-14\" readability=\"62\">\n<p>Los paquetes de viaje exclusivos para aficionados internacionales estar\u00e1n disponibles a partir del 1 de febrero de 2026, en asociaci\u00f3n con Visit Qatar, el brazo oficial de marketing y promoci\u00f3n de Qatar Tourism, y Qatar Airways.<\/p>\n<\/div>\n<div id=\"element-body-15\" readability=\"58\">\n<p>Las entradas para los partidos saldr\u00e1n a la venta el 25 de febrero de 2026 a trav\u00e9s de roadtoqatar.qa.<\/p>\n<\/div>\n<div id=\"element-body-16\" readability=\"62\">\n<p>\u201cEsperamos dar la bienvenida a jugadores y aficionados de todo el mundo mientras nos preparamos para recibir a las mayores estrellas del f\u00fatbol de cara a la Copa Mundial de la FIFA. Es un honor volver a abrir nuestras puertas a la comunidad futbol\u00edstica global\u201d, sostuvo el jeque Hamad bin Khalifa Al Thani, presidente del Comit\u00e9 Organizador Local de Eventos de F\u00fatbol.<\/p>\n<\/div>\n","protected":false},"excerpt":{"rendered":"<p>La Selecci\u00f3n Argentina volver\u00e1 a presentarse en Qatar a fin de marzo, cuando enfrente al seleccionado local en un amistoso internacional programado para el 31 de marzo en el estadio Lusail. El partido se disputar\u00e1 apenas cuatro d\u00edas despu\u00e9s de la Finalissima ante Espa\u00f1a, el cruce entre campeones continentales que se jugar\u00e1 el 27 y [&hellip;]<\/p>\n","protected":false},"author":1,"featured_media":182096,"comment_status":"closed","ping_status":"closed","sticky":false,"template":"","format":"standard","meta":[],"categories":[20],"tags":[],"_links":{"self":[{"href":"http:\/\/cordobainforma.info\/index.php\/wp-json\/wp\/v2\/posts\/182095"}],"collection":[{"href":"http:\/\/cordobainforma.info\/index.php\/wp-json\/wp\/v2\/posts"}],"about":[{"href":"http:\/\/cordobainforma.info\/index.php\/wp-json\/wp\/v2\/types\/post"}],"author":[{"embeddable":true,"href":"http:\/\/cordobainforma.info\/index.php\/wp-json\/wp\/v2\/users\/1"}],"replies":[{"embeddable":true,"href":"http:\/\/cordobainforma.info\/index.php\/wp-json\/wp\/v2\/comments?post=182095"}],"version-history":[{"count":0,"href":"http:\/\/cordobainforma.info\/index.php\/wp-json\/wp\/v2\/posts\/182095\/revisions"}],"wp:featuredmedia":[{"embeddable":true,"href":"http:\/\/cordobainforma.info\/index.php\/wp-json\/wp\/v2\/media\/182096"}],"wp:attachment":[{"href":"http:\/\/cordobainforma.info\/index.php\/wp-json\/wp\/v2\/media?parent=182095"}],"wp:term":[{"taxonomy":"category","embeddable":true,"href":"http:\/\/cordobainforma.info\/index.php\/wp-json\/wp\/v2\/categories?post=182095"},{"taxonomy":"post_tag","embeddable":true,"href":"http:\/\/cordobainforma.info\/index.php\/wp-json\/wp\/v2\/tags?post=182095"}],"curies":[{"name":"wp","href":"https:\/\/api.w.org\/{rel}","templated":true}]}}