{"id":182089,"date":"2026-01-19T01:38:37","date_gmt":"2026-01-19T01:38:37","guid":{"rendered":"https:\/\/somoscordobeses.com\/2026\/01\/18\/primeras-reacciones-de-los-pasajeros-de-los-trenes-accidentados-en-adamuz\/"},"modified":"2026-01-19T01:38:37","modified_gmt":"2026-01-19T01:38:37","slug":"primeras-reacciones-de-los-pasajeros-de-los-trenes-accidentados-en-adamuz","status":"publish","type":"post","link":"http:\/\/cordobainforma.info\/index.php\/2026\/01\/19\/primeras-reacciones-de-los-pasajeros-de-los-trenes-accidentados-en-adamuz\/","title":{"rendered":"Primeras reacciones de los pasajeros de los trenes accidentados en Adamuz"},"content":{"rendered":"<div><img src=\"http:\/\/cordobainforma.info\/wp-content\/uploads\/2026\/01\/primeras-reacciones-de-los-pasajeros-de-los-trenes-accidentados-en-adamuz.jpg\" class=\"ff-og-image-inserted\"><\/div>\n<header readability=\"11\">\n<p>Al menos 21 personas han fallecido y un centenar han resultado heridas tras el descarrilamiento de dos trenes a unos ocho kil\u00f3metros de la localidad cordobesa de Adamuz. Seg\u00fan los primeros datos, 25 heridos se encuentran graves y est\u00e1n siendo derivados a distintos hospitales de la zona. Por el momento se desconocen las causas del accidente. Se trata del primer accidente de un AVE en 34 a\u00f1os de servicio. La circulaci\u00f3n ferroviaria entre Madrid y C\u00f3rdoba, Sevilla, M\u00e1laga y Huelva estar\u00e1 suspendida, al menos, durante todo el lunes. Tambi\u00e9n se ver\u00e1n afectadas conexiones con C\u00e1diz, Algeciras y Granada.<\/p>\n<\/header>\n","protected":false},"excerpt":{"rendered":"<p>Al menos 21 personas han fallecido y un centenar han resultado heridas tras el descarrilamiento de dos trenes a unos ocho kil\u00f3metros de la localidad cordobesa de Adamuz. Seg\u00fan los primeros datos, 25 heridos se encuentran graves y est\u00e1n siendo derivados a distintos hospitales de la zona. Por el momento se desconocen las causas del [&hellip;]<\/p>\n","protected":false},"author":1,"featured_media":182090,"comment_status":"closed","ping_status":"closed","sticky":false,"template":"","format":"standard","meta":[],"categories":[2],"tags":[],"_links":{"self":[{"href":"http:\/\/cordobainforma.info\/index.php\/wp-json\/wp\/v2\/posts\/182089"}],"collection":[{"href":"http:\/\/cordobainforma.info\/index.php\/wp-json\/wp\/v2\/posts"}],"about":[{"href":"http:\/\/cordobainforma.info\/index.php\/wp-json\/wp\/v2\/types\/post"}],"author":[{"embeddable":true,"href":"http:\/\/cordobainforma.info\/index.php\/wp-json\/wp\/v2\/users\/1"}],"replies":[{"embeddable":true,"href":"http:\/\/cordobainforma.info\/index.php\/wp-json\/wp\/v2\/comments?post=182089"}],"version-history":[{"count":0,"href":"http:\/\/cordobainforma.info\/index.php\/wp-json\/wp\/v2\/posts\/182089\/revisions"}],"wp:featuredmedia":[{"embeddable":true,"href":"http:\/\/cordobainforma.info\/index.php\/wp-json\/wp\/v2\/media\/182090"}],"wp:attachment":[{"href":"http:\/\/cordobainforma.info\/index.php\/wp-json\/wp\/v2\/media?parent=182089"}],"wp:term":[{"taxonomy":"category","embeddable":true,"href":"http:\/\/cordobainforma.info\/index.php\/wp-json\/wp\/v2\/categories?post=182089"},{"taxonomy":"post_tag","embeddable":true,"href":"http:\/\/cordobainforma.info\/index.php\/wp-json\/wp\/v2\/tags?post=182089"}],"curies":[{"name":"wp","href":"https:\/\/api.w.org\/{rel}","templated":true}]}}