{"id":182054,"date":"2026-01-18T16:28:23","date_gmt":"2026-01-18T16:28:23","guid":{"rendered":"https:\/\/www.escribiendocine.com\/noticias\/2026\/01\/18\/21313-critica-de-viet-and-nam-el-pasado-vietnamita-como-relato-queer"},"modified":"2026-01-18T16:28:23","modified_gmt":"2026-01-18T16:28:23","slug":"critica-de-viet-and-nam-el-pasado-vietnamita-como-relato-queer","status":"publish","type":"post","link":"http:\/\/cordobainforma.info\/index.php\/2026\/01\/18\/critica-de-viet-and-nam-el-pasado-vietnamita-como-relato-queer\/","title":{"rendered":"Cr\u00edtica de \u00abViet and Nam\u00bb: el pasado vietnamita como relato queer"},"content":{"rendered":"<div class=\"media_block\"><\/div>\n<div><img src=\"http:\/\/cordobainforma.info\/wp-content\/uploads\/2026\/01\/critica-de-viet-and-nam-el-pasado-vietnamita-como-relato-queer.jpg\" class=\"ff-og-image-inserted\"><\/div>\n<div readability=\"15.5\">\n<div class=\"col-xs-12 col-sm-6 col-md-12 col-lg-3 no-padding col-der\" readability=\"7\">\n<p> <span class=\"fecha\">domingo 18 de enero de 2026 <\/span> <\/p>\n<\/p><\/div><\/div>\n<div readability=\"58\">\n<p><strong>Viet and Nam<\/strong> (2024), segundo largometraje de Truong Minh Quy, articula amor, memoria y territorio desde una estructura que evita la linealidad. Ambientada en 2001, la pel\u00edcula sigue a Viet y Nam, dos j\u00f3venes mineros de carb\u00f3n que sostienen una relaci\u00f3n afectiva clandestina en un contexto social y pol\u00edtico que no habilita su visibilidad. <strong>Lejos de organizarse como una historia rom\u00e1ntica convencional, el v\u00ednculo funciona como eje desde el cual se despliegan tensiones hist\u00f3ricas, materiales y generacionales.<\/strong><\/p>\n<p>Las minas de carb\u00f3n ocupan un lugar central en el relato. No operan solo como escenario laboral, sino como territorio simb\u00f3lico donde confluyen oscuridad, riesgo y refugio. En ese espacio subterr\u00e1neo, los protagonistas encuentran un margen de intimidad que el exterior les niega. El trabajo f\u00edsico y repetitivo se integra a la puesta sin \u00e9nfasis discursivos y define el ritmo de los cuerpos, mientras la clandestinidad se construye a partir de silencios, miradas y gestos m\u00ednimos.<\/p>\n<p>En paralelo, el film introduce la b\u00fasqueda de los restos del padre de Nam, combatiente del Viet Cong desaparecido durante la guerra. Impulsado por la madre y atravesado por rituales avalados por el Estado, este proceso de duelo desplaza la experiencia individual hacia una dimensi\u00f3n colectiva y expone la forma en que Vietnam administra su memoria hist\u00f3rica. La figura del m\u00e9dium, los viajes a antiguos campos de batalla y la presencia de s\u00edmbolos nacionales configuran un pa\u00eds que a\u00fan negocia su relaci\u00f3n con el pasado.<\/p>\n<p>Esta reflexi\u00f3n se refuerza desde la forma. <strong>Truong Minh Quy construye el relato desde una l\u00f3gica no lineal, donde recuerdos, relatos orales y escenas del presente conviven sin jerarqu\u00edas claras.<\/strong> El uso del formato 16 mm, trabajado junto al director de fotograf\u00eda Son Doan, diluye la frontera entre presente, sue\u00f1o y evocaci\u00f3n, mientras la puesta privilegia planos prolongados y tiempos de observaci\u00f3n que suspenden la urgencia narrativa.<\/p>\n<p>En ese entramado, las trayectorias de Viet y Nam dialogan con la historia del pa\u00eds: uno desea emigrar de manera ilegal, el otro ya atraves\u00f3 un desplazamiento interno. Sin convertirlo en alegor\u00eda, el film sugiere movimientos opuestos y complementarios que remiten a antiguas divisiones territoriales. El amor entre ambos no aparece como consigna ni como provocaci\u00f3n, sino como una forma de resistencia cotidiana, desde la cual la pel\u00edcula interroga identidad, herencia y futuro.<\/p>\n<\/p><\/div>\n","protected":false},"excerpt":{"rendered":"<p>domingo 18 de enero de 2026 Viet and Nam (2024), segundo largometraje de Truong Minh Quy, articula amor, memoria y territorio desde una estructura que evita la linealidad. Ambientada en 2001, la pel\u00edcula sigue a Viet y Nam, dos j\u00f3venes mineros de carb\u00f3n que sostienen una relaci\u00f3n afectiva clandestina en un contexto social y pol\u00edtico [&hellip;]<\/p>\n","protected":false},"author":1,"featured_media":182055,"comment_status":"open","ping_status":"closed","sticky":false,"template":"","format":"standard","meta":[],"categories":[21],"tags":[],"_links":{"self":[{"href":"http:\/\/cordobainforma.info\/index.php\/wp-json\/wp\/v2\/posts\/182054"}],"collection":[{"href":"http:\/\/cordobainforma.info\/index.php\/wp-json\/wp\/v2\/posts"}],"about":[{"href":"http:\/\/cordobainforma.info\/index.php\/wp-json\/wp\/v2\/types\/post"}],"author":[{"embeddable":true,"href":"http:\/\/cordobainforma.info\/index.php\/wp-json\/wp\/v2\/users\/1"}],"replies":[{"embeddable":true,"href":"http:\/\/cordobainforma.info\/index.php\/wp-json\/wp\/v2\/comments?post=182054"}],"version-history":[{"count":0,"href":"http:\/\/cordobainforma.info\/index.php\/wp-json\/wp\/v2\/posts\/182054\/revisions"}],"wp:featuredmedia":[{"embeddable":true,"href":"http:\/\/cordobainforma.info\/index.php\/wp-json\/wp\/v2\/media\/182055"}],"wp:attachment":[{"href":"http:\/\/cordobainforma.info\/index.php\/wp-json\/wp\/v2\/media?parent=182054"}],"wp:term":[{"taxonomy":"category","embeddable":true,"href":"http:\/\/cordobainforma.info\/index.php\/wp-json\/wp\/v2\/categories?post=182054"},{"taxonomy":"post_tag","embeddable":true,"href":"http:\/\/cordobainforma.info\/index.php\/wp-json\/wp\/v2\/tags?post=182054"}],"curies":[{"name":"wp","href":"https:\/\/api.w.org\/{rel}","templated":true}]}}