{"id":182052,"date":"2026-01-18T21:20:15","date_gmt":"2026-01-18T21:20:15","guid":{"rendered":"http:\/\/cordobainforma.info\/index.php\/2026\/01\/18\/von-der-leyen-se-pronuncia-sobre-aranceles-de-trump-tras-hablar-con-lideres-europeos\/"},"modified":"2026-01-18T21:20:15","modified_gmt":"2026-01-18T21:20:15","slug":"von-der-leyen-se-pronuncia-sobre-aranceles-de-trump-tras-hablar-con-lideres-europeos","status":"publish","type":"post","link":"http:\/\/cordobainforma.info\/index.php\/2026\/01\/18\/von-der-leyen-se-pronuncia-sobre-aranceles-de-trump-tras-hablar-con-lideres-europeos\/","title":{"rendered":"Von der Leyen se pronuncia sobre aranceles de Trump tras hablar con l\u00edderes europeos"},"content":{"rendered":"<div><img src=\"http:\/\/cordobainforma.info\/wp-content\/uploads\/2026\/01\/von-der-leyen-se-pronuncia-sobre-aranceles-de-trump-tras-hablar-con-lideres-europeos.jpg\" class=\"ff-og-image-inserted\"><\/div>\n<div class=\"Text-root Text-type_5 ArticleView-text ViewText-root \">\n<p>La presidenta de la Comisi\u00f3n Europea, Ursula von der Leyen, <a href=\"https:\/\/x.com\/vonderleyen\/status\/2012993028902805883\" target=\"_blank\" rel=\"noopener noreferrer\">anunci\u00f3<\/a> este domingo que habl\u00f3 con el secretario general de la OTAN, Mark Rutte, y con los l\u00edderes de Francia, Reino Unido, Alemania e Italia \u2014Emmanuel Macron, Keir Starmer, Friedrich Merz y Giorgia Meloni\u2014 para coordinar una posici\u00f3n com\u00fan sobre la crisis en torno a Groenlandia.<\/p>\n<p>En un mensaje publicado en la red X, la dirigente europea afirm\u00f3 que, junto con estos socios, la Uni\u00f3n Europea se mantiene firme en su compromiso de defender la soberan\u00eda de Groenlandia y de Dinamarca. \u00abSiempre protegeremos nuestros intereses estrat\u00e9gicos econ\u00f3micos y de seguridad\u00bb, manifest\u00f3.<\/p>\n<p>Von der Leyen concluy\u00f3 que Bruselas afrontar\u00e1 los retos a la solidaridad europea \u00abcon firmeza y determinaci\u00f3n\u00bb, en un contexto de crecientes tensiones sobre el futuro de la isla \u00e1rtica y de las amenazas arancelarias del presidente estadounidense, Donald Trump, sobre las naciones europeas que respaldan a Groenlandia.<\/p>\n<\/div>\n","protected":false},"excerpt":{"rendered":"<p>La presidenta de la Comisi\u00f3n Europea, Ursula von der Leyen, anunci\u00f3 este domingo que habl\u00f3 con el secretario general de la OTAN, Mark Rutte, y con los l\u00edderes de Francia, Reino Unido, Alemania e Italia \u2014Emmanuel Macron, Keir Starmer, Friedrich Merz y Giorgia Meloni\u2014 para coordinar una posici\u00f3n com\u00fan sobre la crisis en torno a [&hellip;]<\/p>\n","protected":false},"author":1,"featured_media":182053,"comment_status":"closed","ping_status":"closed","sticky":false,"template":"","format":"standard","meta":[],"categories":[22],"tags":[],"_links":{"self":[{"href":"http:\/\/cordobainforma.info\/index.php\/wp-json\/wp\/v2\/posts\/182052"}],"collection":[{"href":"http:\/\/cordobainforma.info\/index.php\/wp-json\/wp\/v2\/posts"}],"about":[{"href":"http:\/\/cordobainforma.info\/index.php\/wp-json\/wp\/v2\/types\/post"}],"author":[{"embeddable":true,"href":"http:\/\/cordobainforma.info\/index.php\/wp-json\/wp\/v2\/users\/1"}],"replies":[{"embeddable":true,"href":"http:\/\/cordobainforma.info\/index.php\/wp-json\/wp\/v2\/comments?post=182052"}],"version-history":[{"count":0,"href":"http:\/\/cordobainforma.info\/index.php\/wp-json\/wp\/v2\/posts\/182052\/revisions"}],"wp:featuredmedia":[{"embeddable":true,"href":"http:\/\/cordobainforma.info\/index.php\/wp-json\/wp\/v2\/media\/182053"}],"wp:attachment":[{"href":"http:\/\/cordobainforma.info\/index.php\/wp-json\/wp\/v2\/media?parent=182052"}],"wp:term":[{"taxonomy":"category","embeddable":true,"href":"http:\/\/cordobainforma.info\/index.php\/wp-json\/wp\/v2\/categories?post=182052"},{"taxonomy":"post_tag","embeddable":true,"href":"http:\/\/cordobainforma.info\/index.php\/wp-json\/wp\/v2\/tags?post=182052"}],"curies":[{"name":"wp","href":"https:\/\/api.w.org\/{rel}","templated":true}]}}