{"id":182050,"date":"2026-01-18T21:24:31","date_gmt":"2026-01-18T21:24:31","guid":{"rendered":"http:\/\/cordobainforma.info\/index.php\/2026\/01\/18\/consejo-europeo-convoca-una-reunion-extraordinaria-ante-el-golpe-arancelario-de-trump\/"},"modified":"2026-01-18T21:24:31","modified_gmt":"2026-01-18T21:24:31","slug":"consejo-europeo-convoca-una-reunion-extraordinaria-ante-el-golpe-arancelario-de-trump","status":"publish","type":"post","link":"http:\/\/cordobainforma.info\/index.php\/2026\/01\/18\/consejo-europeo-convoca-una-reunion-extraordinaria-ante-el-golpe-arancelario-de-trump\/","title":{"rendered":"Consejo Europeo convoca una reuni\u00f3n extraordinaria ante el golpe arancelario de Trump"},"content":{"rendered":"<div><img src=\"http:\/\/cordobainforma.info\/wp-content\/uploads\/2026\/01\/consejo-europeo-convoca-una-reunion-extraordinaria-ante-el-golpe-arancelario-de-trump.jpg\" class=\"ff-og-image-inserted\"><\/div>\n<div class=\"Text-root Text-type_5 ArticleView-text ViewText-root \">\n<p>El presidente del Consejo Europeo, Ant\u00f3nio Costa, llev\u00f3 a cabo consultas con los Estados miembros sobre las \u00faltimas tensiones en torno a Groenlandia e&nbsp;<a href=\"https:\/\/x.com\/eucopresident\/status\/2012977620422402474\" target=\"_blank\" rel=\"noopener noreferrer\">inform\u00f3<\/a>&nbsp;sobre los resultados en X.<\/p>\n<p>Se\u00f1al\u00f3 que hay la posici\u00f3n un\u00e1nime de que los aranceles anunciados por Donald Trump \u00absocavar\u00edan las relaciones transatl\u00e1nticas y son incompatibles con el <a href=\"https:\/\/actualidad.rt.com\/actualidad\/582668-bloomberg-ue-detener-acuerdo-comercial-eeuu\" target=\"_blank\" rel=\"up noopener noreferrer\">acuerdo comercial<\/a> UE\u2013EE.UU.\u00bb. Adem\u00e1s, dijo que coincidieron en su disposici\u00f3n de <strong>defenderse ante cualquier forma de coerci\u00f3n<\/strong>, pero tambi\u00e9n a \u00abseguir colaborando de forma constructiva\u00bb con&nbsp;Washington&nbsp;\u00aben todas las cuestiones de inter\u00e9s com\u00fan\u00bb.<\/p>\n<p>Para reforzar la coordinaci\u00f3n, Costa ha decidido <strong>convocar a una reuni\u00f3n extraordinaria<\/strong> del Consejo Europeo en los pr\u00f3ximos d\u00edas.&nbsp;Medios <a href=\"https:\/\/www.leparisien.fr\/international\/groenland-un-sommet-des-dirigeants-europeens-dans-les-jours-qui-viennent-apres-les-menaces-de-donald-trump-18-01-2026-RYWV5ZLSTJFM5FVD7CPL42CR5I.php\" target=\"_blank\" rel=\"noopener noreferrer\">se\u00f1alan<\/a> el pr\u00f3ximo jueves como una posible fecha para este encuentro.<\/p>\n<\/div>\n","protected":false},"excerpt":{"rendered":"<p>El presidente del Consejo Europeo, Ant\u00f3nio Costa, llev\u00f3 a cabo consultas con los Estados miembros sobre las \u00faltimas tensiones en torno a Groenlandia e&nbsp;inform\u00f3&nbsp;sobre los resultados en X. Se\u00f1al\u00f3 que hay la posici\u00f3n un\u00e1nime de que los aranceles anunciados por Donald Trump \u00absocavar\u00edan las relaciones transatl\u00e1nticas y son incompatibles con el acuerdo comercial UE\u2013EE.UU.\u00bb. Adem\u00e1s, [&hellip;]<\/p>\n","protected":false},"author":1,"featured_media":182051,"comment_status":"closed","ping_status":"closed","sticky":false,"template":"","format":"standard","meta":[],"categories":[22],"tags":[],"_links":{"self":[{"href":"http:\/\/cordobainforma.info\/index.php\/wp-json\/wp\/v2\/posts\/182050"}],"collection":[{"href":"http:\/\/cordobainforma.info\/index.php\/wp-json\/wp\/v2\/posts"}],"about":[{"href":"http:\/\/cordobainforma.info\/index.php\/wp-json\/wp\/v2\/types\/post"}],"author":[{"embeddable":true,"href":"http:\/\/cordobainforma.info\/index.php\/wp-json\/wp\/v2\/users\/1"}],"replies":[{"embeddable":true,"href":"http:\/\/cordobainforma.info\/index.php\/wp-json\/wp\/v2\/comments?post=182050"}],"version-history":[{"count":0,"href":"http:\/\/cordobainforma.info\/index.php\/wp-json\/wp\/v2\/posts\/182050\/revisions"}],"wp:featuredmedia":[{"embeddable":true,"href":"http:\/\/cordobainforma.info\/index.php\/wp-json\/wp\/v2\/media\/182051"}],"wp:attachment":[{"href":"http:\/\/cordobainforma.info\/index.php\/wp-json\/wp\/v2\/media?parent=182050"}],"wp:term":[{"taxonomy":"category","embeddable":true,"href":"http:\/\/cordobainforma.info\/index.php\/wp-json\/wp\/v2\/categories?post=182050"},{"taxonomy":"post_tag","embeddable":true,"href":"http:\/\/cordobainforma.info\/index.php\/wp-json\/wp\/v2\/tags?post=182050"}],"curies":[{"name":"wp","href":"https:\/\/api.w.org\/{rel}","templated":true}]}}