{"id":182010,"date":"2026-01-18T16:41:55","date_gmt":"2026-01-18T16:41:55","guid":{"rendered":"http:\/\/cordobainforma.info\/index.php\/2026\/01\/18\/acuerdo-mercosur-union-europea-cordoba-ante-su-mayor-ventana-internacional\/"},"modified":"2026-01-18T16:41:55","modified_gmt":"2026-01-18T16:41:55","slug":"acuerdo-mercosur-union-europea-cordoba-ante-su-mayor-ventana-internacional","status":"publish","type":"post","link":"http:\/\/cordobainforma.info\/index.php\/2026\/01\/18\/acuerdo-mercosur-union-europea-cordoba-ante-su-mayor-ventana-internacional\/","title":{"rendered":"Acuerdo Mercosur-Uni\u00f3n Europea: <b>C\u00f3rdoba<\/b> ante su mayor ventana internacional"},"content":{"rendered":"<p>&#8230; <b>econ\u00f3mica<\/b>, institucional y simb\u00f3lica. La Uni\u00f3n Europea representa un &#8230; Este <b>nuevo<\/b> escenario interpela de manera directa al Gobierno de <b>C\u00f3rdoba<\/b>. <\/p>\n","protected":false},"excerpt":{"rendered":"<p>&#8230; econ\u00f3mica, institucional y simb\u00f3lica. La Uni\u00f3n Europea representa un &#8230; Este nuevo escenario interpela de manera directa al Gobierno de C\u00f3rdoba.<\/p>\n","protected":false},"author":1,"featured_media":0,"comment_status":"closed","ping_status":"closed","sticky":false,"template":"","format":"standard","meta":[],"categories":[23],"tags":[],"_links":{"self":[{"href":"http:\/\/cordobainforma.info\/index.php\/wp-json\/wp\/v2\/posts\/182010"}],"collection":[{"href":"http:\/\/cordobainforma.info\/index.php\/wp-json\/wp\/v2\/posts"}],"about":[{"href":"http:\/\/cordobainforma.info\/index.php\/wp-json\/wp\/v2\/types\/post"}],"author":[{"embeddable":true,"href":"http:\/\/cordobainforma.info\/index.php\/wp-json\/wp\/v2\/users\/1"}],"replies":[{"embeddable":true,"href":"http:\/\/cordobainforma.info\/index.php\/wp-json\/wp\/v2\/comments?post=182010"}],"version-history":[{"count":0,"href":"http:\/\/cordobainforma.info\/index.php\/wp-json\/wp\/v2\/posts\/182010\/revisions"}],"wp:attachment":[{"href":"http:\/\/cordobainforma.info\/index.php\/wp-json\/wp\/v2\/media?parent=182010"}],"wp:term":[{"taxonomy":"category","embeddable":true,"href":"http:\/\/cordobainforma.info\/index.php\/wp-json\/wp\/v2\/categories?post=182010"},{"taxonomy":"post_tag","embeddable":true,"href":"http:\/\/cordobainforma.info\/index.php\/wp-json\/wp\/v2\/tags?post=182010"}],"curies":[{"name":"wp","href":"https:\/\/api.w.org\/{rel}","templated":true}]}}