{"id":181972,"date":"2026-01-18T07:40:14","date_gmt":"2026-01-18T07:40:14","guid":{"rendered":"https:\/\/somoscordobeses.com\/2026\/01\/18\/jesus-maria-tuvo-otra-noche-con-entradas-agotadas\/"},"modified":"2026-01-18T07:40:14","modified_gmt":"2026-01-18T07:40:14","slug":"jesus-maria-tuvo-otra-noche-con-entradas-agotadas","status":"publish","type":"post","link":"http:\/\/cordobainforma.info\/index.php\/2026\/01\/18\/jesus-maria-tuvo-otra-noche-con-entradas-agotadas\/","title":{"rendered":"Jes\u00fas Mar\u00eda tuvo otra noche con entradas agotadas"},"content":{"rendered":"<div><img src=\"http:\/\/cordobainforma.info\/wp-content\/uploads\/2026\/01\/jesus-maria-tuvo-otra-noche-con-entradas-agotadas.jpg\" class=\"ff-og-image-inserted\"><\/div>\n<p>Jes\u00fas Mar\u00eda. Despu\u00e9s de un viernes hist\u00f3rico, donde el predio del Festival Nacional de Doma y Folklore de Jes\u00fas Mar\u00eda se vio colmado por una impresionante multitud, anoche la escena volvi\u00f3 a repetirse.<\/p>\n<p>La organizaci\u00f3n confirm\u00f3 que en la tarde del s\u00e1bado se agotaron todas las entradas f\u00edsicas y que solo quedaban algunos boletos disponibles a trav\u00e9s de la p\u00e1gina web.<\/p>\n<p>Sobre el escenario pasaroon figuras de peso como Jorge Rojas, Cazzu, Ahyre, Ulises Bueno y los Cantores del Alba, que volver\u00e1n a presentarse al amanecer, en una tradici\u00f3n que ya es marca registrada del segundo s\u00e1bado del evento.<\/p>\n<p>A diferencia de otras jornadas, no se prev\u00e9n lluvias. Si bien hay alertas por tormentas para la noche y la madrugada del domingo, desde el Servicio Meteorol\u00f3gico aclararon que las precipitaciones afectar\u00edan principalmente al sur de la provincia.<\/p>\n","protected":false},"excerpt":{"rendered":"<p>Jes\u00fas Mar\u00eda. Despu\u00e9s de un viernes hist\u00f3rico, donde el predio del Festival Nacional de Doma y Folklore de Jes\u00fas Mar\u00eda se vio colmado por una impresionante multitud, anoche la escena volvi\u00f3 a repetirse. La organizaci\u00f3n confirm\u00f3 que en la tarde del s\u00e1bado se agotaron todas las entradas f\u00edsicas y que solo quedaban algunos boletos disponibles [&hellip;]<\/p>\n","protected":false},"author":1,"featured_media":181973,"comment_status":"closed","ping_status":"closed","sticky":false,"template":"","format":"standard","meta":[],"categories":[2],"tags":[],"_links":{"self":[{"href":"http:\/\/cordobainforma.info\/index.php\/wp-json\/wp\/v2\/posts\/181972"}],"collection":[{"href":"http:\/\/cordobainforma.info\/index.php\/wp-json\/wp\/v2\/posts"}],"about":[{"href":"http:\/\/cordobainforma.info\/index.php\/wp-json\/wp\/v2\/types\/post"}],"author":[{"embeddable":true,"href":"http:\/\/cordobainforma.info\/index.php\/wp-json\/wp\/v2\/users\/1"}],"replies":[{"embeddable":true,"href":"http:\/\/cordobainforma.info\/index.php\/wp-json\/wp\/v2\/comments?post=181972"}],"version-history":[{"count":0,"href":"http:\/\/cordobainforma.info\/index.php\/wp-json\/wp\/v2\/posts\/181972\/revisions"}],"wp:featuredmedia":[{"embeddable":true,"href":"http:\/\/cordobainforma.info\/index.php\/wp-json\/wp\/v2\/media\/181973"}],"wp:attachment":[{"href":"http:\/\/cordobainforma.info\/index.php\/wp-json\/wp\/v2\/media?parent=181972"}],"wp:term":[{"taxonomy":"category","embeddable":true,"href":"http:\/\/cordobainforma.info\/index.php\/wp-json\/wp\/v2\/categories?post=181972"},{"taxonomy":"post_tag","embeddable":true,"href":"http:\/\/cordobainforma.info\/index.php\/wp-json\/wp\/v2\/tags?post=181972"}],"curies":[{"name":"wp","href":"https:\/\/api.w.org\/{rel}","templated":true}]}}