{"id":181946,"date":"2026-01-17T20:12:00","date_gmt":"2026-01-17T20:12:00","guid":{"rendered":"http:\/\/cordobainforma.info\/index.php\/2026\/01\/17\/misterio-en-un-hotel-de-retiro-que-revelo-la-autopsia-de-la-mujer-y-su-hijo-de-7-anos-fallecidos\/"},"modified":"2026-01-17T20:12:00","modified_gmt":"2026-01-17T20:12:00","slug":"misterio-en-un-hotel-de-retiro-que-revelo-la-autopsia-de-la-mujer-y-su-hijo-de-7-anos-fallecidos","status":"publish","type":"post","link":"http:\/\/cordobainforma.info\/index.php\/2026\/01\/17\/misterio-en-un-hotel-de-retiro-que-revelo-la-autopsia-de-la-mujer-y-su-hijo-de-7-anos-fallecidos\/","title":{"rendered":"Misterio en un hotel de Retiro: qu\u00e9 revel\u00f3 la autopsia de la mujer y su hijo de 7 a\u00f1os fallecidos"},"content":{"rendered":"<div class=\"media_block\"><\/div>\n<div><img src=\"http:\/\/cordobainforma.info\/wp-content\/uploads\/2026\/01\/misterio-en-un-hotel-de-retiro-que-revelo-la-autopsia-de-la-mujer-y-su-hijo-de-7-anos-fallecidos.jpg\" class=\"ff-og-image-inserted\"><\/div>\n<p>Una mujer de 41 a\u00f1os y su hijo de 7 <strong>fueron hallados <a target=\"_blank\" href=\"https:\/\/www.perfil.com\/noticias\/internacional\/iran-la-represion-deja-cientos-de-muertos-menores-de-30-anos.phtml\" rel=\"noopener noreferrer\">muertos<\/a> el viernes por la ma\u00f1ana en el ba\u00f1o de una habitaci\u00f3n de hotel del barrio porte\u00f1o de <a target=\"_blank\" href=\"https:\/\/www.perfil.com\/noticias\/policia\/choque-multiple-en-retiro-involucro-5-autos-y-un-colectivo-de-la-linea-17-tres-personas-fueron-hospitalizadas.phtml\" rel=\"noopener noreferrer\">Retiro<\/a><\/strong>. Este s\u00e1bado, los resultados preliminares de la autopsia arrojaron datos clave sobre la mec\u00e1nica de las muertes y reforzaron la hip\u00f3tesis de un <strong><a target=\"_blank\" href=\"https:\/\/www.perfil.com\/noticias\/policia\/dos-menores-de-edad-mataron-de-un-tiro-a-un-joven-en-un-robo-la-victima-no-habia-ofrecido-resistencia.phtml\" rel=\"noopener noreferrer\">homicidio<\/a> seguido de suicidio<\/strong>.<\/p>\n<p>Seg\u00fan el informe elaborado por el <strong>Cuerpo M\u00e9dico Forense<\/strong> en la Morgue Judicial, difundido por <em>Clar\u00edn<\/em>, el ni\u00f1o muri\u00f3 por <strong>asfixia por sumersi\u00f3n<\/strong> y tambi\u00e9n por un <strong>cuadro de hipoglucemia<\/strong>, mientras que su madre falleci\u00f3 por un <strong>mecanismo mixto<\/strong>: hipoglucemia, lesiones cortantes autoinfligidas y posterior ahogamiento.<\/p>\n<p>De acuerdo con los peritos, el menor presentaba signos claros de asfixia por inmersi\u00f3n y una data de muerte <strong>previa<\/strong> a la de su madre. Adem\u00e1s, se detectaron niveles compatibles con una hipoglucemia severa, lo que llev\u00f3 a los investigadores a analizar si se le habr\u00eda suministrado insulina antes de morir.<\/p>\n<div class=\"subscription\" readability=\"6.683257918552\">\n<p> Esto no les gusta a los autoritarios <\/p>\n<div class=\"subscription__container\" readability=\"6.1467391304348\">\n<div class=\"subscription__text-wrapper\" readability=\"31.20652173913\">\n<p> El ejercicio del periodismo profesional y cr\u00edtico es un pilar fundamental de la democracia. Por eso molesta a quienes creen ser los due\u00f1os de la verdad. <\/p>\n<\/p><\/div><\/div><\/div>\n<p class=\"destacadoNota\"><a target=\"_blank\" href=\"https:\/\/www.perfil.com\/noticias\/policia\/dos-menores-de-edad-mataron-de-un-tiro-a-un-joven-en-un-robo-la-victima-no-habia-ofrecido-resistencia.phtml\" rel=\"noopener noreferrer\">Motochorros de 16 y 17 a\u00f1os mataron a un joven en un robo: la v\u00edctima no hab\u00eda ofrecido resistencia<\/a><\/p>\n<p>En el caso de la mujer, la autopsia determin\u00f3 que ten\u00eda <strong>m\u00faltiples cortes<\/strong> en ambos antebrazos y en el cuello. Las lesiones fueron consideradas <strong>autoinfligidas<\/strong> por su ubicaci\u00f3n y direcci\u00f3n. A esto se sum\u00f3 un cuadro de hipoglucemia y la asfixia por inmersi\u00f3n en la ba\u00f1era.<\/p>\n<h2><strong>Qu\u00e9 se encontr\u00f3 en la habitaci\u00f3n<\/strong><\/h2>\n<p>En el interior de la habitaci\u00f3n, los investigadores hallaron <strong>dosis de insulina<\/strong>, jeringas y un bistur\u00ed. Allegados a la mujer indicaron que ella no era diab\u00e9tica, aunque s\u00ed lo eran personas de su entorno cercano, dato que ahora es analizado por la fiscal\u00eda.<\/p>\n<p>La escena no presentaba signos de violencia externa: la puerta no estaba forzada, la habitaci\u00f3n no estaba revuelta y no se detectaron indicios de la intervenci\u00f3n de terceros.<\/p>\n<h2><strong>El hallazgo y la investigaci\u00f3n judicial<\/strong><\/h2>\n<p>El hecho ocurri\u00f3 en un hotel ubicado sobre la calle Marcelo T. de Alvear al 1300. El gerente fue quien encontr\u00f3 los cuerpos el viernes por la ma\u00f1ana, cuando la mujer y el ni\u00f1o no realizaron el check out previsto.<\/p>\n<p class=\"destacadoNota\"><a target=\"_blank\" href=\"https:\/\/www.perfil.com\/noticias\/policia\/quien-era-el-joven-de-21-anos-asesinado-por-dos-menores-durante-un-robo-en-tucuman.phtml\" rel=\"noopener noreferrer\">Qui\u00e9n era el joven de 21 a\u00f1os asesinado por dos menores durante un robo en Tucum\u00e1n<\/a><\/p>\n<p>Ambos estaban dentro de la ba\u00f1era. La causa fue caratulada como <strong>\u201caveriguaci\u00f3n de <a target=\"_blank\" href=\"https:\/\/www.perfil.com\/noticias\/policia\/quien-era-el-joven-de-21-anos-asesinado-por-dos-menores-durante-un-robo-en-tucuman.phtml\" rel=\"noopener noreferrer\">causales de muerte<\/a>\u201d<\/strong> y qued\u00f3 a cargo de la fiscal <strong>Laura Belloqui<\/strong>, titular de la Fiscal\u00eda Criminal y Correccional N.\u00b059, quien aguarda nuevos peritajes toxicol\u00f3gicos para confirmar la presencia de insulina en ambos cuerpos.<\/p>\n<h2><strong>La b\u00fasqueda previa y el contexto personal<\/strong><\/h2>\n<p>Desde la tarde del jueves, familiares y allegados hab\u00edan difundido im\u00e1genes de la mujer y su hijo en redes sociales, solicitando informaci\u00f3n sobre su paradero. Ambos resid\u00edan en la localidad bonaerense de Gonz\u00e1lez Cat\u00e1n, partido de La Matanza.<\/p>\n<p>La mujer trabajaba como preceptora en un colegio de la zona y viv\u00eda con su pareja, padre del ni\u00f1o. Seg\u00fan personas cercanas, hab\u00eda solicitado un cr\u00e9dito recientemente para abrir un local comercial.<\/p>\n<p>En sus redes sociales, manten\u00eda publicaciones frecuentes junto a su hijo, a quien defin\u00eda como \u201cmi vida, mi todo\u201d. La investigaci\u00f3n contin\u00faa para determinar con precisi\u00f3n la secuencia de los hechos y confirmar si la mujer provoc\u00f3 la muerte del ni\u00f1o antes de quitarse la vida.<\/p>\n<p><em>DCQ<\/em><\/p>\n","protected":false},"excerpt":{"rendered":"<p>Una mujer de 41 a\u00f1os y su hijo de 7 fueron hallados muertos el viernes por la ma\u00f1ana en el ba\u00f1o de una habitaci\u00f3n de hotel del barrio porte\u00f1o de Retiro. Este s\u00e1bado, los resultados preliminares de la autopsia arrojaron datos clave sobre la mec\u00e1nica de las muertes y reforzaron la hip\u00f3tesis de un homicidio [&hellip;]<\/p>\n","protected":false},"author":1,"featured_media":181947,"comment_status":"closed","ping_status":"closed","sticky":false,"template":"","format":"standard","meta":[],"categories":[2],"tags":[],"_links":{"self":[{"href":"http:\/\/cordobainforma.info\/index.php\/wp-json\/wp\/v2\/posts\/181946"}],"collection":[{"href":"http:\/\/cordobainforma.info\/index.php\/wp-json\/wp\/v2\/posts"}],"about":[{"href":"http:\/\/cordobainforma.info\/index.php\/wp-json\/wp\/v2\/types\/post"}],"author":[{"embeddable":true,"href":"http:\/\/cordobainforma.info\/index.php\/wp-json\/wp\/v2\/users\/1"}],"replies":[{"embeddable":true,"href":"http:\/\/cordobainforma.info\/index.php\/wp-json\/wp\/v2\/comments?post=181946"}],"version-history":[{"count":0,"href":"http:\/\/cordobainforma.info\/index.php\/wp-json\/wp\/v2\/posts\/181946\/revisions"}],"wp:featuredmedia":[{"embeddable":true,"href":"http:\/\/cordobainforma.info\/index.php\/wp-json\/wp\/v2\/media\/181947"}],"wp:attachment":[{"href":"http:\/\/cordobainforma.info\/index.php\/wp-json\/wp\/v2\/media?parent=181946"}],"wp:term":[{"taxonomy":"category","embeddable":true,"href":"http:\/\/cordobainforma.info\/index.php\/wp-json\/wp\/v2\/categories?post=181946"},{"taxonomy":"post_tag","embeddable":true,"href":"http:\/\/cordobainforma.info\/index.php\/wp-json\/wp\/v2\/tags?post=181946"}],"curies":[{"name":"wp","href":"https:\/\/api.w.org\/{rel}","templated":true}]}}