{"id":181927,"date":"2026-01-17T17:01:00","date_gmt":"2026-01-17T17:01:00","guid":{"rendered":"http:\/\/cordobainforma.info\/index.php\/2026\/01\/17\/milei-canto-con-el-chaqueno-palavecino-y-le-agradecio-a-cordoba-por-ayudarlo-a-ser-presidente\/"},"modified":"2026-01-17T17:01:00","modified_gmt":"2026-01-17T17:01:00","slug":"milei-canto-con-el-chaqueno-palavecino-y-le-agradecio-a-cordoba-por-ayudarlo-a-ser-presidente","status":"publish","type":"post","link":"http:\/\/cordobainforma.info\/index.php\/2026\/01\/17\/milei-canto-con-el-chaqueno-palavecino-y-le-agradecio-a-cordoba-por-ayudarlo-a-ser-presidente\/","title":{"rendered":"Milei cant\u00f3 con el Chaque\u00f1o Palavecino y le agradeci\u00f3 a <b>C\u00f3rdoba<\/b> por &quot;ayudarlo a ser Presidente&quot;"},"content":{"rendered":"<p>&#8230; econ\u00f3mico celebrado en Suiza. El resto de la agenda y &#8230; El Gobierno anunci\u00f3 que participar\u00e1 de la <b>nueva<\/b> misi\u00f3n de la NASA para volver a la Luna. <\/p>\n","protected":false},"excerpt":{"rendered":"<p>&#8230; econ\u00f3mico celebrado en Suiza. El resto de la agenda y &#8230; El Gobierno anunci\u00f3 que participar\u00e1 de la nueva misi\u00f3n de la NASA para volver a la Luna.<\/p>\n","protected":false},"author":1,"featured_media":0,"comment_status":"closed","ping_status":"closed","sticky":false,"template":"","format":"standard","meta":[],"categories":[23],"tags":[],"_links":{"self":[{"href":"http:\/\/cordobainforma.info\/index.php\/wp-json\/wp\/v2\/posts\/181927"}],"collection":[{"href":"http:\/\/cordobainforma.info\/index.php\/wp-json\/wp\/v2\/posts"}],"about":[{"href":"http:\/\/cordobainforma.info\/index.php\/wp-json\/wp\/v2\/types\/post"}],"author":[{"embeddable":true,"href":"http:\/\/cordobainforma.info\/index.php\/wp-json\/wp\/v2\/users\/1"}],"replies":[{"embeddable":true,"href":"http:\/\/cordobainforma.info\/index.php\/wp-json\/wp\/v2\/comments?post=181927"}],"version-history":[{"count":0,"href":"http:\/\/cordobainforma.info\/index.php\/wp-json\/wp\/v2\/posts\/181927\/revisions"}],"wp:attachment":[{"href":"http:\/\/cordobainforma.info\/index.php\/wp-json\/wp\/v2\/media?parent=181927"}],"wp:term":[{"taxonomy":"category","embeddable":true,"href":"http:\/\/cordobainforma.info\/index.php\/wp-json\/wp\/v2\/categories?post=181927"},{"taxonomy":"post_tag","embeddable":true,"href":"http:\/\/cordobainforma.info\/index.php\/wp-json\/wp\/v2\/tags?post=181927"}],"curies":[{"name":"wp","href":"https:\/\/api.w.org\/{rel}","templated":true}]}}