{"id":181888,"date":"2026-01-17T17:23:04","date_gmt":"2026-01-17T17:23:04","guid":{"rendered":"https:\/\/www.clarin.com\/deportes\/vinicius-junior-mayor-apuntado-publico-real-madrid-bernabeu-caldera-silbaron-florentino-perez_0_SnChFxrI3x.html"},"modified":"2026-01-17T17:23:04","modified_gmt":"2026-01-17T17:23:04","slug":"vinicius-junior-el-mayor-apuntado-por-el-publico-del-real-madrid-en-un-bernabeu-que-fue-una-caldera-tambien-silbaron-a-florentino-perez","status":"publish","type":"post","link":"http:\/\/cordobainforma.info\/index.php\/2026\/01\/17\/vinicius-junior-el-mayor-apuntado-por-el-publico-del-real-madrid-en-un-bernabeu-que-fue-una-caldera-tambien-silbaron-a-florentino-perez\/","title":{"rendered":"Vin\u00edcius Junior, el mayor apuntado por el p\u00fablico del Real Madrid en un Bernab\u00e9u que fue una caldera: tambi\u00e9n silbaron a Florentino P\u00e9rez"},"content":{"rendered":"<p><img src=\"http:\/\/cordobainforma.info\/wp-content\/uploads\/2026\/01\/vinicius-junior-el-mayor-apuntado-por-el-publico-del-real-madrid-en-un-bernabeu-que-fue-una-caldera-tambien-silbaron-a-florentino-perez.jpg\"><\/p>\n<div><img src=\"http:\/\/cordobainforma.info\/wp-content\/uploads\/2026\/01\/vinicius-junior-el-mayor-apuntado-por-el-publico-del-real-madrid-en-un-bernabeu-que-fue-una-caldera-tambien-silbaron-a-florentino-perez-2.jpg\" class=\"ff-og-image-inserted\"><\/div>\n<div id=\"element-body-0\" readability=\"60.753176043557\">\n<p>Una<strong> sonora silbatina<\/strong> fue la m\u00fasica de fondo que se escuch\u00f3 antes, durante y despu\u00e9s del partido que <a href=\"https:\/\/www.clarin.com\/deportes\/real-madrid-silbado-bernabeu-logro-destrabar-partido-levante-penal-mbappe-consiguio-alivio_0_0wB81faYcV.html\" target=\"_blank\" title=\"Real Madrid le gan\u00f3 2 a 0 a Levante\" alt=\"Real Madrid le gan\u00f3 2 a 0 a Levante\" rel=\"noopener noreferrer\">Real Madrid le gan\u00f3 2 a 0 a Levante<\/a> por la 20\u00aa fecha de la Liga de Espa\u00f1a. Despu\u00e9s de una semana funesta, que incluy\u00f3 la derrota en la final de la Supercopa de Espa\u00f1a ante Barcelona y la eliminaci\u00f3n en los octavos de final de la Copa del Rey a manos de Albacete, result\u00f3 notoria la disconformidad de la mayor\u00eda de los asistentes al <strong>Santiago Bernab\u00e9u,<\/strong> quienes reprobaron a todos los jugadores, <strong>especialmente al brasile\u00f1o Vin\u00edcius Junior.<\/strong><\/p>\n<\/div>\n<div id=\"element-body-1\" readability=\"65\">\n<p>Cuando los futbolistas pisaron por primera vez al terreno de juego para hacer el calentamiento, se escucharon los primeros silbidos, que se multiplicaron durante el anuncio, a trav\u00e9s del sistema de megafon\u00eda, de la alineaci\u00f3n del conjunto que ahora dirige <strong>\u00c1lvaro Arbeloa<\/strong>. La rechifla m\u00e1s potente se la gan\u00f3 <strong>Vin\u00edcius Junior<\/strong>, quien tambi\u00e9n fue abucheado durante el encuentro con especial hincapi\u00e9. Otro que padeci\u00f3 especialmente la furia del p\u00fablico fue el ingl\u00e9s <strong>Jude Bellingham<\/strong>.<\/p>\n<\/div>\n<div id=\"element-body-2\" readability=\"66\">\n<p><strong>El trato hostil tambi\u00e9n alcanz\u00f3 al presidente Florentino P\u00e9rez,<\/strong> quien escuch\u00f3 gritos, insultos y pedidos de renuncia de una parte del p\u00fablico. Mejor parado sali\u00f3 Arbeloa, quien el lunes pasado se hizo cargo del equipo <strong>en reemplazo del destituido Xabi Alonso<\/strong>: al ser nombrado por los altavoces, recibi\u00f3 algunos aplausos, pocos silbidos y un mayoritario silencio, en principio respetuoso de un hombre que visti\u00f3 la camiseta del <em>Merengue <\/em>durante ocho temporadas y obtuvo ocho t\u00edtulos.<\/p>\n<\/div>\n<div id=\"element-body-3\" readability=\"64\">\n<p>En la conferencia de prensa posterior al duelo que el conjunto de la capital espa\u00f1ola gan\u00f3 con goles de Kylian Mbapp\u00e9 (de penal) y Ra\u00fal Asencio, el entrenador se mostr\u00f3 comprensivo de la reacci\u00f3n del p\u00fablico, pero <strong>respald\u00f3 a sus jugadores, especialmente a Vin\u00edcius Junior, y tambi\u00e9n a Florentino P\u00e9rez<\/strong>.<\/p>\n<\/div>\n<div id=\"element-body-4\" readability=\"25.252577319588\">\n<blockquote class=\"twitter-tweet\" readability=\"8.7835051546392\">\n<p lang=\"es\" dir=\"ltr\">\u00a1EL BERNAB\u00c9U EXPLOT\u00d3 EN SILBIDOS! \u26aa\ufe0f\ud83d\udca5<\/p>\n<p>Los hinchas del Real Madrid demostraron su disconformidad con el equipo al t\u00e9rmino del primer tiempo.<\/p>\n<p>\ud83d\udc49\ud83c\udffc Por ahora, empata ante Levante.<a href=\"https:\/\/twitter.com\/hashtag\/LaLigaEnDSPORTS?src=hash&amp;ref_src=twsrc%5Etfw\">#LaLigaEnDSPORTS<\/a><a href=\"https:\/\/twitter.com\/hashtag\/RealMadridLevanteUD?src=hash&amp;ref_src=twsrc%5Etfw\">#RealMadridLevanteUD<\/a> <a href=\"https:\/\/t.co\/BwijcqrJ0k\">pic.twitter.com\/BwijcqrJ0k<\/a><\/p>\n<p>\u2014 DSPORTS (@DSports) <a href=\"https:\/\/twitter.com\/DSports\/status\/2012524460251726177?ref_src=twsrc%5Etfw\">January 17, 2026<\/a><\/p><\/blockquote><\/div>\n<div id=\"element-body-5\" readability=\"63\">\n<p><em>\u201cSiempre he sido una persona que ha respetado mucho, y lo seguir\u00e1 haciendo, al Bernab\u00e9u. A m\u00ed tambi\u00e9n me han silbado mucho y a este club lo hace grande la exigencia de nuestro p\u00fablico. <\/em><strong><em>Sabemos de d\u00f3nde venimos y lo que nos pide el Bernab\u00e9u.<\/em><\/strong><em> Esa exigencia la debemos tomar a bien porque saben que podemos dar mucho m\u00e1s y no hay nada que reprochar a la afici\u00f3n\u201d<\/em>, asegur\u00f3 el DT.<\/p>\n<\/div>\n<div id=\"element-body-6\" readability=\"66\">\n<p>Al ser consultado por el rendimiento de Vin\u00edcius Junior y la animadversi\u00f3n del p\u00fablico hacia \u00e9l, Arbeloa hizo una defensa cerrada del brasile\u00f1o, a quien calific\u00f3 como <em>\u00abel jugador m\u00e1s desequilibrante del mundo\u00bb<\/em>.<em> \u00ab\u00c9l refleja lo que es el Real Madrid: <\/em><strong><em>no tiene miedo, siempre la pide, defiende el escudo a capa y espada, y lo ha hecho desde que lleg\u00f3 siendo un ni\u00f1o<\/em><\/strong><em>. Estoy orgullos\u00edsimo de ser su entrenador y nos va a dar muchos t\u00edtulos como ya ha hecho\u00bb<\/em>, afirm\u00f3.<\/p>\n<\/div>\n<div id=\"element-body-7\" readability=\"64\">\n<p><em>\u201cNo creo que lo piten de forma mayoritaria todos los partidos. Respeto much\u00edsimo al p\u00fablico del Bernab\u00e9u, es un de las razones por las que este club es tan grande. (Los hinchas) <\/em><strong><em>Quieren ver la mejor versi\u00f3n de Vini, la que se vio hace una semana ante el Barcelona<\/em><\/strong><em>. Que no se le olvide a nadie que nos ha dado varias Champions. Hay que trabajar para buscarlo y que siga desequilibrando, para que vuelva la versi\u00f3n que puede dar y haga felices a nuestros aficionados. Es uno de los nuestros y lo va a ser mucho tiempo\u201d<\/em>, sentenci\u00f3 el t\u00e9cnico.<\/p>\n<\/div>\n<div id=\"element-body-9\" readability=\"63\">\n<p>Arbeloa tambi\u00e9n fue consultado por los gritos y silbidos de algunos aficionados contra <strong>Florentino P\u00e9rez<\/strong>. <em>\u201cS\u00e9 de d\u00f3nde vienen los pitos, s\u00e9 de d\u00f3nde vienen las campa\u00f1as. <\/em><strong><em>Los pitos no son de gente que no quiere a Florentino, son de gente que no quiere al Real Madrid.<\/em><\/strong><em> No me van a enga\u00f1ar. S\u00e9 de d\u00f3nde viene todo esto\u201d<\/em>, contest\u00f3.<\/p>\n<\/div>\n<div id=\"element-body-10\" readability=\"66\">\n<p>\u201cPara m\u00ed, es una suerte tener a un presidente que es el m\u00e1s importante, junto con Santiago Bernab\u00e9u, en la historia de este club: siete Copas de Europa, m\u00e1s de 60 t\u00edtulos entre f\u00fatbol y baloncesto. Todos los madridistas somos conscientes de la suerte de tener a Florentino de presidente, de lo que ha hecho en el club y de d\u00f3nde vienen los pitos y por qu\u00e9 vienen\u201d, a\u00f1adi\u00f3.<\/p>\n<\/div>\n","protected":false},"excerpt":{"rendered":"<p>Una sonora silbatina fue la m\u00fasica de fondo que se escuch\u00f3 antes, durante y despu\u00e9s del partido que Real Madrid le gan\u00f3 2 a 0 a Levante por la 20\u00aa fecha de la Liga de Espa\u00f1a. Despu\u00e9s de una semana funesta, que incluy\u00f3 la derrota en la final de la Supercopa de Espa\u00f1a ante Barcelona [&hellip;]<\/p>\n","protected":false},"author":1,"featured_media":181889,"comment_status":"closed","ping_status":"closed","sticky":false,"template":"","format":"standard","meta":[],"categories":[20],"tags":[],"_links":{"self":[{"href":"http:\/\/cordobainforma.info\/index.php\/wp-json\/wp\/v2\/posts\/181888"}],"collection":[{"href":"http:\/\/cordobainforma.info\/index.php\/wp-json\/wp\/v2\/posts"}],"about":[{"href":"http:\/\/cordobainforma.info\/index.php\/wp-json\/wp\/v2\/types\/post"}],"author":[{"embeddable":true,"href":"http:\/\/cordobainforma.info\/index.php\/wp-json\/wp\/v2\/users\/1"}],"replies":[{"embeddable":true,"href":"http:\/\/cordobainforma.info\/index.php\/wp-json\/wp\/v2\/comments?post=181888"}],"version-history":[{"count":0,"href":"http:\/\/cordobainforma.info\/index.php\/wp-json\/wp\/v2\/posts\/181888\/revisions"}],"wp:featuredmedia":[{"embeddable":true,"href":"http:\/\/cordobainforma.info\/index.php\/wp-json\/wp\/v2\/media\/181889"}],"wp:attachment":[{"href":"http:\/\/cordobainforma.info\/index.php\/wp-json\/wp\/v2\/media?parent=181888"}],"wp:term":[{"taxonomy":"category","embeddable":true,"href":"http:\/\/cordobainforma.info\/index.php\/wp-json\/wp\/v2\/categories?post=181888"},{"taxonomy":"post_tag","embeddable":true,"href":"http:\/\/cordobainforma.info\/index.php\/wp-json\/wp\/v2\/tags?post=181888"}],"curies":[{"name":"wp","href":"https:\/\/api.w.org\/{rel}","templated":true}]}}