{"id":181882,"date":"2026-01-16T20:23:33","date_gmt":"2026-01-16T20:23:33","guid":{"rendered":"https:\/\/somoscordobeses.com\/2026\/01\/16\/julio-bitelli-europa-y-america-latina-estan-quedando-rezagadas-en-esta-reconfiguracion-del-mundo\/"},"modified":"2026-01-16T20:23:33","modified_gmt":"2026-01-16T20:23:33","slug":"julio-bitelli-europa-y-america-latina-estan-quedando-rezagadas-en-esta-reconfiguracion-del-mundo","status":"publish","type":"post","link":"http:\/\/cordobainforma.info\/index.php\/2026\/01\/16\/julio-bitelli-europa-y-america-latina-estan-quedando-rezagadas-en-esta-reconfiguracion-del-mundo\/","title":{"rendered":"Julio Bitelli: Europa y Am\u00e9rica Latina est\u00e1n quedando rezagadas en esta reconfiguraci\u00f3n del mundo"},"content":{"rendered":"<div><img src=\"http:\/\/cordobainforma.info\/wp-content\/uploads\/2026\/01\/julio-bitelli-europa-y-america-latina-estan-quedando-rezagadas-en-esta-reconfiguracion-del-mundo.jpg\" class=\"ff-og-image-inserted\"><\/div>\n<p>La relaci\u00f3n entre Brasil y Estados Unidos atraviesa un momento de tensi\u00f3n marcado por la aplicaci\u00f3n de aranceles y el debate sobre los l\u00edmites de la injerencia externa. En una nueva edici\u00f3n de Efecto Mariposa, el diplom\u00e1tico brasile\u00f1o, <strong>Julio Bitelli<\/strong>, defini\u00f3 cu\u00e1les son las l\u00edneas rojas del gobierno de Brasil frente a cualquier negociaci\u00f3n internacional.<\/p>\n<p>\u201cLo que no se puede negociar <strong>es la independencia de los poderes en Brasil<\/strong>\u201d, afirm\u00f3 Julio Bitelli, y agreg\u00f3 que la situaci\u00f3n actual dej\u00f3 en evidencia \u201cla <strong>utilizaci\u00f3n pol\u00edtica<\/strong> pura y llana de los aranceles\u201d. Seg\u00fan explic\u00f3, el trasfondo del conflicto excede lo estrictamente comercial y se vincula con intentos de presi\u00f3n sobre el sistema institucional brasile\u00f1o.<\/p>\n<h2><strong>La relaci\u00f3n de Brasil con Estados Unidos<\/strong><\/h2>\n<p>Asimismo, remarc\u00f3 que la voluntad de di\u00e1logo por parte de Brasil siempre estuvo presente. \u201cDesde hace mucho tiempo las autoridades brasile\u00f1as, empezando por el presidente, el canciller y todos, si Estados Unidos quiere negociar, quiere discutir temas comerciales, <strong>nosotros estamos preparados para hacerlo cuando quieran y donde quieran<\/strong>\u201d, sostuvo.<\/p>\n<p>Sin embargo, Bitelli volvi\u00f3 a marcar un l\u00edmite infranqueable: \u201cLo que no se puede negociar <strong>es la independencia de los poderes en Brasil<\/strong> y la interferencia de un pa\u00eds extranjero en la justicia brasile\u00f1a\u201d. Sobre la misma l\u00ednea, reforz\u00f3 esa posici\u00f3n con una definici\u00f3n pol\u00edtica clara: \u201cEso, como dijo el presidente, <strong>no es negociable<\/strong>\u201d.<\/p>\n<p>\u201cEuropa y Am\u00e9rica Latina <strong>est\u00e1n quedando rezagadas<\/strong> en esta reconfiguraci\u00f3n del mundo\u201d, se\u00f1al\u00f3, y explic\u00f3 que la din\u00e1mica econ\u00f3mica internacional est\u00e1 cambiando aceleradamente. \u201cCada vez m\u00e1s la gente mira a Asia, <strong>como el futuro en t\u00e9rminos econ\u00f3micos y comerciales<\/strong>\u201d, afirm\u00f3.<\/p>\n<p>En este contexto de cambios estructurales, el diplom\u00e1tico puso el foco en la relaci\u00f3n entre Europa y Am\u00e9rica Latina como una oportunidad estrat\u00e9gica que va m\u00e1s all\u00e1 del comercio tradicional. Seg\u00fan explic\u00f3, existen bases hist\u00f3ricas y culturales que pueden transformarse en una alianza de mayor profundidad. \u201cA partir de afinidades conocidas por todos, culturales, hist\u00f3ricas, familiares, entre esas dos regiones, plasmar eso en un tratado que <strong>tiene implicaciones comerciales importantes de transferencias de tecnolog\u00eda y de acceso a mercados<\/strong>\u201d, sostuvo.<\/p>\n<h2><strong>El crecimiento de Asia en la consideraci\u00f3n del mundo<\/strong><\/h2>\n<p>No obstante, subray\u00f3 que el valor principal de este acercamiento no es solo econ\u00f3mico. \u201cLa dimensi\u00f3n estrat\u00e9gica a lo mejor creo que <strong>es lo que m\u00e1s ha crecido en los \u00faltimos a\u00f1os<\/strong>\u201d, afirm\u00f3, en referencia a la necesidad de construir bloques capaces de competir en un mundo cada vez m\u00e1s dominado por Asia.<\/p>\n","protected":false},"excerpt":{"rendered":"<p>La relaci\u00f3n entre Brasil y Estados Unidos atraviesa un momento de tensi\u00f3n marcado por la aplicaci\u00f3n de aranceles y el debate sobre los l\u00edmites de la injerencia externa. En una nueva edici\u00f3n de Efecto Mariposa, el diplom\u00e1tico brasile\u00f1o, Julio Bitelli, defini\u00f3 cu\u00e1les son las l\u00edneas rojas del gobierno de Brasil frente a cualquier negociaci\u00f3n internacional. [&hellip;]<\/p>\n","protected":false},"author":1,"featured_media":181883,"comment_status":"closed","ping_status":"closed","sticky":false,"template":"","format":"standard","meta":[],"categories":[2],"tags":[],"_links":{"self":[{"href":"http:\/\/cordobainforma.info\/index.php\/wp-json\/wp\/v2\/posts\/181882"}],"collection":[{"href":"http:\/\/cordobainforma.info\/index.php\/wp-json\/wp\/v2\/posts"}],"about":[{"href":"http:\/\/cordobainforma.info\/index.php\/wp-json\/wp\/v2\/types\/post"}],"author":[{"embeddable":true,"href":"http:\/\/cordobainforma.info\/index.php\/wp-json\/wp\/v2\/users\/1"}],"replies":[{"embeddable":true,"href":"http:\/\/cordobainforma.info\/index.php\/wp-json\/wp\/v2\/comments?post=181882"}],"version-history":[{"count":0,"href":"http:\/\/cordobainforma.info\/index.php\/wp-json\/wp\/v2\/posts\/181882\/revisions"}],"wp:featuredmedia":[{"embeddable":true,"href":"http:\/\/cordobainforma.info\/index.php\/wp-json\/wp\/v2\/media\/181883"}],"wp:attachment":[{"href":"http:\/\/cordobainforma.info\/index.php\/wp-json\/wp\/v2\/media?parent=181882"}],"wp:term":[{"taxonomy":"category","embeddable":true,"href":"http:\/\/cordobainforma.info\/index.php\/wp-json\/wp\/v2\/categories?post=181882"},{"taxonomy":"post_tag","embeddable":true,"href":"http:\/\/cordobainforma.info\/index.php\/wp-json\/wp\/v2\/tags?post=181882"}],"curies":[{"name":"wp","href":"https:\/\/api.w.org\/{rel}","templated":true}]}}