{"id":181880,"date":"2026-01-16T20:46:36","date_gmt":"2026-01-16T20:46:36","guid":{"rendered":"https:\/\/somoscordobeses.com\/2026\/01\/16\/pep-guardiola-y-sergio-busquets-compran-un-28-de-la-socimi-de-viviendas-de-alquiler-seguro\/"},"modified":"2026-01-16T20:46:36","modified_gmt":"2026-01-16T20:46:36","slug":"pep-guardiola-y-sergio-busquets-compran-un-28-de-la-socimi-de-viviendas-de-alquiler-seguro","status":"publish","type":"post","link":"http:\/\/cordobainforma.info\/index.php\/2026\/01\/16\/pep-guardiola-y-sergio-busquets-compran-un-28-de-la-socimi-de-viviendas-de-alquiler-seguro\/","title":{"rendered":"Pep Guardiola y Sergio Busquets compran un 28% de la socimi de viviendas de Alquiler Seguro"},"content":{"rendered":"<div><img src=\"http:\/\/cordobainforma.info\/wp-content\/uploads\/2026\/01\/pep-guardiola-y-sergio-busquets-compran-un-28-de-la-socimi-de-viviendas-de-alquiler-seguro.jpg\" class=\"ff-og-image-inserted\"><\/div>\n<p>Los exfutbolistas del F\u00fatbol Club Barcelona <strong>Pep Guardiola<\/strong> y <strong>Sergio Busquets<\/strong><strong> <\/strong>han entrado en el accionariado de <strong>Alquiler Seguro Asset Market<\/strong>, la <strong>socimi de Alquiler Seguro<\/strong> enfocada a la gesti\u00f3n de viviendas de alquiler asequible.<\/p>\n<p>Seg\u00fan los registros de BME Scaleup, el mercado de BME destinado a empresas en crecimiento, el actual entrenador del Manchester City ha llevado a cabo esta inversi\u00f3n a trav\u00e9s de su sociedad <strong>08022003 Limited<\/strong>, mientras que Busquets lo ha hecho a trav\u00e9s de<strong> Buga Seler<\/strong>, empresa de la que es administrador \u00fanico.<\/p>\n<p><strong>Cada uno ha adquirido una participaci\u00f3n del 14,21%, un porcentaje que tiene un precio actual de mercado de casi un mill\u00f3n de euros<\/strong>, dado que la empresa tiene un valor en bolsa actual de 6,9 millones de euros.<\/p>\n<p>Los dos exfutbolistas se convirtieron en nuevos socios de la socimi a trav\u00e9s de <strong>una ampliaci\u00f3n de capital de 5 millones de euros aprobada en mayo de 2025<\/strong> pero que se elev\u00f3 a p\u00fablico ante notario el pasado 31 de diciembre.<\/p>\n<p>Adem\u00e1s de Guardiola y Busquets, la sociedad Ventu Europe tambi\u00e9n se ha incorporado como accionista al aflorar otra participaci\u00f3n del 17%, mientras que el 52,63% permanece en manos de Alquiler Seguro a trav\u00e9s de su presidente, Antonio Carroza y la sociedad Aurica Growth.<\/p>\n","protected":false},"excerpt":{"rendered":"<p>Los exfutbolistas del F\u00fatbol Club Barcelona Pep Guardiola y Sergio Busquets han entrado en el accionariado de Alquiler Seguro Asset Market, la socimi de Alquiler Seguro enfocada a la gesti\u00f3n de viviendas de alquiler asequible. Seg\u00fan los registros de BME Scaleup, el mercado de BME destinado a empresas en crecimiento, el actual entrenador del Manchester [&hellip;]<\/p>\n","protected":false},"author":1,"featured_media":181881,"comment_status":"closed","ping_status":"closed","sticky":false,"template":"","format":"standard","meta":[],"categories":[2],"tags":[],"_links":{"self":[{"href":"http:\/\/cordobainforma.info\/index.php\/wp-json\/wp\/v2\/posts\/181880"}],"collection":[{"href":"http:\/\/cordobainforma.info\/index.php\/wp-json\/wp\/v2\/posts"}],"about":[{"href":"http:\/\/cordobainforma.info\/index.php\/wp-json\/wp\/v2\/types\/post"}],"author":[{"embeddable":true,"href":"http:\/\/cordobainforma.info\/index.php\/wp-json\/wp\/v2\/users\/1"}],"replies":[{"embeddable":true,"href":"http:\/\/cordobainforma.info\/index.php\/wp-json\/wp\/v2\/comments?post=181880"}],"version-history":[{"count":0,"href":"http:\/\/cordobainforma.info\/index.php\/wp-json\/wp\/v2\/posts\/181880\/revisions"}],"wp:featuredmedia":[{"embeddable":true,"href":"http:\/\/cordobainforma.info\/index.php\/wp-json\/wp\/v2\/media\/181881"}],"wp:attachment":[{"href":"http:\/\/cordobainforma.info\/index.php\/wp-json\/wp\/v2\/media?parent=181880"}],"wp:term":[{"taxonomy":"category","embeddable":true,"href":"http:\/\/cordobainforma.info\/index.php\/wp-json\/wp\/v2\/categories?post=181880"},{"taxonomy":"post_tag","embeddable":true,"href":"http:\/\/cordobainforma.info\/index.php\/wp-json\/wp\/v2\/tags?post=181880"}],"curies":[{"name":"wp","href":"https:\/\/api.w.org\/{rel}","templated":true}]}}