{"id":181851,"date":"2026-01-16T21:09:42","date_gmt":"2026-01-16T21:09:42","guid":{"rendered":"https:\/\/www.modapunta.com\/noticia\/10121\/moda\/adolfo-dominguez-reporta-un-aumento-del-25-en-ventas-impulsadas-por-el-mercado-internacional.html"},"modified":"2026-01-16T21:09:42","modified_gmt":"2026-01-16T21:09:42","slug":"adolfo-dominguez-reporta-un-aumento-del-25-en-ventas-impulsadas-por-el-mercado-internacional","status":"publish","type":"post","link":"http:\/\/cordobainforma.info\/index.php\/2026\/01\/16\/adolfo-dominguez-reporta-un-aumento-del-25-en-ventas-impulsadas-por-el-mercado-internacional\/","title":{"rendered":"Adolfo Dom\u00ednguez reporta un aumento del 2,5% en ventas impulsadas por el mercado internacional"},"content":{"rendered":"<div class=\"media_block\"><\/div>\n<div><img src=\"http:\/\/cordobainforma.info\/wp-content\/uploads\/2026\/01\/adolfo-dominguez-reporta-un-aumento-del-25-en-ventas-impulsadas-por-el-mercado-internacional.jpg\" class=\"ff-og-image-inserted\"><\/div>\n<p><strong>Adolfo Dom\u00ednguez incrementa sus ventas un 2,5%<\/strong> durante los primeros nueve meses del ejercicio 2025\/26, alcanzando un total de <strong>93,3 millones de euros<\/strong>. La firma de moda de autor ha mostrado un notable crecimiento en su proyecci\u00f3n internacional, con el <strong>43,9%<\/strong> de sus ventas realizadas fuera de Espa\u00f1a. Este reposicionamiento se ha intensificado en la \u00faltima d\u00e9cada.<\/p>\n<p>Los resultados obtenidos en este periodo representan la mejor cifra de ventas para la compa\u00f1\u00eda en los \u00faltimos doce a\u00f1os. Actualmente, Adolfo Dom\u00ednguez cuenta con <strong>372 puntos de venta<\/strong> distribuidos en <strong>53 pa\u00edses<\/strong>, destac\u00e1ndose especialmente el crecimiento en Oriente Pr\u00f3ximo, que ha registrado un aumento del <strong>89%<\/strong>, y Latinoam\u00e9rica, con un incremento del <strong>13,5%<\/strong>.<\/p>\n<h2>Crecimiento por regiones<\/h2>\n<p>En mercados como Chile, Colombia, Uruguay y Paraguay, la facturaci\u00f3n ha superado el <strong>26%<\/strong>, gracias a una s\u00f3lida conexi\u00f3n con el mercado local y una cuidadosa selecci\u00f3n de socios comerciales. En M\u00e9xico, su principal mercado en Am\u00e9rica con <strong>142 puntos de venta<\/strong>, el crecimiento se sit\u00faa en un <strong>6,1%<\/strong>.<\/p>\n<p>En Europa, las cifras tambi\u00e9n son positivas: Francia ha experimentado un aumento del <strong>21,7%<\/strong>, Portugal del <strong>6,7%<\/strong>, y Reino Unido del <strong>4,8%<\/strong>. Las ventas online han crecido un <strong>8,5%<\/strong>% en comparaci\u00f3n con el mismo periodo del a\u00f1o anterior.<\/p>\n<h2>M\u00e1rgenes y rentabilidad<\/h2>\n<p>El s\u00f3lido desempe\u00f1o en el mercado exterior y una consolidaci\u00f3n m\u00e1s rentable dentro del mercado espa\u00f1ol\u2014que representa el <strong>56,1%<\/strong>% de los ingresos\u2014han permitido mejorar el margen de las ventas en un <strong>6,4%<\/strong>%; esta es la cifra m\u00e1s alta registrada en doce a\u00f1os. Este aumento ha elevado el resultado de explotaci\u00f3n (Ebit) a niveles no vistos en diecis\u00e9is a\u00f1os y ha situado el resultado neto en negativo a <em>-1,3 millones<\/em>, aunque sigue siendo el mejor desempe\u00f1o desde 2013.<\/p>\n<p><em>\u00abHemos trabajado arduamente para maximizar nuestras ventas y optimizar nuestra red comercial\u00bb,<\/em> afirma Rub\u00e9n Mart\u00edn, director corporativo financiero de Adolfo Dom\u00ednguez. Destaca que han logrado una notable mejora en m\u00e1rgenes y rentabilidad dentro del mercado espa\u00f1ol a pesar de la tendencia general negativa del sector.<\/p>\n<h2>Cifras del \u00faltimo ejercicio completo<\/h2>\n<p>La facturaci\u00f3n total del \u00faltimo ejercicio completo alcanz\u00f3 los <strong>136,5 millones de euros<\/strong>, con un significativo <strong>41%<\/strong>% proveniente de ventas internacionales.<\/p>\n<h2>La noticia en cifras<\/h2>\n<div class=\"cifras\">\n<table>\n<thead>\n<tr>\n<th>Descripci\u00f3n<\/th>\n<th>Cifra<\/th>\n<\/tr>\n<\/thead>\n<tbody readability=\"9\">\n<tr readability=\"2\">\n<td>Incremento de ventas globales (2025\/26)<\/td>\n<td>2.5%<\/td>\n<\/tr>\n<tr readability=\"2\">\n<td>Total de ventas (marzo-noviembre 2025)<\/td>\n<td>93.3 millones de euros<\/td>\n<\/tr>\n<tr readability=\"2\">\n<td>Porcentaje de ventas fuera de Espa\u00f1a<\/td>\n<td>43.9%<\/td>\n<\/tr>\n<tr readability=\"2\">\n<td>Aumento de ventas en Oriente Pr\u00f3ximo<\/td>\n<td>89%<\/td>\n<\/tr>\n<tr readability=\"2\">\n<td>Aumento de ventas en Latinoam\u00e9rica<\/td>\n<td>13.5%<\/td>\n<\/tr>\n<tr readability=\"4\">\n<td>Aumento de facturaci\u00f3n en Chile, Colombia, Uruguay o Paraguay<\/td>\n<td>26%<\/td>\n<\/tr>\n<tr>\n<td>Crecimiento en M\u00e9xico<\/td>\n<td>6.1%<\/td>\n<\/tr>\n<tr>\n<td>Crecimiento en Francia<\/td>\n<td>21.7%<\/td>\n<\/tr>\n<tr>\n<td>Crecimiento en Portugal<\/td>\n<td>6.7%<\/td>\n<\/tr>\n<tr readability=\"2\">\n<td>Crecimiento en Reino Unido<\/td>\n<td>4.8%<\/td>\n<\/tr>\n<tr readability=\"2\">\n<td>Aumento del margen de ventas<\/td>\n<td>6.4%<\/td>\n<\/tr>\n<tr>\n<td>Resultado neto<\/td>\n<td>-1.3 millones<\/td>\n<\/tr>\n<\/tbody>\n<\/table>\n<\/div>\n<h2>Preguntas sobre la noticia<\/h2>\n<div class=\"faq\" readability=\"34\">\n<h3>\u00bfCu\u00e1l fue el incremento de las ventas de Adolfo Dom\u00ednguez en los primeros nueve meses del ejercicio 2025\/26?<\/h3>\n<p>Adolfo Dom\u00ednguez increment\u00f3 sus ventas globales un 2,5% durante los primeros nueve meses del ejercicio 2025\/26, alcanzando un total de 93,3 millones de euros.<\/p>\n<h3>\u00bfQu\u00e9 porcentaje de las ventas de Adolfo Dom\u00ednguez se realiza fuera de Espa\u00f1a?<\/h3>\n<p>El 43,9% de las ventas de Adolfo Dom\u00ednguez se realizan fuera de Espa\u00f1a.<\/p>\n<h3>\u00bfEn qu\u00e9 regiones se han registrado los mayores incrementos de ventas?<\/h3>\n<p>Se han registrado incrementos significativos en Oriente Pr\u00f3ximo (+89%) y Latinoam\u00e9rica (+13,5%), con pa\u00edses como Chile, Colombia, Uruguay y Paraguay mostrando alzas superiores al 26%.<\/p>\n<h3>\u00bfC\u00f3mo ha evolucionado la facturaci\u00f3n online?<\/h3>\n<p>Las ventas online presentaron un avance del 8,5% en comparaci\u00f3n con el mismo per\u00edodo del ejercicio anterior.<\/p>\n<h3>\u00bfCu\u00e1l es el resultado neto reportado por Adolfo Dom\u00ednguez?<\/h3>\n<p>El resultado neto se sit\u00faa en 1,3 millones en negativo, aunque es el mejor resultado desde el ejercicio 2013.<\/p>\n<h3>\u00bfQu\u00e9 destaca Rub\u00e9n Mart\u00edn sobre la situaci\u00f3n financiera de la empresa?<\/h3>\n<p>Rub\u00e9n Mart\u00edn destaca la mejora del margen, el resultado de explotaci\u00f3n y una mayor rentabilidad de la red comercial en Espa\u00f1a a pesar de la tendencia bajista del sector.<\/p>\n<\/div>\n","protected":false},"excerpt":{"rendered":"<p>Adolfo Dom\u00ednguez incrementa sus ventas un 2,5% durante los primeros nueve meses del ejercicio 2025\/26, alcanzando un total de 93,3 millones de euros. La firma de moda de autor ha mostrado un notable crecimiento en su proyecci\u00f3n internacional, con el 43,9% de sus ventas realizadas fuera de Espa\u00f1a. Este reposicionamiento se ha intensificado en la [&hellip;]<\/p>\n","protected":false},"author":1,"featured_media":181852,"comment_status":"open","ping_status":"closed","sticky":false,"template":"","format":"standard","meta":[],"categories":[22,24],"tags":[],"_links":{"self":[{"href":"http:\/\/cordobainforma.info\/index.php\/wp-json\/wp\/v2\/posts\/181851"}],"collection":[{"href":"http:\/\/cordobainforma.info\/index.php\/wp-json\/wp\/v2\/posts"}],"about":[{"href":"http:\/\/cordobainforma.info\/index.php\/wp-json\/wp\/v2\/types\/post"}],"author":[{"embeddable":true,"href":"http:\/\/cordobainforma.info\/index.php\/wp-json\/wp\/v2\/users\/1"}],"replies":[{"embeddable":true,"href":"http:\/\/cordobainforma.info\/index.php\/wp-json\/wp\/v2\/comments?post=181851"}],"version-history":[{"count":0,"href":"http:\/\/cordobainforma.info\/index.php\/wp-json\/wp\/v2\/posts\/181851\/revisions"}],"wp:featuredmedia":[{"embeddable":true,"href":"http:\/\/cordobainforma.info\/index.php\/wp-json\/wp\/v2\/media\/181852"}],"wp:attachment":[{"href":"http:\/\/cordobainforma.info\/index.php\/wp-json\/wp\/v2\/media?parent=181851"}],"wp:term":[{"taxonomy":"category","embeddable":true,"href":"http:\/\/cordobainforma.info\/index.php\/wp-json\/wp\/v2\/categories?post=181851"},{"taxonomy":"post_tag","embeddable":true,"href":"http:\/\/cordobainforma.info\/index.php\/wp-json\/wp\/v2\/tags?post=181851"}],"curies":[{"name":"wp","href":"https:\/\/api.w.org\/{rel}","templated":true}]}}