{"id":181839,"date":"2026-01-16T18:38:22","date_gmt":"2026-01-16T18:38:22","guid":{"rendered":"http:\/\/cordobainforma.info\/index.php\/2026\/01\/16\/llego-el-primer-lote-de-maiz-radio-continental\/"},"modified":"2026-01-16T18:38:22","modified_gmt":"2026-01-16T18:38:22","slug":"llego-el-primer-lote-de-maiz-radio-continental","status":"publish","type":"post","link":"http:\/\/cordobainforma.info\/index.php\/2026\/01\/16\/llego-el-primer-lote-de-maiz-radio-continental\/","title":{"rendered":"\u00a1Lleg\u00f3 el primer lote de ma\u00edz! &#8211; Radio Continental"},"content":{"rendered":"<p>&#8230; a la Bolsa de Cereales de <b>C\u00f3rdoba<\/b>, el 1\u00b0 lote del cultivo para el remate de la cosecha 2025\/2026, que marca el inicio de una <b>nueva<\/b> campa\u00f1a agr\u00edcola. <\/p>\n","protected":false},"excerpt":{"rendered":"<p>&#8230; a la Bolsa de Cereales de C\u00f3rdoba, el 1\u00b0 lote del cultivo para el remate de la cosecha 2025\/2026, que marca el inicio de una nueva campa\u00f1a agr\u00edcola.<\/p>\n","protected":false},"author":1,"featured_media":0,"comment_status":"closed","ping_status":"closed","sticky":false,"template":"","format":"standard","meta":[],"categories":[23],"tags":[],"_links":{"self":[{"href":"http:\/\/cordobainforma.info\/index.php\/wp-json\/wp\/v2\/posts\/181839"}],"collection":[{"href":"http:\/\/cordobainforma.info\/index.php\/wp-json\/wp\/v2\/posts"}],"about":[{"href":"http:\/\/cordobainforma.info\/index.php\/wp-json\/wp\/v2\/types\/post"}],"author":[{"embeddable":true,"href":"http:\/\/cordobainforma.info\/index.php\/wp-json\/wp\/v2\/users\/1"}],"replies":[{"embeddable":true,"href":"http:\/\/cordobainforma.info\/index.php\/wp-json\/wp\/v2\/comments?post=181839"}],"version-history":[{"count":0,"href":"http:\/\/cordobainforma.info\/index.php\/wp-json\/wp\/v2\/posts\/181839\/revisions"}],"wp:attachment":[{"href":"http:\/\/cordobainforma.info\/index.php\/wp-json\/wp\/v2\/media?parent=181839"}],"wp:term":[{"taxonomy":"category","embeddable":true,"href":"http:\/\/cordobainforma.info\/index.php\/wp-json\/wp\/v2\/categories?post=181839"},{"taxonomy":"post_tag","embeddable":true,"href":"http:\/\/cordobainforma.info\/index.php\/wp-json\/wp\/v2\/tags?post=181839"}],"curies":[{"name":"wp","href":"https:\/\/api.w.org\/{rel}","templated":true}]}}